{"id":64059,"date":"2025-03-17T15:24:20","date_gmt":"2025-03-17T21:24:20","guid":{"rendered":"https:\/\/mediagroup.mx\/?p=64059"},"modified":"2025-03-17T15:24:20","modified_gmt":"2025-03-17T21:24:20","slug":"ya-dejenlo-en-paz-claudia-sheinbaum","status":"publish","type":"post","link":"https:\/\/mediagroup.mx\/index.php\/2025\/03\/17\/ya-dejenlo-en-paz-claudia-sheinbaum\/","title":{"rendered":"\u201cYa d\u00e9jenlo en paz\u201d: Claudia Sheinbaum"},"content":{"rendered":"<p class=\"s5\"><span class=\"s4\">LIBRE EXPRESI\u00d3N\u2026<\/span><\/p>\n<p class=\"s5\"><span class=\"s6\">Por: Carlos Alberto Monge Monta\u00f1o.<\/span><\/p>\n<p class=\"s9\"><span class=\"s8\"><span class=\"bumpedFont15\">\u201c<\/span><\/span><span class=\"s8\"><span class=\"bumpedFont15\">Ya d\u00e9jenlo en paz<\/span><\/span><span class=\"s8\"><span class=\"bumpedFont15\">\u201d<\/span><\/span><span class=\"s8\"><span class=\"bumpedFont15\">:<\/span><\/span><span class=\"s8\"><span class=\"bumpedFont15\"> Claudia Sheinbaum<\/span><\/span><\/p>\n<p class=\"s9\"><span class=\"s10\"><span class=\"bumpedFont15\">\u201c<\/span><\/span><span class=\"s10\"><span class=\"bumpedFont15\">Si no peleas por acabar con la corrupci\u00f3n y podredumbre, acabras siendo parte de ellas\u201d.<\/span><\/span> <span class=\"s10\"><span class=\"bumpedFont15\">Joan B<\/span><\/span><span class=\"s10\"><span class=\"bumpedFont15\">\u00e1<\/span><\/span><span class=\"s10\"><span class=\"bumpedFont15\">ez<\/span><\/span><span class=\"s10\"><span class=\"bumpedFont15\"> (1<\/span><\/span><span class=\"s10\"><span class=\"bumpedFont15\">941<\/span><\/span><span class=\"s10\"><span class=\"bumpedFont15\"> \u2013 <\/span><\/span><span class=\"s10\"><span class=\"bumpedFont15\">\u00bf?<\/span><\/span><span class=\"s10\"><span class=\"bumpedFont15\">) <\/span><\/span><span class=\"s10\"><span class=\"bumpedFont15\">Cantante<\/span><\/span><span class=\"s10\"><span class=\"bumpedFont15\">, compositora y activista <\/span><\/span><span class=\"s10\"><span class=\"bumpedFont15\">estadounidense.<\/span><\/span><\/p>\n<p class=\"s9\"><span class=\"s11\"><span class=\"bumpedFont15\">La presidenta de M\u00e9xico<\/span><\/span><span class=\"s11\"><span class=\"bumpedFont15\">, Claudia Sheinbaum Pardo <\/span><\/span><span class=\"s11\"><span class=\"bumpedFont15\">confirm\u00f3 que es la dama de hielo como la calificaron en los debates del a\u00f1o pasado, lo \u00fanico que evidentemente le duele es que le critiquen a su jefe, lo \u00fanico que la descompone es que llamen narcopresidente a Andr\u00e9s Manuel L\u00f3pez Obrador.<\/span><\/span><\/p>\n<p class=\"s9\"><span class=\"s11\"><span class=\"bumpedFont15\">Tras el hallazgo de lo que podr\u00eda ser una narcofosa o centr<\/span><\/span><span class=\"s11\"><span class=\"bumpedFont15\">o de adiestramiento y exterminio en el rancho <\/span><\/span><span class=\"s2\"><span class=\"bumpedFont15\">Izaguirre\u00a0en Teuchitl\u00e1n, Jalisco,<\/span><\/span><span class=\"s2\"><span class=\"bumpedFont15\"> Sheinbaum Pardo ni se inmut\u00f3. Trat\u00f3 de lavarse r\u00e1pido las manos.<\/span><\/span><\/p>\n<p class=\"s9\"><span class=\"s11\"><span class=\"bumpedFont15\">Con la defensa f\u00e9rrea a su <\/span><\/span><span class=\"s11\"><span class=\"bumpedFont15\">superior<\/span><\/span><span class=\"s11\"><span class=\"bumpedFont15\"> ante las cr\u00edticas de los que llam\u00f3 \u201ccoment\u00f3cratas\u201d, la <\/span><\/span><span class=\"s11\"><span class=\"bumpedFont15\">D<\/span><\/span><span class=\"s11\"><span class=\"bumpedFont15\">octora se\u00f1al\u00f3: \u201ct<\/span><\/span><span class=\"s2\"><span class=\"bumpedFont15\">odos otra vez contra el presidente L\u00f3pez Obrador, cuando adem\u00e1s ah\u00ed, quien ten\u00eda resguardado el predio era la Fiscal\u00eda Estatal<\/span><\/span><span class=\"s2\"><span class=\"bumpedFont15\">\u201d<\/span><\/span><span class=\"s2\"><span class=\"bumpedFont15\">.<\/span><\/span><\/p>\n<p class=\"s9\"><span class=\"s2\"><span class=\"bumpedFont15\">Fue m\u00e1s all\u00e1. Con un claro menosprecio <\/span><\/span><span class=\"s2\"><span class=\"bumpedFont15\">de la informaci\u00f3n que se ha dado a conocer<\/span><\/span><span class=\"s2\"><span class=\"bumpedFont15\"> y de los testigos que est\u00e1n dispuestos a declar<\/span><\/span><span class=\"s2\"><span class=\"bumpedFont15\">ar, como lo <\/span><\/span><span class=\"s2\"><span class=\"bumpedFont15\">inform\u00f3<\/span><\/span><span class=\"s2\"><span class=\"bumpedFont15\"> el Colectivo Guerreros Buscadores<\/span><\/span><span class=\"s2\"><span class=\"bumpedFont15\">, Shinbaum Pardo <\/span><\/span><span class=\"s2\"><span class=\"bumpedFont15\">se\u00f1al\u00f3 que \u201c<\/span><\/span><span class=\"s2\"><span class=\"bumpedFont15\">este caso en particular del que hablan de qui<\/span><\/span><span class=\"s2\"><span class=\"bumpedFont15\">en<\/span><\/span><span class=\"s2\"><span class=\"bumpedFont15\">sabe cuanta cosa que hay en el predio a partir de una fotograf\u00eda<\/span><\/span><span class=\"s2\"><span class=\"bumpedFont15\">\u2026<\/span><\/span><span class=\"s2\"><span class=\"bumpedFont15\"> y de algunos testimonios\u201d.<\/span><\/span><\/p>\n<p class=\"s9\"><span class=\"s11\"><span class=\"bumpedFont15\">Descompuesta por la cr\u00edtica a su jefe, la Presidenta remat<\/span><\/span><span class=\"s11\"><span class=\"bumpedFont15\">\u00f3<\/span><\/span><span class=\"s11\"><span class=\"bumpedFont15\"> \u201c<\/span><\/span><span class=\"s11\"><span class=\"bumpedFont15\">a<\/span><\/span><span class=\"s2\"><span class=\"bumpedFont15\">yer creo que vi que narcopresidente AMLO<\/span><\/span><span class=\"s2\"><span class=\"bumpedFont15\">.<\/span><\/span><span class=\"s2\"><span class=\"bumpedFont15\"> \u00a1Ya d\u00e9jenlo en paz! Todos otra vez contra el presidente L\u00f3pez Obrador\u201d.<\/span><\/span><\/p>\n<p class=\"s9\"><span class=\"s11\"><span class=\"bumpedFont15\">Las narcofosas que se han ido descubriendo por todo el pa\u00eds, <\/span><\/span><span class=\"s11\"><span class=\"bumpedFont15\">el constante crecimiento de<\/span><\/span><span class=\"s11\"><span class=\"bumpedFont15\"> desaparecidos<\/span><\/span><span class=\"s11\"><span class=\"bumpedFont15\">, la<\/span><\/span><span class=\"s11\"><span class=\"bumpedFont15\">s<\/span><\/span><span class=\"s11\"><span class=\"bumpedFont15\"> s\u00fapli<\/span><\/span><span class=\"s11\"><span class=\"bumpedFont15\">cas de madres, padres, familiares y amigos buscadores, nada inmuta a Claudia Sheinbaum, s\u00f3lo que le critiquen al jefe. Y se dice humanista.<\/span><\/span><\/p>\n<p class=\"s9\"><span class=\"s11\"><span class=\"bumpedFont15\">No conforme, la Presidenta <\/span><\/span><span class=\"s11\"><span class=\"bumpedFont15\">critic\u00f3; \u201ce<\/span><\/span><span class=\"s2\"><span class=\"bumpedFont15\">so s\u00ed, a la oposici\u00f3n ya se les olvid\u00f3 Garc\u00eda Luna, ya se les olvid\u00f3 la guerra contra el narco, ya se les olvid\u00f3 Felipe Calder\u00f3n. El \u00fanico detenido de un gobierno, funcionario p\u00fablico, es Garc\u00eda Luna\u201d. <\/span><\/span><\/p>\n<p class=\"s9\"><span class=\"s11\"><span class=\"bumpedFont15\">De ese tama\u00f1o su contradicci\u00f3n. Se enoja porque le critican a L\u00f3pez Obrador y pide que ya lo dejen em paz, cuando ellos han sido in<\/span><\/span><span class=\"s11\"><span class=\"bumpedFont15\">capaces de <\/span><\/span><span class=\"s11\"><span class=\"bumpedFont15\">dejar de <\/span><\/span><span class=\"s11\"><span class=\"bumpedFont15\">usar como pretexto al gobierno de Felipe Calder\u00f3n, porque a Enrique Pe\u00f1a Nieto, no lo tocan ni con el p\u00e9talo de un se\u00f1alamiento.<\/span><\/span><\/p>\n<p class=\"s9\"><span class=\"s11\"><span class=\"bumpedFont15\">Asevera que <\/span><\/span><span class=\"s11\"><span class=\"bumpedFont15\">sus opositores <\/span><\/span><span class=\"s11\"><span class=\"bumpedFont15\">se olvidaron de la \u201cguerra contra el narco\u201d, pero Claudia Sheinbaum <\/span><\/span><span class=\"s11\"><span class=\"bumpedFont15\">quiere <\/span><\/span><span class=\"s11\"><span class=\"bumpedFont15\">olvida<\/span><\/span><span class=\"s11\"><span class=\"bumpedFont15\">r y que olvidemos todos <\/span><\/span><span class=\"s11\"><span class=\"bumpedFont15\">que el gobierno de L\u00f3pez Obrador impuso r\u00e9cord en muertes violentas<\/span><\/span><span class=\"s11\"><span class=\"bumpedFont15\">,<\/span><\/span> <span class=\"s11\"><span class=\"bumpedFont15\">casi 200 mil, 80 mil m\u00e1s que en el sexenio de Calder\u00f3n Hinojosa. <\/span><\/span><\/p>\n<p class=\"s9\"><span class=\"s11\"><span class=\"bumpedFont15\">Peor a\u00fan, <\/span><\/span><span class=\"s11\"><span class=\"bumpedFont15\">Andr\u00e9s Manuel<\/span><\/span><span class=\"s11\"><span class=\"bumpedFont15\"> permiti\u00f3 el empoderamiento de los criminales con su \u201cabrazos y no balazo<\/span><\/span><span class=\"s11\"><span class=\"bumpedFont15\">s\u201d<\/span><\/span><span class=\"s11\"><span class=\"bumpedFont15\">, abogaba por <\/span><\/span><span class=\"s11\"><span class=\"bumpedFont15\">sus<\/span><\/span><span class=\"s11\"><span class=\"bumpedFont15\"> derechos y les hablaba de usted.<\/span><\/span><\/p>\n<p class=\"s9\"><span class=\"s11\"><span class=\"bumpedFont15\">Donde la asiste la raz\u00f3n a la Presidenta, es que lamentablemente a la fecha, s\u00f3lo Garc\u00eda Luna est\u00e1 detenido cuando tendr\u00edan que ser decenas sino es que centenas de funcionarios y exfuncionarios que tendr\u00edan que estar en la c\u00e1rcel por corruptos y por sus v\u00ednculos criminales.<\/span><\/span><\/p>\n<p class=\"s9\"><span class=\"s11\"><span class=\"bumpedFont15\">Y claro, entre esos pol\u00edticos que han pasado por la administraci\u00f3n p\u00fablica<\/span><\/span><span class=\"s11\"><span class=\"bumpedFont15\"> y que tendr\u00edan que rendir cuentas a los mexicanos, abundan los de Morena y no tengo dudas que el m\u00e1ximo corru<\/span><\/span><span class=\"s11\"><span class=\"bumpedFont15\">pto y sospechoso de v\u00ednculos con criminales es Andr\u00e9s Manuel L\u00f3pez Obrador.<\/span><\/span><\/p>\n<p class=\"s9\"><span class=\"s11\"><span class=\"bumpedFont15\">De ese tama\u00f1o el pragmatismo y el cinismo de la clase pol\u00edtica empoderada. As\u00ed la frialdad de la humanista Claudia Sheinbaum,<\/span><\/span><\/p>\n<p class=\"s9\"><span class=\"s11\"><span class=\"bumpedFont15\">Lamentablemente el dolor seguir\u00e1. Las madres, padres, familiares y amigos buscadores seguir\u00e1n encontrando fosas clandestinas <\/span><\/span><span class=\"s11\"><span class=\"bumpedFont15\">por <\/span><\/span><span class=\"s11\"><span class=\"bumpedFont15\">todo el pa\u00eds y Michoac\u00e1n no es la excepci\u00f3n. Te<\/span><\/span><span class=\"s11\"><span class=\"bumpedFont15\">r<\/span><\/span><span class=\"s11\"><span class=\"bumpedFont15\">riblem<\/span><\/span><span class=\"s11\"><span class=\"bumpedFont15\">e<\/span><\/span><span class=\"s11\"><span class=\"bumpedFont15\">nt<\/span><\/span><span class=\"s11\"><span class=\"bumpedFont15\">e<\/span><\/span><span class=\"s11\"><span class=\"bumpedFont15\"> a la par encontra<\/span><\/span><span class=\"s11\"><span class=\"bumpedFont15\">ran pretextos y la frialdad de los gobiernos en turno.<\/span><\/span><\/p>\n<p class=\"s9\"><span class=\"s11\"><span class=\"bumpedFont15\">Este viernes 14 de marzo, Claudia Sheinbaum dej\u00f3 c<\/span><\/span><span class=\"s11\"><span class=\"bumpedFont15\">laro <\/span><\/span><span class=\"s11\"><span class=\"bumpedFont15\">que <\/span><\/span><span class=\"s11\"><span class=\"bumpedFont15\">lo \u00fanico que realmente le molesta es que le critiquen a su jefe L\u00f3pez Obrador, por m\u00e1s incomprensible que eso resulte<\/span><\/span><span class=\"s11\"><span class=\"bumpedFont15\">.<\/span><\/span><\/p>\n<p class=\"s9\"><span class=\"s2\"><span class=\"bumpedFont15\">Con la esperanza de que haya una pr\u00f3xima vez\u2026 me <\/span><\/span><span class=\"s2\"><span class=\"bumpedFont15\">d<\/span><\/span><span class=\"s2\"><span class=\"bumpedFont15\">espido, gracias.<\/span><\/span><\/p>\n<p class=\"s9\">\n","protected":false},"excerpt":{"rendered":"<p>LIBRE EXPRESI\u00d3N\u2026 Por: Carlos Alberto Monge Monta\u00f1o. \u201cYa d\u00e9jenlo en paz\u201d: Claudia Sheinbaum \u201cSi no peleas por acabar con la corrupci\u00f3n y podredumbre, acabras siendo parte de ellas\u201d. Joan B\u00e1ez (1941 \u2013 \u00bf?) Cantante, compositora y activista estadounidense. La presidenta de M\u00e9xico, Claudia Sheinbaum Pardo confirm\u00f3 que es la dama de hielo como la calificaron [&hellip;]<\/p>\n","protected":false},"author":2,"featured_media":64061,"comment_status":"closed","ping_status":"closed","sticky":false,"template":"","format":"standard","meta":{"om_disable_all_campaigns":false,"_monsterinsights_skip_tracking":false,"_monsterinsights_sitenote_active":false,"_monsterinsights_sitenote_note":"","_monsterinsights_sitenote_category":0,"_uf_show_specific_survey":0,"_uf_disable_surveys":false,"_jetpack_memberships_contains_paid_content":false,"footnotes":"","jetpack_publicize_message":"#LibreExpresi\u00f3n \u201cYa d\u00e9jenlo en paz\u201d: Claudia Sheinbaum.\r\nPor: Carlos Monge","jetpack_publicize_feature_enabled":true,"jetpack_social_post_already_shared":true,"jetpack_social_options":{"image_generator_settings":{"template":"highway","default_image_id":0,"enabled":false},"version":2}},"categories":[15],"tags":[],"class_list":{"0":"post-64059","1":"post","2":"type-post","3":"status-publish","4":"format-standard","5":"has-post-thumbnail","7":"category-michoacan"},"aioseo_notices":[],"jetpack_publicize_connections":[],"jetpack_featured_media_url":"https:\/\/mediagroup.mx\/wp-content\/uploads\/2025\/03\/0f62ef1f-42dc-4575-bfcc-fc57916dfce2.jpeg","jetpack_sharing_enabled":true,"_links":{"self":[{"href":"https:\/\/mediagroup.mx\/index.php\/wp-json\/wp\/v2\/posts\/64059","targetHints":{"allow":["GET"]}}],"collection":[{"href":"https:\/\/mediagroup.mx\/index.php\/wp-json\/wp\/v2\/posts"}],"about":[{"href":"https:\/\/mediagroup.mx\/index.php\/wp-json\/wp\/v2\/types\/post"}],"author":[{"embeddable":true,"href":"https:\/\/mediagroup.mx\/index.php\/wp-json\/wp\/v2\/users\/2"}],"replies":[{"embeddable":true,"href":"https:\/\/mediagroup.mx\/index.php\/wp-json\/wp\/v2\/comments?post=64059"}],"version-history":[{"count":1,"href":"https:\/\/mediagroup.mx\/index.php\/wp-json\/wp\/v2\/posts\/64059\/revisions"}],"predecessor-version":[{"id":64062,"href":"https:\/\/mediagroup.mx\/index.php\/wp-json\/wp\/v2\/posts\/64059\/revisions\/64062"}],"wp:featuredmedia":[{"embeddable":true,"href":"https:\/\/mediagroup.mx\/index.php\/wp-json\/wp\/v2\/media\/64061"}],"wp:attachment":[{"href":"https:\/\/mediagroup.mx\/index.php\/wp-json\/wp\/v2\/media?parent=64059"}],"wp:term":[{"taxonomy":"category","embeddable":true,"href":"https:\/\/mediagroup.mx\/index.php\/wp-json\/wp\/v2\/categories?post=64059"},{"taxonomy":"post_tag","embeddable":true,"href":"https:\/\/mediagroup.mx\/index.php\/wp-json\/wp\/v2\/tags?post=64059"}],"curies":[{"name":"wp","href":"https:\/\/api.w.org\/{rel}","templated":true}]}}