{"id":64092,"date":"2025-03-18T09:18:19","date_gmt":"2025-03-18T15:18:19","guid":{"rendered":"https:\/\/mediagroup.mx\/?p=64092"},"modified":"2025-03-18T09:18:19","modified_gmt":"2025-03-18T15:18:19","slug":"el-presidente-municipal-alexis-velazquez-inaugura-la-rehabilitacion-de-la-calle-agustin-melgar","status":"publish","type":"post","link":"https:\/\/mediagroup.mx\/index.php\/2025\/03\/18\/el-presidente-municipal-alexis-velazquez-inaugura-la-rehabilitacion-de-la-calle-agustin-melgar\/","title":{"rendered":"El presidente municipal Alexis Vel\u00e1zquez inaugura la rehabilitaci\u00f3n de la calle Agust\u00edn Melgar"},"content":{"rendered":"<p>Con el compromiso de mejorar la infraestructura vial y responder a las necesidades de la ciudadan\u00eda, el presidente municipal de Huandacareo, Alexis Vel\u00e1zquez, encabez\u00f3 la inauguraci\u00f3n de la rehabilitaci\u00f3n de la calle Agust\u00edn Melgar, una obra esperada por las y los vecinos debido al avanzado deterioro que presentaba.<\/p>\n<p>A diferencia de la administraci\u00f3n anterior, que hab\u00eda condicionado la reparaci\u00f3n de la vialidad a una aportaci\u00f3n econ\u00f3mica de los habitantes, el actual Gobierno de Huandacareo absorbi\u00f3 en su totalidad los costos de la obra, reafirmando su compromiso de atender las necesidades de la poblaci\u00f3n sin afectar su econom\u00eda.<\/p>\n<p>Durante el evento, el alcalde destac\u00f3 la importancia de esta obra, que se llev\u00f3 a cabo en un periodo de seis meses y que ahora brinda una mejor movilidad, mayor seguridad y una mejor calidad de vida a las familias de la zona y a todos los ni\u00f1os que asisten a la escuela primaria \u201cDefensores de Huandacareo\u201d.<\/p>\n<p>_\u00bbSabemos que esta calle era una prioridad para los vecinos y los estudiante de la escuela primaria que transitan ah\u00ed, y hoy podemos decir con orgullo que cumplimos con nuestra palabra. Esta es una muestra de que en nuestra administraci\u00f3n trabajamos con hechos, no con condicionamientos. Seguiremos impulsando proyectos que realmente beneficien a nuestra comunidad\u201d_, expres\u00f3 el presidente municipal.<\/p>\n<p>Las y los habitantes de la calle Agust\u00edn Melgar, as\u00ed como los padres de familia que transitan con sus hijos a la primaria, agradecieron al Gobierno Municipal por atender esta demanda y realizar una rehabilitaci\u00f3n integral que garantiza la durabilidad y calidad de la vialidad.<\/p>\n<p>Con acciones como esta, la administraci\u00f3n de Alexis Vel\u00e1zquez contin\u00faa trabajando para transformar Huandacareo en un municipio con mejores servicios y una infraestructura que beneficie a todas y todos.<\/p>\n","protected":false},"excerpt":{"rendered":"<p>Con el compromiso de mejorar la infraestructura vial y responder a las necesidades de la ciudadan\u00eda, el presidente municipal de Huandacareo, Alexis Vel\u00e1zquez, encabez\u00f3 la inauguraci\u00f3n de la rehabilitaci\u00f3n de la calle Agust\u00edn Melgar, una obra esperada por las y los vecinos debido al avanzado deterioro que presentaba. A diferencia de la administraci\u00f3n anterior, que [&hellip;]<\/p>\n","protected":false},"author":2,"featured_media":64093,"comment_status":"closed","ping_status":"closed","sticky":false,"template":"","format":"standard","meta":{"om_disable_all_campaigns":false,"_monsterinsights_skip_tracking":false,"_monsterinsights_sitenote_active":false,"_monsterinsights_sitenote_note":"","_monsterinsights_sitenote_category":0,"_uf_show_specific_survey":0,"_uf_disable_surveys":false,"_jetpack_memberships_contains_paid_content":false,"footnotes":"","jetpack_publicize_message":"El presidente municipal Alexis Vel\u00e1zquez inaugura la rehabilitaci\u00f3n de la calle Agust\u00edn Melgar","jetpack_publicize_feature_enabled":true,"jetpack_social_post_already_shared":true,"jetpack_social_options":{"image_generator_settings":{"template":"highway","default_image_id":0,"enabled":false},"version":2}},"categories":[15],"tags":[],"class_list":{"0":"post-64092","1":"post","2":"type-post","3":"status-publish","4":"format-standard","5":"has-post-thumbnail","7":"category-michoacan"},"aioseo_notices":[],"jetpack_publicize_connections":[],"jetpack_featured_media_url":"https:\/\/mediagroup.mx\/wp-content\/uploads\/2025\/03\/5e015f2d-0287-45a9-8979-30135cc3b37e-scaled.jpeg","jetpack_sharing_enabled":true,"_links":{"self":[{"href":"https:\/\/mediagroup.mx\/index.php\/wp-json\/wp\/v2\/posts\/64092","targetHints":{"allow":["GET"]}}],"collection":[{"href":"https:\/\/mediagroup.mx\/index.php\/wp-json\/wp\/v2\/posts"}],"about":[{"href":"https:\/\/mediagroup.mx\/index.php\/wp-json\/wp\/v2\/types\/post"}],"author":[{"embeddable":true,"href":"https:\/\/mediagroup.mx\/index.php\/wp-json\/wp\/v2\/users\/2"}],"replies":[{"embeddable":true,"href":"https:\/\/mediagroup.mx\/index.php\/wp-json\/wp\/v2\/comments?post=64092"}],"version-history":[{"count":1,"href":"https:\/\/mediagroup.mx\/index.php\/wp-json\/wp\/v2\/posts\/64092\/revisions"}],"predecessor-version":[{"id":64095,"href":"https:\/\/mediagroup.mx\/index.php\/wp-json\/wp\/v2\/posts\/64092\/revisions\/64095"}],"wp:featuredmedia":[{"embeddable":true,"href":"https:\/\/mediagroup.mx\/index.php\/wp-json\/wp\/v2\/media\/64093"}],"wp:attachment":[{"href":"https:\/\/mediagroup.mx\/index.php\/wp-json\/wp\/v2\/media?parent=64092"}],"wp:term":[{"taxonomy":"category","embeddable":true,"href":"https:\/\/mediagroup.mx\/index.php\/wp-json\/wp\/v2\/categories?post=64092"},{"taxonomy":"post_tag","embeddable":true,"href":"https:\/\/mediagroup.mx\/index.php\/wp-json\/wp\/v2\/tags?post=64092"}],"curies":[{"name":"wp","href":"https:\/\/api.w.org\/{rel}","templated":true}]}}