{"id":64125,"date":"2025-03-16T09:38:54","date_gmt":"2025-03-16T15:38:54","guid":{"rendered":"https:\/\/mediagroup.mx\/?p=64125"},"modified":"2025-03-18T09:40:57","modified_gmt":"2025-03-18T15:40:57","slug":"identifican-a-los-3-soldados-muertos-en-emboscada-de-chilchota","status":"publish","type":"post","link":"https:\/\/mediagroup.mx\/index.php\/2025\/03\/16\/identifican-a-los-3-soldados-muertos-en-emboscada-de-chilchota\/","title":{"rendered":"Identifican a los 3 soldados muertos en emboscada de Chilchota"},"content":{"rendered":"<p>CHILCHOTA 16\/03\/25<\/p>\n<p>RED 113 MICHOAC\u00c1N\/Redacci\u00f3n<\/p>\n<p>Chilchota, Mich.- 16 de marzo de 2025.- Los soldados que fueron emboscados por criminales en Chilchota, se trasladaban de Zamora a la ciudad de Morelia. El ataque dejo tres oficiales muertos y dos lesionados, seg\u00fan se pudo confirmar con las autoridades.<\/p>\n<p>Cerca de las 19:30 horas los militares circulaba sobre la carretera Nacional Morelia \u2013 Zamora, donde los maleantes arrojaron estrellas ponchallantas, da\u00f1ando un cami\u00f3n tipo Mercedes, cuyo conductor se orill\u00f3 para arreglar los neum\u00e1ticos, momento que fue aprovechado sujetos fuertemente armados que abrieron fuego contra los soldados y enseguida se dieron a la fuga.<\/p>\n<p>En el sitio se presentaron polic\u00edas, as\u00ed como param\u00e9dicos locales mismos que confirmaron el deceso de Antonio Jim\u00e9nez Torruco, cabo de infanter\u00eda, Juan Gregorio Madrigal y Alejandro Ch\u00e1vez soto, ambos soldados de infanter\u00eda, adem\u00e1s los socorristas auxiliaron a dos lesionados y los trasladaron a hospitales de la regi\u00f3n.<\/p>\n<p>El \u00e1rea fue acordonada para que posteriormente especialistas de la Fiscal\u00eda General del Estado emprendiera las actuaciones respectivas.<\/p>\n<p>Esta agresi\u00f3n se suma a los hechos ocurridos previamente en los l\u00edmites de Jalisco y Michoac\u00e1n que dejaron como saldo 2 Guardias Nacionales y un soldado muertos, as\u00ed como dos presuntos agresores abatidos y 7 uniformados heridos, tras enfrentamientos y una serie de bloqueos con quema de veh\u00edculos.<\/p>\n<p><img loading=\"lazy\" decoding=\"async\" class=\"alignnone size-medium wp-image-64126\" src=\"https:\/\/mediagroup.mx\/wp-content\/uploads\/2025\/03\/WhatsApp-Image-2025-03-16-at-10.12.13-PM-1-222x300.jpeg\" alt=\"\" width=\"222\" height=\"300\" srcset=\"https:\/\/mediagroup.mx\/wp-content\/uploads\/2025\/03\/WhatsApp-Image-2025-03-16-at-10.12.13-PM-1-222x300.jpeg 222w, https:\/\/mediagroup.mx\/wp-content\/uploads\/2025\/03\/WhatsApp-Image-2025-03-16-at-10.12.13-PM-1-150x203.jpeg 150w, https:\/\/mediagroup.mx\/wp-content\/uploads\/2025\/03\/WhatsApp-Image-2025-03-16-at-10.12.13-PM-1-300x405.jpeg 300w, https:\/\/mediagroup.mx\/wp-content\/uploads\/2025\/03\/WhatsApp-Image-2025-03-16-at-10.12.13-PM-1.jpeg 640w\" sizes=\"auto, (max-width: 222px) 100vw, 222px\" \/> <img loading=\"lazy\" decoding=\"async\" class=\"alignnone size-medium wp-image-64127\" src=\"https:\/\/mediagroup.mx\/wp-content\/uploads\/2025\/03\/WhatsApp-Image-2025-03-16-at-10.12.13-PM-300x202.jpeg\" alt=\"\" width=\"300\" height=\"202\" srcset=\"https:\/\/mediagroup.mx\/wp-content\/uploads\/2025\/03\/WhatsApp-Image-2025-03-16-at-10.12.13-PM-300x202.jpeg 300w, https:\/\/mediagroup.mx\/wp-content\/uploads\/2025\/03\/WhatsApp-Image-2025-03-16-at-10.12.13-PM-768x517.jpeg 768w, https:\/\/mediagroup.mx\/wp-content\/uploads\/2025\/03\/WhatsApp-Image-2025-03-16-at-10.12.13-PM-150x101.jpeg 150w, https:\/\/mediagroup.mx\/wp-content\/uploads\/2025\/03\/WhatsApp-Image-2025-03-16-at-10.12.13-PM-696x469.jpeg 696w, https:\/\/mediagroup.mx\/wp-content\/uploads\/2025\/03\/WhatsApp-Image-2025-03-16-at-10.12.13-PM.jpeg 800w\" sizes=\"auto, (max-width: 300px) 100vw, 300px\" \/><\/p>\n","protected":false},"excerpt":{"rendered":"<p>CHILCHOTA 16\/03\/25 RED 113 MICHOAC\u00c1N\/Redacci\u00f3n Chilchota, Mich.- 16 de marzo de 2025.- Los soldados que fueron emboscados por criminales en Chilchota, se trasladaban de Zamora a la ciudad de Morelia. El ataque dejo tres oficiales muertos y dos lesionados, seg\u00fan se pudo confirmar con las autoridades. Cerca de las 19:30 horas los militares circulaba sobre [&hellip;]<\/p>\n","protected":false},"author":2,"featured_media":64126,"comment_status":"closed","ping_status":"closed","sticky":false,"template":"","format":"standard","meta":{"om_disable_all_campaigns":false,"_monsterinsights_skip_tracking":false,"_monsterinsights_sitenote_active":false,"_monsterinsights_sitenote_note":"","_monsterinsights_sitenote_category":0,"_uf_show_specific_survey":0,"_uf_disable_surveys":false,"_jetpack_memberships_contains_paid_content":false,"footnotes":"","jetpack_publicize_message":"","jetpack_publicize_feature_enabled":true,"jetpack_social_post_already_shared":true,"jetpack_social_options":{"image_generator_settings":{"template":"highway","default_image_id":0,"enabled":false},"version":2}},"categories":[18,15],"tags":[],"class_list":{"0":"post-64125","1":"post","2":"type-post","3":"status-publish","4":"format-standard","5":"has-post-thumbnail","7":"category-internacional","8":"category-michoacan"},"aioseo_notices":[],"jetpack_publicize_connections":[],"jetpack_featured_media_url":"https:\/\/mediagroup.mx\/wp-content\/uploads\/2025\/03\/WhatsApp-Image-2025-03-16-at-10.12.13-PM-1.jpeg","jetpack_sharing_enabled":true,"_links":{"self":[{"href":"https:\/\/mediagroup.mx\/index.php\/wp-json\/wp\/v2\/posts\/64125","targetHints":{"allow":["GET"]}}],"collection":[{"href":"https:\/\/mediagroup.mx\/index.php\/wp-json\/wp\/v2\/posts"}],"about":[{"href":"https:\/\/mediagroup.mx\/index.php\/wp-json\/wp\/v2\/types\/post"}],"author":[{"embeddable":true,"href":"https:\/\/mediagroup.mx\/index.php\/wp-json\/wp\/v2\/users\/2"}],"replies":[{"embeddable":true,"href":"https:\/\/mediagroup.mx\/index.php\/wp-json\/wp\/v2\/comments?post=64125"}],"version-history":[{"count":1,"href":"https:\/\/mediagroup.mx\/index.php\/wp-json\/wp\/v2\/posts\/64125\/revisions"}],"predecessor-version":[{"id":64128,"href":"https:\/\/mediagroup.mx\/index.php\/wp-json\/wp\/v2\/posts\/64125\/revisions\/64128"}],"wp:featuredmedia":[{"embeddable":true,"href":"https:\/\/mediagroup.mx\/index.php\/wp-json\/wp\/v2\/media\/64126"}],"wp:attachment":[{"href":"https:\/\/mediagroup.mx\/index.php\/wp-json\/wp\/v2\/media?parent=64125"}],"wp:term":[{"taxonomy":"category","embeddable":true,"href":"https:\/\/mediagroup.mx\/index.php\/wp-json\/wp\/v2\/categories?post=64125"},{"taxonomy":"post_tag","embeddable":true,"href":"https:\/\/mediagroup.mx\/index.php\/wp-json\/wp\/v2\/tags?post=64125"}],"curies":[{"name":"wp","href":"https:\/\/api.w.org\/{rel}","templated":true}]}}