{"id":64130,"date":"2025-03-16T09:41:29","date_gmt":"2025-03-16T15:41:29","guid":{"rendered":"https:\/\/mediagroup.mx\/?p=64130"},"modified":"2025-03-18T09:43:39","modified_gmt":"2025-03-18T15:43:39","slug":"encuentran-a-masculino-asesinado-en-el-municipio-de-hidalgo","status":"publish","type":"post","link":"https:\/\/mediagroup.mx\/index.php\/2025\/03\/16\/encuentran-a-masculino-asesinado-en-el-municipio-de-hidalgo\/","title":{"rendered":"Encuentran a masculino asesinado en el municipio de Hidalgo"},"content":{"rendered":"<p>&nbsp;<\/p>\n<p>RED 113 MICHOAC\u00c1N\/Redacci\u00f3n<\/p>\n<p>Hidalgo, Mich.- Domingo 16 de marzo de 2025.- Un hombre sin vida y con huellas de violencia fue localizado en una brecha de terracer\u00eda que conecta de la carretera Morelia-Ciudad Hidalgo a la poblaci\u00f3n de La Magoyita, municipio de Hidalgo, indicaron autoridades policiales.<\/p>\n<p>El interfecto fue encontrado durante la noche de este domingo, sujeto que sufri\u00f3 heridas de proyectil de arma de fuego en la cara y en una mano, adem\u00e1s en el suelo hab\u00eda un casquillo percutido.<\/p>\n<p>Al enterarse de la situaci\u00f3n, unos patrulleros arribaron al referido lugar y delimitaron el per\u00edmetro, despu\u00e9s avisaron a la Fiscal\u00eda Regional, cuyos elementos se encargaron de las investigaciones correspondientes y trasladaron el cuerpo a la morgue para la pr\u00e1ctica de la necropsia de ley.<\/p>\n<p>Seg\u00fan las fuentes, el finado no est\u00e1 identificado, \u00e9l ten\u00eda entre 25 y 30 a\u00f1os de edad, era moreno, delgado, vest\u00eda playera roja, pantal\u00f3n de mezclilla azul y tenis color blanco con azul; como se\u00f1a particular se le apreci\u00f3 un tatuaje de la santa muerte en antebrazo derecho.<\/p>\n<p><img loading=\"lazy\" decoding=\"async\" class=\"alignnone size-medium wp-image-64131\" src=\"https:\/\/mediagroup.mx\/wp-content\/uploads\/2025\/03\/WhatsApp-Image-2025-03-16-at-10.57.52-PM-300x135.jpeg\" alt=\"\" width=\"300\" height=\"135\" srcset=\"https:\/\/mediagroup.mx\/wp-content\/uploads\/2025\/03\/WhatsApp-Image-2025-03-16-at-10.57.52-PM-300x135.jpeg 300w, https:\/\/mediagroup.mx\/wp-content\/uploads\/2025\/03\/WhatsApp-Image-2025-03-16-at-10.57.52-PM-1024x460.jpeg 1024w, https:\/\/mediagroup.mx\/wp-content\/uploads\/2025\/03\/WhatsApp-Image-2025-03-16-at-10.57.52-PM-768x345.jpeg 768w, https:\/\/mediagroup.mx\/wp-content\/uploads\/2025\/03\/WhatsApp-Image-2025-03-16-at-10.57.52-PM-1536x690.jpeg 1536w, https:\/\/mediagroup.mx\/wp-content\/uploads\/2025\/03\/WhatsApp-Image-2025-03-16-at-10.57.52-PM-150x67.jpeg 150w, https:\/\/mediagroup.mx\/wp-content\/uploads\/2025\/03\/WhatsApp-Image-2025-03-16-at-10.57.52-PM-696x313.jpeg 696w, https:\/\/mediagroup.mx\/wp-content\/uploads\/2025\/03\/WhatsApp-Image-2025-03-16-at-10.57.52-PM-1068x480.jpeg 1068w, https:\/\/mediagroup.mx\/wp-content\/uploads\/2025\/03\/WhatsApp-Image-2025-03-16-at-10.57.52-PM.jpeg 1600w\" sizes=\"auto, (max-width: 300px) 100vw, 300px\" \/><\/p>\n","protected":false},"excerpt":{"rendered":"<p>&nbsp; RED 113 MICHOAC\u00c1N\/Redacci\u00f3n Hidalgo, Mich.- Domingo 16 de marzo de 2025.- Un hombre sin vida y con huellas de violencia fue localizado en una brecha de terracer\u00eda que conecta de la carretera Morelia-Ciudad Hidalgo a la poblaci\u00f3n de La Magoyita, municipio de Hidalgo, indicaron autoridades policiales. El interfecto fue encontrado durante la noche de [&hellip;]<\/p>\n","protected":false},"author":2,"featured_media":64132,"comment_status":"closed","ping_status":"closed","sticky":false,"template":"","format":"standard","meta":{"om_disable_all_campaigns":false,"_monsterinsights_skip_tracking":false,"_monsterinsights_sitenote_active":false,"_monsterinsights_sitenote_note":"","_monsterinsights_sitenote_category":0,"_uf_show_specific_survey":0,"_uf_disable_surveys":false,"_jetpack_memberships_contains_paid_content":false,"footnotes":"","jetpack_publicize_message":"Encuentran a masculino asesinado en el municipio de Hidalgo\r\n\r\n+ Se le apreciaron heridas de proyectil de arma de fuego.\r\n+ Sucedi\u00f3 en un camino r\u00fastico que conduce a la poblaci\u00f3n de La Magoyita","jetpack_publicize_feature_enabled":true,"jetpack_social_post_already_shared":true,"jetpack_social_options":{"image_generator_settings":{"template":"highway","default_image_id":0,"enabled":false},"version":2}},"categories":[18,15],"tags":[],"class_list":{"0":"post-64130","1":"post","2":"type-post","3":"status-publish","4":"format-standard","5":"has-post-thumbnail","7":"category-internacional","8":"category-michoacan"},"aioseo_notices":[],"jetpack_publicize_connections":[],"jetpack_featured_media_url":"https:\/\/mediagroup.mx\/wp-content\/uploads\/2025\/03\/WhatsApp-Image-2025-03-16-at-10.57.52-PM-1.jpeg","jetpack_sharing_enabled":true,"_links":{"self":[{"href":"https:\/\/mediagroup.mx\/index.php\/wp-json\/wp\/v2\/posts\/64130","targetHints":{"allow":["GET"]}}],"collection":[{"href":"https:\/\/mediagroup.mx\/index.php\/wp-json\/wp\/v2\/posts"}],"about":[{"href":"https:\/\/mediagroup.mx\/index.php\/wp-json\/wp\/v2\/types\/post"}],"author":[{"embeddable":true,"href":"https:\/\/mediagroup.mx\/index.php\/wp-json\/wp\/v2\/users\/2"}],"replies":[{"embeddable":true,"href":"https:\/\/mediagroup.mx\/index.php\/wp-json\/wp\/v2\/comments?post=64130"}],"version-history":[{"count":1,"href":"https:\/\/mediagroup.mx\/index.php\/wp-json\/wp\/v2\/posts\/64130\/revisions"}],"predecessor-version":[{"id":64133,"href":"https:\/\/mediagroup.mx\/index.php\/wp-json\/wp\/v2\/posts\/64130\/revisions\/64133"}],"wp:featuredmedia":[{"embeddable":true,"href":"https:\/\/mediagroup.mx\/index.php\/wp-json\/wp\/v2\/media\/64132"}],"wp:attachment":[{"href":"https:\/\/mediagroup.mx\/index.php\/wp-json\/wp\/v2\/media?parent=64130"}],"wp:term":[{"taxonomy":"category","embeddable":true,"href":"https:\/\/mediagroup.mx\/index.php\/wp-json\/wp\/v2\/categories?post=64130"},{"taxonomy":"post_tag","embeddable":true,"href":"https:\/\/mediagroup.mx\/index.php\/wp-json\/wp\/v2\/tags?post=64130"}],"curies":[{"name":"wp","href":"https:\/\/api.w.org\/{rel}","templated":true}]}}