{"id":64152,"date":"2025-03-17T10:05:14","date_gmt":"2025-03-17T16:05:14","guid":{"rendered":"https:\/\/mediagroup.mx\/?p=64152"},"modified":"2025-03-18T10:07:16","modified_gmt":"2025-03-18T16:07:16","slug":"hombre-es-asesinado-con-varios-disparos-en-la-cabeza-en-jacona","status":"publish","type":"post","link":"https:\/\/mediagroup.mx\/index.php\/2025\/03\/17\/hombre-es-asesinado-con-varios-disparos-en-la-cabeza-en-jacona\/","title":{"rendered":"Hombre es asesinado con varios disparos en la cabeza, en Jacona"},"content":{"rendered":"<p>JACONA 17\/03\/25<\/p>\n<p>RED 113 MICHOAC\u00c1N\/Redacci\u00f3n<\/p>\n<p>Jacona, Mich.- 17 de marzo de 2025.- Un hombre que permanece en calidad de desconocido fue asesinado a balazos, en las inmediaciones de la colonia Los Sabinos, perteneciente a este municipio de Jacona.<\/p>\n<p>Fue durante la tarde de este lunes, cuando los operadores del C5 SITEC recibieron el reporte sobre una persona lesionada por proyectil de arma de fuego, en la calle Los Sabinos a la altura del inmueble n\u00famero 56.<\/p>\n<p>Agentes de los tres niveles de gobierno se trasladaron al lugar donde encontraron a un masculino lesionado tirado bocabajo junto a un canal de aguas negras, por lo que de inmediato solicitaron el apoyo de una ambulancia.<\/p>\n<p>Socorristas de Protecci\u00f3n Civil Municipal llegaron momentos despu\u00e9s y revisaron al susodicho, pero \u00e9ste ya carec\u00eda de signos vitales debido a varios impactos de proyectil de arma de fuego que presentaba en la cabeza.<\/p>\n<p>La zona fue resguardada bajo los protocolos de la cadena de custodia, para que el personal de la Unidad de Servicios Periciales y Escena del Crimen, junto Polic\u00edas Ministeriales procesaran la el \u00e1rea de intervenci\u00f3n para recabar indicios y testimonios con el fin de integrar la respectiva carpeta de investigaci\u00f3n.<\/p>\n<p>Por \u00faltimo, el cad\u00e1ver fue trasladado a las instalaciones del Servicio M\u00e9dico Forense de la ciudad de Zamora para la pr\u00e1ctica de la necropsia de ley, en espera de que sea identificado durante las pr\u00f3ximas horas.<\/p>\n<p>Hasta el momento en lo que va de este mes de marzo en Jacona, se han registrado al menos dos homicidios y adem\u00e1s fueron hallaros restos de dos personas en fosas clandestinas.<br \/>\n04 de marzo. Localizan cad\u00e1ver de mujer y una osamenta, en fosas del Cerro de La Cruz de Jacona.<br \/>\n08 de marzo. Comerciante es ultimado a balazos en la colonia El Bosque de Jacona.<br \/>\n17 de marzo. Hombre es asesinado con varios disparos en la cabeza, en Jacona.<\/p>\n<p><img loading=\"lazy\" decoding=\"async\" class=\"alignnone size-medium wp-image-64153\" src=\"https:\/\/mediagroup.mx\/wp-content\/uploads\/2025\/03\/WhatsApp-Image-2025-03-17-at-9.21.52-PM-300x169.jpeg\" alt=\"\" width=\"300\" height=\"169\" srcset=\"https:\/\/mediagroup.mx\/wp-content\/uploads\/2025\/03\/WhatsApp-Image-2025-03-17-at-9.21.52-PM-300x169.jpeg 300w, https:\/\/mediagroup.mx\/wp-content\/uploads\/2025\/03\/WhatsApp-Image-2025-03-17-at-9.21.52-PM-1024x577.jpeg 1024w, https:\/\/mediagroup.mx\/wp-content\/uploads\/2025\/03\/WhatsApp-Image-2025-03-17-at-9.21.52-PM-768x433.jpeg 768w, https:\/\/mediagroup.mx\/wp-content\/uploads\/2025\/03\/WhatsApp-Image-2025-03-17-at-9.21.52-PM-1536x866.jpeg 1536w, https:\/\/mediagroup.mx\/wp-content\/uploads\/2025\/03\/WhatsApp-Image-2025-03-17-at-9.21.52-PM-150x85.jpeg 150w, https:\/\/mediagroup.mx\/wp-content\/uploads\/2025\/03\/WhatsApp-Image-2025-03-17-at-9.21.52-PM-696x392.jpeg 696w, https:\/\/mediagroup.mx\/wp-content\/uploads\/2025\/03\/WhatsApp-Image-2025-03-17-at-9.21.52-PM-1068x602.jpeg 1068w, https:\/\/mediagroup.mx\/wp-content\/uploads\/2025\/03\/WhatsApp-Image-2025-03-17-at-9.21.52-PM.jpeg 1600w\" sizes=\"auto, (max-width: 300px) 100vw, 300px\" \/> <img loading=\"lazy\" decoding=\"async\" class=\"alignnone size-medium wp-image-64154\" src=\"https:\/\/mediagroup.mx\/wp-content\/uploads\/2025\/03\/WhatsApp-Image-2025-03-17-at-9.21.52-PM-1-300x145.jpeg\" alt=\"\" width=\"300\" height=\"145\" srcset=\"https:\/\/mediagroup.mx\/wp-content\/uploads\/2025\/03\/WhatsApp-Image-2025-03-17-at-9.21.52-PM-1-300x145.jpeg 300w, https:\/\/mediagroup.mx\/wp-content\/uploads\/2025\/03\/WhatsApp-Image-2025-03-17-at-9.21.52-PM-1-1024x494.jpeg 1024w, https:\/\/mediagroup.mx\/wp-content\/uploads\/2025\/03\/WhatsApp-Image-2025-03-17-at-9.21.52-PM-1-768x370.jpeg 768w, https:\/\/mediagroup.mx\/wp-content\/uploads\/2025\/03\/WhatsApp-Image-2025-03-17-at-9.21.52-PM-1-150x72.jpeg 150w, https:\/\/mediagroup.mx\/wp-content\/uploads\/2025\/03\/WhatsApp-Image-2025-03-17-at-9.21.52-PM-1-696x336.jpeg 696w, https:\/\/mediagroup.mx\/wp-content\/uploads\/2025\/03\/WhatsApp-Image-2025-03-17-at-9.21.52-PM-1-1068x515.jpeg 1068w, https:\/\/mediagroup.mx\/wp-content\/uploads\/2025\/03\/WhatsApp-Image-2025-03-17-at-9.21.52-PM-1.jpeg 1495w\" sizes=\"auto, (max-width: 300px) 100vw, 300px\" \/> <img loading=\"lazy\" decoding=\"async\" class=\"alignnone size-medium wp-image-64155\" src=\"https:\/\/mediagroup.mx\/wp-content\/uploads\/2025\/03\/WhatsApp-Image-2025-03-17-at-9.21.51-PM-300x169.jpeg\" alt=\"\" width=\"300\" height=\"169\" srcset=\"https:\/\/mediagroup.mx\/wp-content\/uploads\/2025\/03\/WhatsApp-Image-2025-03-17-at-9.21.51-PM-300x169.jpeg 300w, https:\/\/mediagroup.mx\/wp-content\/uploads\/2025\/03\/WhatsApp-Image-2025-03-17-at-9.21.51-PM-1024x577.jpeg 1024w, https:\/\/mediagroup.mx\/wp-content\/uploads\/2025\/03\/WhatsApp-Image-2025-03-17-at-9.21.51-PM-768x433.jpeg 768w, https:\/\/mediagroup.mx\/wp-content\/uploads\/2025\/03\/WhatsApp-Image-2025-03-17-at-9.21.51-PM-1536x866.jpeg 1536w, https:\/\/mediagroup.mx\/wp-content\/uploads\/2025\/03\/WhatsApp-Image-2025-03-17-at-9.21.51-PM-150x85.jpeg 150w, https:\/\/mediagroup.mx\/wp-content\/uploads\/2025\/03\/WhatsApp-Image-2025-03-17-at-9.21.51-PM-696x392.jpeg 696w, https:\/\/mediagroup.mx\/wp-content\/uploads\/2025\/03\/WhatsApp-Image-2025-03-17-at-9.21.51-PM-1068x602.jpeg 1068w, https:\/\/mediagroup.mx\/wp-content\/uploads\/2025\/03\/WhatsApp-Image-2025-03-17-at-9.21.51-PM.jpeg 1600w\" sizes=\"auto, (max-width: 300px) 100vw, 300px\" \/><\/p>\n","protected":false},"excerpt":{"rendered":"<p>JACONA 17\/03\/25 RED 113 MICHOAC\u00c1N\/Redacci\u00f3n Jacona, Mich.- 17 de marzo de 2025.- Un hombre que permanece en calidad de desconocido fue asesinado a balazos, en las inmediaciones de la colonia Los Sabinos, perteneciente a este municipio de Jacona. Fue durante la tarde de este lunes, cuando los operadores del C5 SITEC recibieron el reporte sobre [&hellip;]<\/p>\n","protected":false},"author":2,"featured_media":64156,"comment_status":"closed","ping_status":"closed","sticky":false,"template":"","format":"standard","meta":{"om_disable_all_campaigns":false,"_monsterinsights_skip_tracking":false,"_monsterinsights_sitenote_active":false,"_monsterinsights_sitenote_note":"","_monsterinsights_sitenote_category":0,"_uf_show_specific_survey":0,"_uf_disable_surveys":false,"_jetpack_memberships_contains_paid_content":false,"footnotes":"","jetpack_publicize_message":"","jetpack_publicize_feature_enabled":true,"jetpack_social_post_already_shared":true,"jetpack_social_options":{"image_generator_settings":{"template":"highway","default_image_id":0,"enabled":false},"version":2}},"categories":[18,15],"tags":[],"class_list":{"0":"post-64152","1":"post","2":"type-post","3":"status-publish","4":"format-standard","5":"has-post-thumbnail","7":"category-internacional","8":"category-michoacan"},"aioseo_notices":[],"jetpack_publicize_connections":[],"jetpack_featured_media_url":"https:\/\/mediagroup.mx\/wp-content\/uploads\/2025\/03\/WhatsApp-Image-2025-03-17-at-9.21.52-PM-2.jpeg","jetpack_sharing_enabled":true,"_links":{"self":[{"href":"https:\/\/mediagroup.mx\/index.php\/wp-json\/wp\/v2\/posts\/64152","targetHints":{"allow":["GET"]}}],"collection":[{"href":"https:\/\/mediagroup.mx\/index.php\/wp-json\/wp\/v2\/posts"}],"about":[{"href":"https:\/\/mediagroup.mx\/index.php\/wp-json\/wp\/v2\/types\/post"}],"author":[{"embeddable":true,"href":"https:\/\/mediagroup.mx\/index.php\/wp-json\/wp\/v2\/users\/2"}],"replies":[{"embeddable":true,"href":"https:\/\/mediagroup.mx\/index.php\/wp-json\/wp\/v2\/comments?post=64152"}],"version-history":[{"count":1,"href":"https:\/\/mediagroup.mx\/index.php\/wp-json\/wp\/v2\/posts\/64152\/revisions"}],"predecessor-version":[{"id":64157,"href":"https:\/\/mediagroup.mx\/index.php\/wp-json\/wp\/v2\/posts\/64152\/revisions\/64157"}],"wp:featuredmedia":[{"embeddable":true,"href":"https:\/\/mediagroup.mx\/index.php\/wp-json\/wp\/v2\/media\/64156"}],"wp:attachment":[{"href":"https:\/\/mediagroup.mx\/index.php\/wp-json\/wp\/v2\/media?parent=64152"}],"wp:term":[{"taxonomy":"category","embeddable":true,"href":"https:\/\/mediagroup.mx\/index.php\/wp-json\/wp\/v2\/categories?post=64152"},{"taxonomy":"post_tag","embeddable":true,"href":"https:\/\/mediagroup.mx\/index.php\/wp-json\/wp\/v2\/tags?post=64152"}],"curies":[{"name":"wp","href":"https:\/\/api.w.org\/{rel}","templated":true}]}}