{"id":64203,"date":"2025-03-18T14:08:47","date_gmt":"2025-03-18T20:08:47","guid":{"rendered":"https:\/\/mediagroup.mx\/?p=64203"},"modified":"2025-03-18T14:10:58","modified_gmt":"2025-03-18T20:10:58","slug":"mc-se-fortalece-y-consolida-como-la-segunda-fuerza-politica-en-mexico-porque-es-la-voz-de-los-ciudadanos-victor-manriquez","status":"publish","type":"post","link":"https:\/\/mediagroup.mx\/index.php\/2025\/03\/18\/mc-se-fortalece-y-consolida-como-la-segunda-fuerza-politica-en-mexico-porque-es-la-voz-de-los-ciudadanos-victor-manriquez\/","title":{"rendered":"MC se fortalece y consolida como la segunda fuerza pol\u00edtica en M\u00e9xico porque es la voz de los ciudadanos: V\u00edctor Manr\u00edquez"},"content":{"rendered":"<p>Al ser la \u00fanica oposici\u00f3n real en el pa\u00eds que defiende los intereses de las y los ciudadanos, Movimiento Ciudadano se consolida como la segunda fuerza pol\u00edtica en el pa\u00eds, afirm\u00f3 V\u00edctor Manr\u00edquez Gonz\u00e1lez, Coordinador Nacional de la Quinta Circunscripci\u00f3n de MC.<\/p>\n<p>Este instituto pol\u00edtico est\u00e1 listo para seguir trabajando como la segunda fuerza pol\u00edtica en el pa\u00eds, con un rumbo claro y propuestas innovadoras, impulsados por la \u00abFuerza Naranja\u00bb, sostuvo tambi\u00e9n el diputado local.<\/p>\n<p>Destac\u00f3 que hace unos d\u00edas sostuvieron asamblea nacional en la que se acordaron importantes acuerdos y se estableci\u00f3 la ruta que impulsar\u00e1n en pr\u00f3ximos d\u00edas, por lo que vienen importantes cosas para Michoac\u00e1n que se dar\u00e1n a conocer en su momento.<\/p>\n<p>La \u00abFuerza Naranja\u00bb se define como el poder de las personas en movimiento, que representa la unidad, valent\u00eda y acci\u00f3n para convertir el futuro. \u00abSomos la fuerza que no se detiene\u00bb y que crece con cada ciudadano que se suma.<\/p>\n<p>V\u00edctor Manr\u00edquez sostuvo que Movimiento Ciudadano ha consolidado su posici\u00f3n y est\u00e1 listo para avanzar hacia el futuro, con una visi\u00f3n clara de un \u00abM\u00e9xico Nuevo\u00bb.<\/p>\n<p>La \u00abFuerza Naranja\u00bb ha sido un concepto clave en la estrategia de Movimiento Ciudadano, enfocada en la unidad y la acci\u00f3n colectiva para lograr cambios significativos en el pa\u00eds siempre del lado de los ciudadanos.<\/p>\n<p><img loading=\"lazy\" decoding=\"async\" class=\"alignnone size-medium wp-image-64205\" src=\"https:\/\/mediagroup.mx\/wp-content\/uploads\/2025\/03\/WhatsApp-Image-2025-03-18-at-10.59.59-AM-300x225.jpeg\" alt=\"\" width=\"300\" height=\"225\" srcset=\"https:\/\/mediagroup.mx\/wp-content\/uploads\/2025\/03\/WhatsApp-Image-2025-03-18-at-10.59.59-AM-300x225.jpeg 300w, https:\/\/mediagroup.mx\/wp-content\/uploads\/2025\/03\/WhatsApp-Image-2025-03-18-at-10.59.59-AM-1024x768.jpeg 1024w, https:\/\/mediagroup.mx\/wp-content\/uploads\/2025\/03\/WhatsApp-Image-2025-03-18-at-10.59.59-AM-768x576.jpeg 768w, https:\/\/mediagroup.mx\/wp-content\/uploads\/2025\/03\/WhatsApp-Image-2025-03-18-at-10.59.59-AM-150x113.jpeg 150w, https:\/\/mediagroup.mx\/wp-content\/uploads\/2025\/03\/WhatsApp-Image-2025-03-18-at-10.59.59-AM-696x522.jpeg 696w, https:\/\/mediagroup.mx\/wp-content\/uploads\/2025\/03\/WhatsApp-Image-2025-03-18-at-10.59.59-AM-1068x801.jpeg 1068w, https:\/\/mediagroup.mx\/wp-content\/uploads\/2025\/03\/WhatsApp-Image-2025-03-18-at-10.59.59-AM.jpeg 1280w\" sizes=\"auto, (max-width: 300px) 100vw, 300px\" \/><\/p>\n","protected":false},"excerpt":{"rendered":"<p>Al ser la \u00fanica oposici\u00f3n real en el pa\u00eds que defiende los intereses de las y los ciudadanos, Movimiento Ciudadano se consolida como la segunda fuerza pol\u00edtica en el pa\u00eds, afirm\u00f3 V\u00edctor Manr\u00edquez Gonz\u00e1lez, Coordinador Nacional de la Quinta Circunscripci\u00f3n de MC. Este instituto pol\u00edtico est\u00e1 listo para seguir trabajando como la segunda fuerza pol\u00edtica [&hellip;]<\/p>\n","protected":false},"author":2,"featured_media":64205,"comment_status":"closed","ping_status":"closed","sticky":false,"template":"","format":"standard","meta":{"om_disable_all_campaigns":false,"_monsterinsights_skip_tracking":false,"_monsterinsights_sitenote_active":false,"_monsterinsights_sitenote_note":"","_monsterinsights_sitenote_category":0,"_uf_show_specific_survey":0,"_uf_disable_surveys":false,"_jetpack_memberships_contains_paid_content":false,"footnotes":"","jetpack_publicize_message":"MC se fortalece y consolida como la segunda fuerza pol\u00edtica en M\u00e9xico porque es la voz de los ciudadanos: V\u00edctor Manr\u00edquez","jetpack_publicize_feature_enabled":true,"jetpack_social_post_already_shared":true,"jetpack_social_options":{"image_generator_settings":{"template":"highway","default_image_id":0,"enabled":false},"version":2}},"categories":[15,63],"tags":[],"class_list":{"0":"post-64203","1":"post","2":"type-post","3":"status-publish","4":"format-standard","5":"has-post-thumbnail","7":"category-michoacan","8":"category-politica"},"aioseo_notices":[],"jetpack_publicize_connections":[],"jetpack_featured_media_url":"https:\/\/mediagroup.mx\/wp-content\/uploads\/2025\/03\/WhatsApp-Image-2025-03-18-at-10.59.59-AM.jpeg","jetpack_sharing_enabled":true,"_links":{"self":[{"href":"https:\/\/mediagroup.mx\/index.php\/wp-json\/wp\/v2\/posts\/64203","targetHints":{"allow":["GET"]}}],"collection":[{"href":"https:\/\/mediagroup.mx\/index.php\/wp-json\/wp\/v2\/posts"}],"about":[{"href":"https:\/\/mediagroup.mx\/index.php\/wp-json\/wp\/v2\/types\/post"}],"author":[{"embeddable":true,"href":"https:\/\/mediagroup.mx\/index.php\/wp-json\/wp\/v2\/users\/2"}],"replies":[{"embeddable":true,"href":"https:\/\/mediagroup.mx\/index.php\/wp-json\/wp\/v2\/comments?post=64203"}],"version-history":[{"count":3,"href":"https:\/\/mediagroup.mx\/index.php\/wp-json\/wp\/v2\/posts\/64203\/revisions"}],"predecessor-version":[{"id":64213,"href":"https:\/\/mediagroup.mx\/index.php\/wp-json\/wp\/v2\/posts\/64203\/revisions\/64213"}],"wp:featuredmedia":[{"embeddable":true,"href":"https:\/\/mediagroup.mx\/index.php\/wp-json\/wp\/v2\/media\/64205"}],"wp:attachment":[{"href":"https:\/\/mediagroup.mx\/index.php\/wp-json\/wp\/v2\/media?parent=64203"}],"wp:term":[{"taxonomy":"category","embeddable":true,"href":"https:\/\/mediagroup.mx\/index.php\/wp-json\/wp\/v2\/categories?post=64203"},{"taxonomy":"post_tag","embeddable":true,"href":"https:\/\/mediagroup.mx\/index.php\/wp-json\/wp\/v2\/tags?post=64203"}],"curies":[{"name":"wp","href":"https:\/\/api.w.org\/{rel}","templated":true}]}}