{"id":64210,"date":"2025-03-18T14:10:05","date_gmt":"2025-03-18T20:10:05","guid":{"rendered":"https:\/\/mediagroup.mx\/?p=64210"},"modified":"2025-03-18T14:10:05","modified_gmt":"2025-03-18T20:10:05","slug":"la-ocde-preve-que-mexico-entre-en-recesion-este-ano-por-los-aranceles-de-trump","status":"publish","type":"post","link":"https:\/\/mediagroup.mx\/index.php\/2025\/03\/18\/la-ocde-preve-que-mexico-entre-en-recesion-este-ano-por-los-aranceles-de-trump\/","title":{"rendered":"La OCDE prev\u00e9 que M\u00e9xico entre en recesi\u00f3n este a\u00f1o por los aranceles de Trump"},"content":{"rendered":"<p class=\"\" style=\"text-align: justify;\">La econom\u00eda de M\u00e9xico tiene todas las papeletas para convertirse en la principal v\u00edctima de la guerra arancelaria desatada por Donald Trump. El Organismo para la Cooperaci\u00f3n y el Desarrollo Econ\u00f3micos (OCDE) as\u00ed lo dibuja en su \u00faltimo informe, publicado este lunes, en el que da un tijeretazo a sus previsiones de crecimiento para el pa\u00eds azteca.\u00a0<a href=\"https:\/\/elpais.com\/mexico\/economia\/2025-03-04\/debilidad-en-la-inversion-caida-del-consumo-y-una-posible-recesion-los-efectos-de-los-aranceles-de-trump-en-mexico.html\" data-link-track-dtm=\"\" data-mrf-link=\"https:\/\/elpais.com\/mexico\/economia\/2025-03-04\/debilidad-en-la-inversion-caida-del-consumo-y-una-posible-recesion-los-efectos-de-los-aranceles-de-trump-en-mexico.html\">Estima que el PIB caiga un 1,3% este a\u00f1o y que en 2026 siga en terreno negativo<\/a>, con una contracci\u00f3n de la actividad del 0,6%. Estas tasas suponen un recorte con respecto a los anteriores pron\u00f3sticos de m\u00e1s de dos puntos en ambos casos. Canad\u00e1, otros de los blancos de las amenazas comerciales lanzadas por el republicano, tambi\u00e9n se ver\u00e1 duramente golpeado: la OCDE ha rebajado sus estimaciones de crecimiento en m\u00e1s de un punto, dej\u00e1ndolas en el 0,7% para este a\u00f1o y el que viene.<\/p>\n<p class=\"\" style=\"text-align: justify;\">Las previsiones de la organizaci\u00f3n multilateral est\u00e1n contenidas en su \u00faltimo informe de perspectivas globales y presuponen que\u00a0<a href=\"https:\/\/elpais.com\/mexico\/economia\/2025-03-13\/mexico-apuesta-por-no-imponer-aranceles-reciprocos-a-ee-uu-para-conseguir-un-nuevo-acuerdo-con-trump.html\" data-link-track-dtm=\"\" data-mrf-link=\"https:\/\/elpais.com\/mexico\/economia\/2025-03-13\/mexico-apuesta-por-no-imponer-aranceles-reciprocos-a-ee-uu-para-conseguir-un-nuevo-acuerdo-con-trump.html\">las barreras comerciales anunciadas por el magnate estadounidense vayan adelante y reciban respuesta por parte de los pa\u00edses afectados.<\/a>\u00a0\u2014de momento, M\u00e9xico no ha contestado a las tarifas sobre el acero y aluminio,\u00a0<a href=\"https:\/\/elpais.com\/internacional\/2025-03-12\/canada-devuelve-el-golpe-a-trump-con-aranceles-de-represalia-por-valor-de-21000-millones-de-dolares.html\" data-link-track-dtm=\"\" data-mrf-link=\"https:\/\/elpais.com\/internacional\/2025-03-12\/canada-devuelve-el-golpe-a-trump-con-aranceles-de-represalia-por-valor-de-21000-millones-de-dolares.html\">a diferencia de Canad\u00e1<\/a>\u2014. EE UU tampoco saldr\u00eda indemne de la contienda: la OCDE reduce al 2,2% su crecimiento para este ejercicio y al 1,6% para el pr\u00f3ximo.<\/p>\n<p class=\"\" style=\"text-align: justify;\">\u201cEn Estados Unidos, Canad\u00e1 y M\u00e9xico, se proyecta una desaceleraci\u00f3n del crecimiento a medida que entren en vigor los aumentos arancelarios. Se prev\u00e9 que los impactos negativos sean particularmente graves en Canad\u00e1 y M\u00e9xico, dada la mayor apertura comercial, la importancia de la relaci\u00f3n bilateral con Estados Unidos y la suposici\u00f3n de que responder\u00e1n plenamente a los aumentos arancelarios bilaterales estadounidenses\u201d, aclara el informe.<\/p>\n<p class=\"\" style=\"text-align: justify;\"><a href=\"https:\/\/elpais.com\/economia\/2025-03-17\/la-ocde-senala-a-espana-como-la-economia-avanzada-que-mas-crecera-este-ano-y-la-que-menos-sufrira-por-la-guerra-arancelaria.html\" data-link-track-dtm=\"\" data-mrf-link=\"https:\/\/elpais.com\/economia\/2025-03-17\/la-ocde-senala-a-espana-como-la-economia-avanzada-que-mas-crecera-este-ano-y-la-que-menos-sufrira-por-la-guerra-arancelaria.html\">Las estimaciones tampoco son halag\u00fce\u00f1as para el resto del mundo.\u00a0<\/a>El PIB global crecer\u00e1 este a\u00f1o menos de lo previsto, un 3,1%, y caer\u00e1 al 3% en 2026 en un contexto marcado por las mayores tensiones comerciales y el riesgo de que la inflaci\u00f3n vuelva a encenderse. No es casualidad que el informe de la OCDE se titule\u00a0<i>C\u00f3mo navegar a trav\u00e9s de la incertidumbre<\/i>, una frase que pretende reflejar c\u00f3mo las actuales ansias proteccionistas y las tensiones geopol\u00edticas tienen el potencial para empujar nuevamente la econom\u00eda hacia terreno desconocido.<\/p>\n<p class=\"\" style=\"text-align: justify;\">Del otro lado del Atl\u00e1ntico las cosas no marchar\u00e1n mucho mejor. La zona euro seguir\u00e1 arrastrando los pies, con un crecimiento de tan solo el 1% este a\u00f1o, tres d\u00e9cimas menos de lo previsto anteriormente. Alemania ser\u00e1 el farolillo rojo. En 2025 se apuntar\u00e1 un an\u00e9mico 0,4% y el a\u00f1o que viene se expandir\u00e1 un 1,1%.\u00a0<a href=\"https:\/\/elpais.com\/economia\/2025-02-09\/la-economia-espanola-sorprende-al-mundo-de-oveja-negra-a-motor-europeo.html\" data-link-track-dtm=\"\" data-mrf-link=\"https:\/\/elpais.com\/economia\/2025-02-09\/la-economia-espanola-sorprende-al-mundo-de-oveja-negra-a-motor-europeo.html\">Espa\u00f1a es la \u00fanica gran econom\u00eda europea que ve mejorar sus previsiones<\/a>, en tres d\u00e9cimas para 2025, hasta el 2,6%, y en una para 2026 (el 2,1%), gracias la menor exposici\u00f3n a la guerra arancelaria, la resiliencia del mercado laboral y el consumo.<\/p>\n<p class=\"\" style=\"text-align: justify;\">Entre los grandes pa\u00edses latinoamericanos, Argentina destaca por su desempe\u00f1o favorable. Este a\u00f1o saldr\u00e1 de la recesi\u00f3n y crecer\u00e1 un 5,7%; la econom\u00eda de Brasil, en cambio, avanzar\u00e1 algo menos de lo esperado, un 2,1% en 2025 y un 1,4% en 2026.<\/p>\n<h3 class=\"\" style=\"text-align: justify;\">Inflaci\u00f3n al alza<\/h3>\n<p class=\"\" style=\"text-align: justify;\">Una nueva llamarada de la inflaci\u00f3n a ra\u00edz de la guerra arancelaria es otro de los riesgos que divisa la OCDE. Aunque los precios a nivel global muestran una tendencia descendente con respecto a los picos alcanzados hace dos a\u00f1os, siguen siendo superiores a lo esperado. En el conjunto del G-20, la inflaci\u00f3n caer\u00e1 del 3,8% en 2025 al 3,2% en 2026 \u2014en ambos casos, un aumento de tres d\u00e9cimas con respecto a las previsiones anteriores\u2014, un descenso insuficiente para aliviar la presi\u00f3n sobre los bancos centrales. Si se vieran obligados a endurecer sus pol\u00edticas monetarias, el organismo teme que la desaceleraci\u00f3n de la econom\u00eda global sea m\u00e1s pronunciada.<\/p>\n<p class=\"\" style=\"text-align: justify;\"><a href=\"https:\/\/elpais.com\/mexico\/2025-03-07\/la-inflacion-en-mexico-se-acelera-a-377-en-febrero.html\" data-link-track-dtm=\"\" data-mrf-link=\"https:\/\/elpais.com\/mexico\/2025-03-07\/la-inflacion-en-mexico-se-acelera-a-377-en-febrero.html\">En M\u00e9xico, los precios crecer\u00e1n un 4,4% este a\u00f1o,\u00a0<\/a>un punto m\u00e1s de lo estimado en noviembre, y no aflojar\u00e1n tanto en 2026, pues seguir\u00e1n avanzando un 3,5%. La inflaci\u00f3n en Canad\u00e1 tambi\u00e9n rondar\u00e1 el 3% en los dos a\u00f1os analizados, mientras que en EE UU estar\u00e1 algo por debajo de esta tasa. Argentina, pese a la mejora en el crecimiento, seguir\u00e1 registrando incrementos disparados de los precios, cercanos al 30%; en Brasil los bienes y servicios se encarecer\u00e1n algo m\u00e1s de un 5% tanto este ejercicio como el que viene.<\/p>\n<p class=\"\" style=\"text-align: justify;\">La OCDE advierte de que si la guerra comercial se intensifica, el comercio global se contraer\u00e1 en un 2% y la inflaci\u00f3n podr\u00eda aumentar en 0,4 puntos porcentuales anuales en los pr\u00f3ximos tres a\u00f1os. En un escenario m\u00e1s benigno, donde los aranceles se moderen, el crecimiento mundial ser\u00eda ligeramente superior y la inflaci\u00f3n m\u00e1s contenida.<\/p>\n<p>V\u00eda: El Pa\u00eds<\/p>\n","protected":false},"excerpt":{"rendered":"<p>La econom\u00eda de M\u00e9xico tiene todas las papeletas para convertirse en la principal v\u00edctima de la guerra arancelaria desatada por Donald Trump. El Organismo para la Cooperaci\u00f3n y el Desarrollo Econ\u00f3micos (OCDE) as\u00ed lo dibuja en su \u00faltimo informe, publicado este lunes, en el que da un tijeretazo a sus previsiones de crecimiento para el [&hellip;]<\/p>\n","protected":false},"author":2,"featured_media":64208,"comment_status":"closed","ping_status":"closed","sticky":false,"template":"","format":"standard","meta":{"om_disable_all_campaigns":false,"_monsterinsights_skip_tracking":false,"_monsterinsights_sitenote_active":false,"_monsterinsights_sitenote_note":"","_monsterinsights_sitenote_category":0,"_uf_show_specific_survey":0,"_uf_disable_surveys":false,"_jetpack_memberships_contains_paid_content":false,"footnotes":"","jetpack_publicize_message":"La OCDE prev\u00e9 que M\u00e9xico entre en recesi\u00f3n este a\u00f1o por los aranceles de Trump","jetpack_publicize_feature_enabled":true,"jetpack_social_post_already_shared":true,"jetpack_social_options":{"image_generator_settings":{"template":"highway","default_image_id":0,"enabled":false},"version":2}},"categories":[6,23],"tags":[],"class_list":{"0":"post-64210","1":"post","2":"type-post","3":"status-publish","4":"format-standard","5":"has-post-thumbnail","7":"category-global","8":"category-nacional"},"aioseo_notices":[],"jetpack_publicize_connections":[],"jetpack_featured_media_url":"https:\/\/mediagroup.mx\/wp-content\/uploads\/2025\/03\/Captura-de-pantalla-2025-03-18-a-las-14.06.11.png","jetpack_sharing_enabled":true,"_links":{"self":[{"href":"https:\/\/mediagroup.mx\/index.php\/wp-json\/wp\/v2\/posts\/64210","targetHints":{"allow":["GET"]}}],"collection":[{"href":"https:\/\/mediagroup.mx\/index.php\/wp-json\/wp\/v2\/posts"}],"about":[{"href":"https:\/\/mediagroup.mx\/index.php\/wp-json\/wp\/v2\/types\/post"}],"author":[{"embeddable":true,"href":"https:\/\/mediagroup.mx\/index.php\/wp-json\/wp\/v2\/users\/2"}],"replies":[{"embeddable":true,"href":"https:\/\/mediagroup.mx\/index.php\/wp-json\/wp\/v2\/comments?post=64210"}],"version-history":[{"count":1,"href":"https:\/\/mediagroup.mx\/index.php\/wp-json\/wp\/v2\/posts\/64210\/revisions"}],"predecessor-version":[{"id":64211,"href":"https:\/\/mediagroup.mx\/index.php\/wp-json\/wp\/v2\/posts\/64210\/revisions\/64211"}],"wp:featuredmedia":[{"embeddable":true,"href":"https:\/\/mediagroup.mx\/index.php\/wp-json\/wp\/v2\/media\/64208"}],"wp:attachment":[{"href":"https:\/\/mediagroup.mx\/index.php\/wp-json\/wp\/v2\/media?parent=64210"}],"wp:term":[{"taxonomy":"category","embeddable":true,"href":"https:\/\/mediagroup.mx\/index.php\/wp-json\/wp\/v2\/categories?post=64210"},{"taxonomy":"post_tag","embeddable":true,"href":"https:\/\/mediagroup.mx\/index.php\/wp-json\/wp\/v2\/tags?post=64210"}],"curies":[{"name":"wp","href":"https:\/\/api.w.org\/{rel}","templated":true}]}}