{"id":64214,"date":"2025-03-18T14:16:09","date_gmt":"2025-03-18T20:16:09","guid":{"rendered":"https:\/\/mediagroup.mx\/?p=64214"},"modified":"2025-03-18T14:16:09","modified_gmt":"2025-03-18T20:16:09","slug":"el-gppt-en-michoacan-respalda-la-defensa-de-pemex-y-la-politica-energetica-de-la-4t","status":"publish","type":"post","link":"https:\/\/mediagroup.mx\/index.php\/2025\/03\/18\/el-gppt-en-michoacan-respalda-la-defensa-de-pemex-y-la-politica-energetica-de-la-4t\/","title":{"rendered":"EL GPPT en Michoac\u00e1n respalda la defensa de PEMEX y la pol\u00edtica energ\u00e9tica de la 4T"},"content":{"rendered":"<p>Morelia, Michoac\u00e1n; a 18 de marzo de 2025.- En el marco del aniversario de la Expropiaci\u00f3n Petrolera, el Grupo Parlamentario del Partido del Trabajo (GPPT) en Michoac\u00e1n, integrado por Reyes Galindo Pedraza, Diana Espinoza Mercado, Baltazar Gaona Garc\u00eda, Vicente G\u00f3mez N\u00fa\u00f1ez y Hugo Rangel Vargas, reafirma su compromiso con la defensa de Petr\u00f3leos Mexicanos (PEMEX) y respalda plenamente la pol\u00edtica energ\u00e9tica impulsada por el Gobierno de la Cuarta Transformaci\u00f3n.<\/p>\n<p>Los legisladores del PT destacan que la Expropiaci\u00f3n Petrolera, llevada a cabo el 18 de marzo de 1938 por el presidente L\u00e1zaro C\u00e1rdenas del R\u00edo, es uno de los episodios m\u00e1s importantes en la historia de M\u00e9xico, ya que signific\u00f3 la recuperaci\u00f3n de la soberan\u00eda sobre los recursos energ\u00e9ticos del pa\u00eds. En este sentido, el GPPT en Michoac\u00e1n se pronuncia en favor de continuar con el fortalecimiento de PEMEX y de la Comisi\u00f3n Federal de Electricidad (CFE), empresas estrat\u00e9gicas para el desarrollo nacional.<\/p>\n<p>El Grupo Parlamentario del PT reconoce los avances logrados por la actual administraci\u00f3n en materia energ\u00e9tica, incluyendo la inversi\u00f3n en infraestructura, el rescate de refiner\u00edas y la construcci\u00f3n de Dos Bocas, acciones que han permitido reducir la dependencia del pa\u00eds en la importaci\u00f3n de combustibles y fortalecer la autosuficiencia energ\u00e9tica.<\/p>\n<p>Asimismo, los legisladores recalcan que la reforma energ\u00e9tica de la Cuarta Transformaci\u00f3n permiti\u00f3 revertir el proceso de privatizaci\u00f3n del sector energ\u00e9tico iniciado en administraciones anteriores. Destacan que el control del Estado sobre los hidrocarburos y la electricidad es fundamental para garantizar tarifas justas para la poblaci\u00f3n y para evitar el saqueo de los recursos naturales de la naci\u00f3n.<\/p>\n<p>Los diputados del PT en Michoac\u00e1n afirman que la defensa de PEMEX no solo es una cuesti\u00f3n econ\u00f3mica, sino tambi\u00e9n un acto de justicia hist\u00f3rica y social. Subrayan que los trabajadores petroleros han sido pieza clave en la construcci\u00f3n de la industria energ\u00e9tica nacional, por lo que hacen un reconocimiento a su esfuerzo y dedicaci\u00f3n.<\/p>\n<p>Finalmente, los legisladores petistas expresan su confianza en que, bajo la conducci\u00f3n del actual gobierno, M\u00e9xico seguir\u00e1 avanzando en la consolidaci\u00f3n de un modelo energ\u00e9tico soberano, sustentable y en beneficio de todas y todos los mexicanos.<\/p>\n<p><img loading=\"lazy\" decoding=\"async\" class=\"alignnone size-medium wp-image-64215\" src=\"https:\/\/mediagroup.mx\/wp-content\/uploads\/2025\/03\/WhatsApp-Image-2025-03-18-at-1.54.37-PM-300x169.jpeg\" alt=\"\" width=\"300\" height=\"169\" srcset=\"https:\/\/mediagroup.mx\/wp-content\/uploads\/2025\/03\/WhatsApp-Image-2025-03-18-at-1.54.37-PM-300x169.jpeg 300w, https:\/\/mediagroup.mx\/wp-content\/uploads\/2025\/03\/WhatsApp-Image-2025-03-18-at-1.54.37-PM-1024x576.jpeg 1024w, https:\/\/mediagroup.mx\/wp-content\/uploads\/2025\/03\/WhatsApp-Image-2025-03-18-at-1.54.37-PM-768x432.jpeg 768w, https:\/\/mediagroup.mx\/wp-content\/uploads\/2025\/03\/WhatsApp-Image-2025-03-18-at-1.54.37-PM-1536x864.jpeg 1536w, https:\/\/mediagroup.mx\/wp-content\/uploads\/2025\/03\/WhatsApp-Image-2025-03-18-at-1.54.37-PM-150x84.jpeg 150w, https:\/\/mediagroup.mx\/wp-content\/uploads\/2025\/03\/WhatsApp-Image-2025-03-18-at-1.54.37-PM-696x392.jpeg 696w, https:\/\/mediagroup.mx\/wp-content\/uploads\/2025\/03\/WhatsApp-Image-2025-03-18-at-1.54.37-PM-1068x601.jpeg 1068w, https:\/\/mediagroup.mx\/wp-content\/uploads\/2025\/03\/WhatsApp-Image-2025-03-18-at-1.54.37-PM.jpeg 1600w\" sizes=\"auto, (max-width: 300px) 100vw, 300px\" \/><\/p>\n","protected":false},"excerpt":{"rendered":"<p>Morelia, Michoac\u00e1n; a 18 de marzo de 2025.- En el marco del aniversario de la Expropiaci\u00f3n Petrolera, el Grupo Parlamentario del Partido del Trabajo (GPPT) en Michoac\u00e1n, integrado por Reyes Galindo Pedraza, Diana Espinoza Mercado, Baltazar Gaona Garc\u00eda, Vicente G\u00f3mez N\u00fa\u00f1ez y Hugo Rangel Vargas, reafirma su compromiso con la defensa de Petr\u00f3leos Mexicanos (PEMEX) [&hellip;]<\/p>\n","protected":false},"author":2,"featured_media":64215,"comment_status":"closed","ping_status":"closed","sticky":false,"template":"","format":"standard","meta":{"om_disable_all_campaigns":false,"_monsterinsights_skip_tracking":false,"_monsterinsights_sitenote_active":false,"_monsterinsights_sitenote_note":"","_monsterinsights_sitenote_category":0,"_uf_show_specific_survey":0,"_uf_disable_surveys":false,"_jetpack_memberships_contains_paid_content":false,"footnotes":"","jetpack_publicize_message":"EL GPPT en Michoac\u00e1n respalda la defensa de PEMEX y la pol\u00edtica energ\u00e9tica de la 4T","jetpack_publicize_feature_enabled":true,"jetpack_social_post_already_shared":true,"jetpack_social_options":{"image_generator_settings":{"template":"highway","default_image_id":0,"enabled":false},"version":2}},"categories":[15,63],"tags":[],"class_list":{"0":"post-64214","1":"post","2":"type-post","3":"status-publish","4":"format-standard","5":"has-post-thumbnail","7":"category-michoacan","8":"category-politica"},"aioseo_notices":[],"jetpack_publicize_connections":[],"jetpack_featured_media_url":"https:\/\/mediagroup.mx\/wp-content\/uploads\/2025\/03\/WhatsApp-Image-2025-03-18-at-1.54.37-PM.jpeg","jetpack_sharing_enabled":true,"_links":{"self":[{"href":"https:\/\/mediagroup.mx\/index.php\/wp-json\/wp\/v2\/posts\/64214","targetHints":{"allow":["GET"]}}],"collection":[{"href":"https:\/\/mediagroup.mx\/index.php\/wp-json\/wp\/v2\/posts"}],"about":[{"href":"https:\/\/mediagroup.mx\/index.php\/wp-json\/wp\/v2\/types\/post"}],"author":[{"embeddable":true,"href":"https:\/\/mediagroup.mx\/index.php\/wp-json\/wp\/v2\/users\/2"}],"replies":[{"embeddable":true,"href":"https:\/\/mediagroup.mx\/index.php\/wp-json\/wp\/v2\/comments?post=64214"}],"version-history":[{"count":1,"href":"https:\/\/mediagroup.mx\/index.php\/wp-json\/wp\/v2\/posts\/64214\/revisions"}],"predecessor-version":[{"id":64216,"href":"https:\/\/mediagroup.mx\/index.php\/wp-json\/wp\/v2\/posts\/64214\/revisions\/64216"}],"wp:featuredmedia":[{"embeddable":true,"href":"https:\/\/mediagroup.mx\/index.php\/wp-json\/wp\/v2\/media\/64215"}],"wp:attachment":[{"href":"https:\/\/mediagroup.mx\/index.php\/wp-json\/wp\/v2\/media?parent=64214"}],"wp:term":[{"taxonomy":"category","embeddable":true,"href":"https:\/\/mediagroup.mx\/index.php\/wp-json\/wp\/v2\/categories?post=64214"},{"taxonomy":"post_tag","embeddable":true,"href":"https:\/\/mediagroup.mx\/index.php\/wp-json\/wp\/v2\/tags?post=64214"}],"curies":[{"name":"wp","href":"https:\/\/api.w.org\/{rel}","templated":true}]}}