{"id":64227,"date":"2025-03-19T13:00:50","date_gmt":"2025-03-19T19:00:50","guid":{"rendered":"https:\/\/mediagroup.mx\/?p=64227"},"modified":"2025-03-19T13:00:50","modified_gmt":"2025-03-19T19:00:50","slug":"alexis-velazquez-destaca-la-confianza-de-los-michoacanos-en-el-gobierno-de-alfredo-ramirez-bedolla","status":"publish","type":"post","link":"https:\/\/mediagroup.mx\/index.php\/2025\/03\/19\/alexis-velazquez-destaca-la-confianza-de-los-michoacanos-en-el-gobierno-de-alfredo-ramirez-bedolla\/","title":{"rendered":"Alexis Vel\u00e1zquez destaca la confianza de los michoacanos en el gobierno de Alfredo Ram\u00edrez Bedolla"},"content":{"rendered":"<p style=\"text-align: justify;\">El coordinador de alcaldes de Morena en Michoac\u00e1n, Alexis Vel\u00e1zquez, destac\u00f3 los resultados de la encuesta publicada por Enkoll en El Universal, la cual refleja que el 60% de los michoacanos aprueban la gesti\u00f3n del gobernador Alfredo Ram\u00edrez Bedolla. Este respaldo ciudadano confirma el compromiso del gobierno estatal con el bienestar y desarrollo del estado.<\/p>\n<p style=\"text-align: justify;\">\u00abEstos datos reafirman lo que vemos en nuestras comunidades: un gobierno cercano a la gente, que trabaja con honestidad y resultados. La aprobaci\u00f3n de Bedolla no solo es un reconocimiento a su administraci\u00f3n, sino tambi\u00e9n a los principios de transformaci\u00f3n que Morena impulsa en Michoac\u00e1n\u201d, declar\u00f3 Vel\u00e1zquez.<\/p>\n<p style=\"text-align: justify;\">Seg\u00fan la encuesta, el gobernador Ram\u00edrez Bedolla obtuvo una calificaci\u00f3n promedio de 6.1 en una escala del 1 al 10, lo que refleja una percepci\u00f3n mayormente positiva de su desempe\u00f1o. Adem\u00e1s, el 58% de los encuestados considera que su gobierno es mejor que el de su predecesor, Silvano Aureoles.<\/p>\n<p style=\"text-align: justify;\">En t\u00e9rminos de afinidad partidista, Morena se posiciona como la principal fuerza pol\u00edtica del estado con un 45% de preferencia, muy por encima de otros partidos como el PAN (9%), PRI (7%), PRD y Movimiento Ciudadano (4% cada uno), PT (3%) y PVEM (2%). \u00abEstos n\u00fameros reflejan que los michoacanos conf\u00edan en el proyecto de transformaci\u00f3n que Morena encabeza, y nos compromete a seguir trabajando con responsabilidad y cercan\u00eda\u00bb, subray\u00f3 el coordinador.<\/p>\n<p style=\"text-align: justify;\">Otro dato relevante del estudio es que el 65% de los michoacanos preferir\u00eda que una mujer gobernara el estado en 2027, lo que abre la discusi\u00f3n sobre la participaci\u00f3n femenina en la pol\u00edtica y la construcci\u00f3n de liderazgos inclusivos.<\/p>\n<p style=\"text-align: justify;\">Finalmente, la encuesta tambi\u00e9n revel\u00f3 que el 57% de los encuestados desconoc\u00eda la elecci\u00f3n de ministros, magistrados y jueces del Poder Judicial programada para el 1 de junio, lo que pone en evidencia la necesidad de fortalecer la difusi\u00f3n y participaci\u00f3n en este proceso clave para la democracia.<\/p>\n<p style=\"text-align: justify;\">\u00abLos resultados de esta encuesta demuestran que vamos por el camino correcto. Desde los municipios, seguiremos trabajando en unidad con el gobernador Bedolla para consolidar el bienestar de las familias michoacanas\u201d, concluy\u00f3 Alexis Vel\u00e1zquez.<\/p>\n","protected":false},"excerpt":{"rendered":"<p>El coordinador de alcaldes de Morena en Michoac\u00e1n, Alexis Vel\u00e1zquez, destac\u00f3 los resultados de la encuesta publicada por Enkoll en El Universal, la cual refleja que el 60% de los michoacanos aprueban la gesti\u00f3n del gobernador Alfredo Ram\u00edrez Bedolla. Este respaldo ciudadano confirma el compromiso del gobierno estatal con el bienestar y desarrollo del estado. [&hellip;]<\/p>\n","protected":false},"author":2,"featured_media":64306,"comment_status":"closed","ping_status":"closed","sticky":false,"template":"","format":"standard","meta":{"om_disable_all_campaigns":false,"_monsterinsights_skip_tracking":false,"_monsterinsights_sitenote_active":false,"_monsterinsights_sitenote_note":"","_monsterinsights_sitenote_category":0,"_uf_show_specific_survey":0,"_uf_disable_surveys":false,"_jetpack_memberships_contains_paid_content":false,"footnotes":"","jetpack_publicize_message":"Alexis Vel\u00e1zquez destaca la confianza de los michoacanos en el gobierno de Alfredo Ram\u00edrez Bedolla","jetpack_publicize_feature_enabled":true,"jetpack_social_post_already_shared":true,"jetpack_social_options":{"image_generator_settings":{"template":"highway","default_image_id":0,"enabled":false},"version":2}},"categories":[15],"tags":[],"class_list":{"0":"post-64227","1":"post","2":"type-post","3":"status-publish","4":"format-standard","5":"has-post-thumbnail","7":"category-michoacan"},"aioseo_notices":[],"jetpack_publicize_connections":[],"jetpack_featured_media_url":"https:\/\/mediagroup.mx\/wp-content\/uploads\/2025\/03\/WhatsApp-Image-2025-03-19-at-11.36.54-AM-scaled.jpeg","jetpack_sharing_enabled":true,"_links":{"self":[{"href":"https:\/\/mediagroup.mx\/index.php\/wp-json\/wp\/v2\/posts\/64227","targetHints":{"allow":["GET"]}}],"collection":[{"href":"https:\/\/mediagroup.mx\/index.php\/wp-json\/wp\/v2\/posts"}],"about":[{"href":"https:\/\/mediagroup.mx\/index.php\/wp-json\/wp\/v2\/types\/post"}],"author":[{"embeddable":true,"href":"https:\/\/mediagroup.mx\/index.php\/wp-json\/wp\/v2\/users\/2"}],"replies":[{"embeddable":true,"href":"https:\/\/mediagroup.mx\/index.php\/wp-json\/wp\/v2\/comments?post=64227"}],"version-history":[{"count":1,"href":"https:\/\/mediagroup.mx\/index.php\/wp-json\/wp\/v2\/posts\/64227\/revisions"}],"predecessor-version":[{"id":64307,"href":"https:\/\/mediagroup.mx\/index.php\/wp-json\/wp\/v2\/posts\/64227\/revisions\/64307"}],"wp:featuredmedia":[{"embeddable":true,"href":"https:\/\/mediagroup.mx\/index.php\/wp-json\/wp\/v2\/media\/64306"}],"wp:attachment":[{"href":"https:\/\/mediagroup.mx\/index.php\/wp-json\/wp\/v2\/media?parent=64227"}],"wp:term":[{"taxonomy":"category","embeddable":true,"href":"https:\/\/mediagroup.mx\/index.php\/wp-json\/wp\/v2\/categories?post=64227"},{"taxonomy":"post_tag","embeddable":true,"href":"https:\/\/mediagroup.mx\/index.php\/wp-json\/wp\/v2\/tags?post=64227"}],"curies":[{"name":"wp","href":"https:\/\/api.w.org\/{rel}","templated":true}]}}