{"id":64228,"date":"2025-03-18T11:48:20","date_gmt":"2025-03-18T17:48:20","guid":{"rendered":"https:\/\/mediagroup.mx\/?p=64228"},"modified":"2025-03-19T11:50:18","modified_gmt":"2025-03-19T17:50:18","slug":"exhorta-brissa-arroyo-a-no-olvidar-el-centro-de-lactancia-en-el-congreso-local","status":"publish","type":"post","link":"https:\/\/mediagroup.mx\/index.php\/2025\/03\/18\/exhorta-brissa-arroyo-a-no-olvidar-el-centro-de-lactancia-en-el-congreso-local\/","title":{"rendered":"Exhorta Brissa Arroyo a no olvidar el centro de lactancia en el Congreso local\u00a0"},"content":{"rendered":"<div>Morelia, Michoac\u00e1n, a 18 de marzo de 2025.-La diputada local Brissa Arroyo Mart\u00ednez, hizo un llamado a la 76 Legislatura a evitar rezago legislativo.<\/div>\n<div><\/div>\n<div>La Congresista, Presidenta del Comit\u00e9 de Atenci\u00f3n Ciudadana y Gestor\u00eda de la 76 Legislatura, record\u00f3 que est\u00e1 para dictamen la propuesta de autorizaci\u00f3n de un centro de lactancia en el Congreso Local.<\/div>\n<div><\/div>\n<div>La instalaci\u00f3n de un lactario para las mam\u00e1s trabajadoras del Congreso del estado y para las mujeres externas que acuden a estas instalaciones con ni\u00f1as y ni\u00f1os menores de edad en per\u00edodo de lactancia, tiene como objetivo facilitar el desempe\u00f1o de las madres en el cumplimiento de su actividad laboral.<\/div>\n<div><\/div>\n<div>\u201cPor experiencia personal conozco y s\u00e9 lo que es ser madre, lo que implica atender a una hija y no permitirse fallar a la responsabilidad de un empleo\u201d, comparti\u00f3.<\/div>\n<div><\/div>\n<div>\u201cEsa es\u00a0 la realidad que viven cientos de mujeres que d\u00eda a d\u00eda salen de su hogar y van preocupadas por la alimentaci\u00f3n de sus hijas e hijos, de ah\u00ed la necesidad de contar con espacios aptos para la lactancia\u201d, expres\u00f3 Arroyo.<\/div>\n<div><\/div>\n<div>La instalaci\u00f3n de lactarios es una estrategia que tiene como objetivo la protecci\u00f3n de la de las mujeres trabajadoras durante la lactancia materna, as\u00ed como el correcto crecimiento y desarrollo de la ni\u00f1ez.<\/div>\n<div><\/div>\n<div>Una sala de lactancia es un \u00e1rea asignada, digna, privada, higi\u00e9nica y accesible para que aquellas mujeres, que se encuentran en periodo de lactancia, puedan amamantar o extraer y conservar adecuadamente su leche durante la jornada laboral.<\/div>\n<div><\/div>\n<div>Se propone que el lactario tenga el siguiente equipo: Refrigerador con congelador; Term\u00f3metro digital; Mesas de apoyo; Sillas o sillones c\u00f3modos de material que permita su limpieza con facilidad; Bote de basura con tapa; Esterilizador; Botellas de agua individuales; Reloj de pared, entre otras especificaciones.<\/div>\n<div><img loading=\"lazy\" decoding=\"async\" class=\"alignnone size-medium wp-image-64229\" src=\"https:\/\/mediagroup.mx\/wp-content\/uploads\/2025\/03\/WhatsApp-Image-2025-03-18-at-3.18.55-PM-300x200.jpeg\" alt=\"\" width=\"300\" height=\"200\" srcset=\"https:\/\/mediagroup.mx\/wp-content\/uploads\/2025\/03\/WhatsApp-Image-2025-03-18-at-3.18.55-PM-300x200.jpeg 300w, https:\/\/mediagroup.mx\/wp-content\/uploads\/2025\/03\/WhatsApp-Image-2025-03-18-at-3.18.55-PM-1024x682.jpeg 1024w, https:\/\/mediagroup.mx\/wp-content\/uploads\/2025\/03\/WhatsApp-Image-2025-03-18-at-3.18.55-PM-768x511.jpeg 768w, https:\/\/mediagroup.mx\/wp-content\/uploads\/2025\/03\/WhatsApp-Image-2025-03-18-at-3.18.55-PM-150x100.jpeg 150w, https:\/\/mediagroup.mx\/wp-content\/uploads\/2025\/03\/WhatsApp-Image-2025-03-18-at-3.18.55-PM-696x464.jpeg 696w, https:\/\/mediagroup.mx\/wp-content\/uploads\/2025\/03\/WhatsApp-Image-2025-03-18-at-3.18.55-PM-1068x711.jpeg 1068w, https:\/\/mediagroup.mx\/wp-content\/uploads\/2025\/03\/WhatsApp-Image-2025-03-18-at-3.18.55-PM.jpeg 1440w\" sizes=\"auto, (max-width: 300px) 100vw, 300px\" \/><\/div>\n","protected":false},"excerpt":{"rendered":"<p>Morelia, Michoac\u00e1n, a 18 de marzo de 2025.-La diputada local Brissa Arroyo Mart\u00ednez, hizo un llamado a la 76 Legislatura a evitar rezago legislativo. La Congresista, Presidenta del Comit\u00e9 de Atenci\u00f3n Ciudadana y Gestor\u00eda de la 76 Legislatura, record\u00f3 que est\u00e1 para dictamen la propuesta de autorizaci\u00f3n de un centro de lactancia en el Congreso [&hellip;]<\/p>\n","protected":false},"author":2,"featured_media":64229,"comment_status":"closed","ping_status":"closed","sticky":false,"template":"","format":"standard","meta":{"om_disable_all_campaigns":false,"_monsterinsights_skip_tracking":false,"_monsterinsights_sitenote_active":false,"_monsterinsights_sitenote_note":"","_monsterinsights_sitenote_category":0,"_uf_show_specific_survey":0,"_uf_disable_surveys":false,"_jetpack_memberships_contains_paid_content":false,"footnotes":"","jetpack_publicize_message":"Exhorta Brissa Arroyo a no olvidar el centro de lactancia en el Congreso local\u00a0\r\n\r\n\r\n\u2022El objetivo es conciliar el desempe\u00f1o de las mujeres como madres y profesionistas","jetpack_publicize_feature_enabled":true,"jetpack_social_post_already_shared":true,"jetpack_social_options":{"image_generator_settings":{"template":"highway","default_image_id":0,"enabled":false},"version":2}},"categories":[15,63],"tags":[],"class_list":{"0":"post-64228","1":"post","2":"type-post","3":"status-publish","4":"format-standard","5":"has-post-thumbnail","7":"category-michoacan","8":"category-politica"},"aioseo_notices":[],"jetpack_publicize_connections":[],"jetpack_featured_media_url":"https:\/\/mediagroup.mx\/wp-content\/uploads\/2025\/03\/WhatsApp-Image-2025-03-18-at-3.18.55-PM.jpeg","jetpack_sharing_enabled":true,"_links":{"self":[{"href":"https:\/\/mediagroup.mx\/index.php\/wp-json\/wp\/v2\/posts\/64228","targetHints":{"allow":["GET"]}}],"collection":[{"href":"https:\/\/mediagroup.mx\/index.php\/wp-json\/wp\/v2\/posts"}],"about":[{"href":"https:\/\/mediagroup.mx\/index.php\/wp-json\/wp\/v2\/types\/post"}],"author":[{"embeddable":true,"href":"https:\/\/mediagroup.mx\/index.php\/wp-json\/wp\/v2\/users\/2"}],"replies":[{"embeddable":true,"href":"https:\/\/mediagroup.mx\/index.php\/wp-json\/wp\/v2\/comments?post=64228"}],"version-history":[{"count":1,"href":"https:\/\/mediagroup.mx\/index.php\/wp-json\/wp\/v2\/posts\/64228\/revisions"}],"predecessor-version":[{"id":64230,"href":"https:\/\/mediagroup.mx\/index.php\/wp-json\/wp\/v2\/posts\/64228\/revisions\/64230"}],"wp:featuredmedia":[{"embeddable":true,"href":"https:\/\/mediagroup.mx\/index.php\/wp-json\/wp\/v2\/media\/64229"}],"wp:attachment":[{"href":"https:\/\/mediagroup.mx\/index.php\/wp-json\/wp\/v2\/media?parent=64228"}],"wp:term":[{"taxonomy":"category","embeddable":true,"href":"https:\/\/mediagroup.mx\/index.php\/wp-json\/wp\/v2\/categories?post=64228"},{"taxonomy":"post_tag","embeddable":true,"href":"https:\/\/mediagroup.mx\/index.php\/wp-json\/wp\/v2\/tags?post=64228"}],"curies":[{"name":"wp","href":"https:\/\/api.w.org\/{rel}","templated":true}]}}