{"id":64237,"date":"2025-03-18T11:53:33","date_gmt":"2025-03-18T17:53:33","guid":{"rendered":"https:\/\/mediagroup.mx\/?p=64237"},"modified":"2025-03-19T11:54:59","modified_gmt":"2025-03-19T17:54:59","slug":"instala-congreso-mesa-de-trabajo-con-oficina-del-alto-comisionado-de-naciones-unidas-para-refugiados","status":"publish","type":"post","link":"https:\/\/mediagroup.mx\/index.php\/2025\/03\/18\/instala-congreso-mesa-de-trabajo-con-oficina-del-alto-comisionado-de-naciones-unidas-para-refugiados\/","title":{"rendered":"Instala Congreso Mesa de Trabajo con oficina del Alto Comisionado de Naciones Unidas para Refugiados"},"content":{"rendered":"<p>Morelia, Michoac\u00e1n; a 18 de marzo de 2025.- Con el objetivo de fortalecer los trabajos que garanticen la protecci\u00f3n de los derechos humanos de las v\u00edctimas de desplazamiento forzado, la 76 Legislatura instal\u00f3 una Mesa de trabajo entre el Congreso del Estado de Michoac\u00e1n y el Alto Comisionado de Naciones Unidas para Refugiados (ACNUR).<\/p>\n<p>En este contexto, el diputado Juan Antonio Maga\u00f1a de la Mora, Presidente de la Mesa Directiva del Poder Legislativo y la diputada Fabiola Alan\u00eds S\u00e1mano, presidenta de la Junta de Coordinaci\u00f3n Pol\u00edtica, las y los diputados Reyes Galindo, Jaqueline Avil\u00e9s Osorio, X\u00f3chitl Ru\u00edz y Sandra Arreola Mart\u00ednez, dieron la bienvenida a Daniel Macguire, oficial se\u00f1or de protecci\u00f3n, en representaci\u00f3n del ACNUR y a Miriam Heredia Zertuche, jefa de oficina de ACNUR en Michoac\u00e1n.<\/p>\n<p>Al hacer uso de la voz, el diputado Juan Antonio Maga\u00f1a de la Mora, puntualiz\u00f3 que la 76 Legislatura reconoce la importancia de legislar en favor de las personas que se ven en la necesidad de desplazarse para proteger a sus familias; por ello, \u201clas y los diputados tenemos la apertura para realizar los trabajos espec\u00edficos a las necesidades de dicha poblaci\u00f3n\u201d, dijo.<\/p>\n<p>Por su parte, la diputada Fabiola Alan\u00eds, se\u00f1al\u00f3 que este tipo de acciones abonar\u00e1 a identificar los aspectos que desde el Congreso dar mayor protecci\u00f3n y garant\u00eda de los derechos humanos de las y los michoacanos que por diversas circunstancias se ven obligados a desplazarse.<\/p>\n<p>Asimismo, Daniel Macguire, enfatiz\u00f3 en la importancia de enfocar las leyes a las necesidades particulares de la poblaci\u00f3n y que estas cuenten con un presupuesto progresivo y flexible, y celebr\u00f3 que Michoac\u00e1n se sume a estos trabajos coordinados y pueda convertirse en el quinto estado de la Republica con leyes especializadas en materia de desplazamiento interno.<\/p>\n<p>Miriam Heredia Zertuche, especific\u00f3 que en esta mesa de trabajo se limitar\u00e1n las rutas que se tendr\u00e1n que seguir para ayudar a las personas v\u00edctimas de desplazamiento, \u201cel tema del presupuesto es complicado pero se pueden buscar formas de potencializar respuestas\u201d, se\u00f1al\u00f3.<\/p>\n<p>En su intervenci\u00f3n, la diputada X\u00f3chitl Ru\u00edz, presidenta de la Comisi\u00f3n de Derechos Humanos, lament\u00f3 que en municipios como Coalcom\u00e1n, Apatzing\u00e1n, Aguililla, la zona de Tierra Caliente, por cuestiones de seguridad ha provocado que el tema de desplazamiento se incremente y que existan comunidades pr\u00e1cticamente desiertas; por ello, resalt\u00f3 la importancia de coordinar la experiencia del ACNUR y los trabajos ya realizados en el Congreso local.<\/p>\n<p>Finalmente, la diputada Jaqueline Avil\u00e9s Osorio, presidenta de la Comisi\u00f3n de Migraci\u00f3n, precis\u00f3 que el desplazamiento interno en forzado, ya sea por temas de seguridad, desastres naturales, entre otros factores que los obliguen a desplazarse de sus lugares de origen, \u201ces de suma importancia reforzar las acciones, y desde la Comisi\u00f3n que presido estamos en la enorme disposici\u00f3n de coadyuvar en los trabajos\u201d, puntualiz\u00f3.<\/p>\n<p><img loading=\"lazy\" decoding=\"async\" class=\"alignnone size-medium wp-image-64238\" src=\"https:\/\/mediagroup.mx\/wp-content\/uploads\/2025\/03\/WhatsApp-Image-2025-03-18-at-3.48.56-PM-300x200.jpeg\" alt=\"\" width=\"300\" height=\"200\" srcset=\"https:\/\/mediagroup.mx\/wp-content\/uploads\/2025\/03\/WhatsApp-Image-2025-03-18-at-3.48.56-PM-300x200.jpeg 300w, https:\/\/mediagroup.mx\/wp-content\/uploads\/2025\/03\/WhatsApp-Image-2025-03-18-at-3.48.56-PM-1024x682.jpeg 1024w, https:\/\/mediagroup.mx\/wp-content\/uploads\/2025\/03\/WhatsApp-Image-2025-03-18-at-3.48.56-PM-768x512.jpeg 768w, https:\/\/mediagroup.mx\/wp-content\/uploads\/2025\/03\/WhatsApp-Image-2025-03-18-at-3.48.56-PM-150x100.jpeg 150w, https:\/\/mediagroup.mx\/wp-content\/uploads\/2025\/03\/WhatsApp-Image-2025-03-18-at-3.48.56-PM-696x464.jpeg 696w, https:\/\/mediagroup.mx\/wp-content\/uploads\/2025\/03\/WhatsApp-Image-2025-03-18-at-3.48.56-PM-1068x712.jpeg 1068w, https:\/\/mediagroup.mx\/wp-content\/uploads\/2025\/03\/WhatsApp-Image-2025-03-18-at-3.48.56-PM.jpeg 1280w\" sizes=\"auto, (max-width: 300px) 100vw, 300px\" \/><\/p>\n","protected":false},"excerpt":{"rendered":"<p>Morelia, Michoac\u00e1n; a 18 de marzo de 2025.- Con el objetivo de fortalecer los trabajos que garanticen la protecci\u00f3n de los derechos humanos de las v\u00edctimas de desplazamiento forzado, la 76 Legislatura instal\u00f3 una Mesa de trabajo entre el Congreso del Estado de Michoac\u00e1n y el Alto Comisionado de Naciones Unidas para Refugiados (ACNUR). En [&hellip;]<\/p>\n","protected":false},"author":2,"featured_media":64238,"comment_status":"closed","ping_status":"closed","sticky":false,"template":"","format":"standard","meta":{"om_disable_all_campaigns":false,"_monsterinsights_skip_tracking":false,"_monsterinsights_sitenote_active":false,"_monsterinsights_sitenote_note":"","_monsterinsights_sitenote_category":0,"_uf_show_specific_survey":0,"_uf_disable_surveys":false,"_jetpack_memberships_contains_paid_content":false,"footnotes":"","jetpack_publicize_message":"Instala Congreso Mesa de Trabajo con oficina del Alto Comisionado de Naciones Unidas para Refugiados","jetpack_publicize_feature_enabled":true,"jetpack_social_post_already_shared":true,"jetpack_social_options":{"image_generator_settings":{"template":"highway","default_image_id":0,"enabled":false},"version":2}},"categories":[15,63],"tags":[],"class_list":{"0":"post-64237","1":"post","2":"type-post","3":"status-publish","4":"format-standard","5":"has-post-thumbnail","7":"category-michoacan","8":"category-politica"},"aioseo_notices":[],"jetpack_publicize_connections":[],"jetpack_featured_media_url":"https:\/\/mediagroup.mx\/wp-content\/uploads\/2025\/03\/WhatsApp-Image-2025-03-18-at-3.48.56-PM.jpeg","jetpack_sharing_enabled":true,"_links":{"self":[{"href":"https:\/\/mediagroup.mx\/index.php\/wp-json\/wp\/v2\/posts\/64237","targetHints":{"allow":["GET"]}}],"collection":[{"href":"https:\/\/mediagroup.mx\/index.php\/wp-json\/wp\/v2\/posts"}],"about":[{"href":"https:\/\/mediagroup.mx\/index.php\/wp-json\/wp\/v2\/types\/post"}],"author":[{"embeddable":true,"href":"https:\/\/mediagroup.mx\/index.php\/wp-json\/wp\/v2\/users\/2"}],"replies":[{"embeddable":true,"href":"https:\/\/mediagroup.mx\/index.php\/wp-json\/wp\/v2\/comments?post=64237"}],"version-history":[{"count":1,"href":"https:\/\/mediagroup.mx\/index.php\/wp-json\/wp\/v2\/posts\/64237\/revisions"}],"predecessor-version":[{"id":64239,"href":"https:\/\/mediagroup.mx\/index.php\/wp-json\/wp\/v2\/posts\/64237\/revisions\/64239"}],"wp:featuredmedia":[{"embeddable":true,"href":"https:\/\/mediagroup.mx\/index.php\/wp-json\/wp\/v2\/media\/64238"}],"wp:attachment":[{"href":"https:\/\/mediagroup.mx\/index.php\/wp-json\/wp\/v2\/media?parent=64237"}],"wp:term":[{"taxonomy":"category","embeddable":true,"href":"https:\/\/mediagroup.mx\/index.php\/wp-json\/wp\/v2\/categories?post=64237"},{"taxonomy":"post_tag","embeddable":true,"href":"https:\/\/mediagroup.mx\/index.php\/wp-json\/wp\/v2\/tags?post=64237"}],"curies":[{"name":"wp","href":"https:\/\/api.w.org\/{rel}","templated":true}]}}