{"id":64245,"date":"2025-03-18T11:58:24","date_gmt":"2025-03-18T17:58:24","guid":{"rendered":"https:\/\/mediagroup.mx\/?p=64245"},"modified":"2025-03-19T11:59:48","modified_gmt":"2025-03-19T17:59:48","slug":"la-atencion-especial-para-personas-con-sindrome-de-down-es-nuestro-compromiso-fabiola-alanis","status":"publish","type":"post","link":"https:\/\/mediagroup.mx\/index.php\/2025\/03\/18\/la-atencion-especial-para-personas-con-sindrome-de-down-es-nuestro-compromiso-fabiola-alanis\/","title":{"rendered":"La atenci\u00f3n especial para personas con S\u00edndrome de Down es nuestro compromiso: Fabiola Alan\u00eds"},"content":{"rendered":"<p>Morelia, Mich., 18 de marzo de 2025.- Las y los diputados del Congreso del Estado est\u00e1n comprometidas y comprometidos con el bienestar de todas las personas y particularmente con quienes requieren atenci\u00f3n especial, expuso la presidenta de la Junta de Coordinaci\u00f3n Pol\u00edtica, Fabiola Alan\u00eds S\u00e1mano.<\/p>\n<p>En el marco del D\u00eda Mundial del S\u00edndrome de Down, la legisladora de Morena particip\u00f3 en un Foro organizado por las diputadas Nayelli Pedraza Huerta y X\u00f3chitl Ruiz Gonz\u00e1lez, desde el cual se dirigi\u00f3 a las madres y a los padres de personas con esta condici\u00f3n, para decirles que cuentan con el respaldo para impulsar las pol\u00edticas p\u00fablicas necesarias que garanticen a sus hijos e hijas el ejercicio pleno de sus derechos.<\/p>\n<p>Consider\u00f3 la ex funcionaria federal que es urgente la atenci\u00f3n para erradicar la discriminaci\u00f3n de ra\u00edz contra las personas con S\u00edndrome de Down, tanto en el \u00e1mbito educativo, como en el laboral y social, as\u00ed como para su autonom\u00eda en todos los \u00e1mbitos de su desarrollo.<\/p>\n<p>Puntualiz\u00f3 que en la 76 legislatura existe el compromiso con el bienestar de todas las personas y particularmente, con quienes requieren mayor atenci\u00f3n para ejercer todos sus derechos, por lo que siempre se encontrar\u00e1 de puertas abiertas a fin de atender los problemas en los que se encuentran las ni\u00f1as, ni\u00f1os, adolescentes y personas adultas con dicha condici\u00f3n gen\u00e9tica.<\/p>\n<p>De manera personal, felicit\u00f3 la realizaci\u00f3n de este primer foro que visibiliza la deuda hist\u00f3rica que se tiene con este sector, tambi\u00e9n invit\u00f3 a la ciudadan\u00eda en general a tomar conciencia y sumarse a la lucha para dignificar la vida de estas personas, quienes deber\u00edan tener los mismos derechos que cualquier ser humano.<\/p>\n<p><img loading=\"lazy\" decoding=\"async\" class=\"alignnone size-medium wp-image-64246\" src=\"https:\/\/mediagroup.mx\/wp-content\/uploads\/2025\/03\/WhatsApp-Image-2025-03-19-at-7.58.26-AM-300x199.jpeg\" alt=\"\" width=\"300\" height=\"199\" srcset=\"https:\/\/mediagroup.mx\/wp-content\/uploads\/2025\/03\/WhatsApp-Image-2025-03-19-at-7.58.26-AM-300x199.jpeg 300w, https:\/\/mediagroup.mx\/wp-content\/uploads\/2025\/03\/WhatsApp-Image-2025-03-19-at-7.58.26-AM-1024x678.jpeg 1024w, https:\/\/mediagroup.mx\/wp-content\/uploads\/2025\/03\/WhatsApp-Image-2025-03-19-at-7.58.26-AM-768x509.jpeg 768w, https:\/\/mediagroup.mx\/wp-content\/uploads\/2025\/03\/WhatsApp-Image-2025-03-19-at-7.58.26-AM-150x99.jpeg 150w, https:\/\/mediagroup.mx\/wp-content\/uploads\/2025\/03\/WhatsApp-Image-2025-03-19-at-7.58.26-AM-696x461.jpeg 696w, https:\/\/mediagroup.mx\/wp-content\/uploads\/2025\/03\/WhatsApp-Image-2025-03-19-at-7.58.26-AM.jpeg 1040w\" sizes=\"auto, (max-width: 300px) 100vw, 300px\" \/><\/p>\n","protected":false},"excerpt":{"rendered":"<p>Morelia, Mich., 18 de marzo de 2025.- Las y los diputados del Congreso del Estado est\u00e1n comprometidas y comprometidos con el bienestar de todas las personas y particularmente con quienes requieren atenci\u00f3n especial, expuso la presidenta de la Junta de Coordinaci\u00f3n Pol\u00edtica, Fabiola Alan\u00eds S\u00e1mano. En el marco del D\u00eda Mundial del S\u00edndrome de Down, [&hellip;]<\/p>\n","protected":false},"author":2,"featured_media":64246,"comment_status":"closed","ping_status":"closed","sticky":false,"template":"","format":"standard","meta":{"om_disable_all_campaigns":false,"_monsterinsights_skip_tracking":false,"_monsterinsights_sitenote_active":false,"_monsterinsights_sitenote_note":"","_monsterinsights_sitenote_category":0,"_uf_show_specific_survey":0,"_uf_disable_surveys":false,"_jetpack_memberships_contains_paid_content":false,"footnotes":"","jetpack_publicize_message":"La atenci\u00f3n especial para personas con S\u00edndrome de Down es nuestro compromiso: Fabiola Alan\u00eds\r\n\r\nConsider\u00f3 que es urgente la erradicaci\u00f3n de la discriminaci\u00f3n de ra\u00edz","jetpack_publicize_feature_enabled":true,"jetpack_social_post_already_shared":true,"jetpack_social_options":{"image_generator_settings":{"template":"highway","default_image_id":0,"enabled":false},"version":2}},"categories":[15,63],"tags":[],"class_list":{"0":"post-64245","1":"post","2":"type-post","3":"status-publish","4":"format-standard","5":"has-post-thumbnail","7":"category-michoacan","8":"category-politica"},"aioseo_notices":[],"jetpack_publicize_connections":[],"jetpack_featured_media_url":"https:\/\/mediagroup.mx\/wp-content\/uploads\/2025\/03\/WhatsApp-Image-2025-03-19-at-7.58.26-AM.jpeg","jetpack_sharing_enabled":true,"_links":{"self":[{"href":"https:\/\/mediagroup.mx\/index.php\/wp-json\/wp\/v2\/posts\/64245","targetHints":{"allow":["GET"]}}],"collection":[{"href":"https:\/\/mediagroup.mx\/index.php\/wp-json\/wp\/v2\/posts"}],"about":[{"href":"https:\/\/mediagroup.mx\/index.php\/wp-json\/wp\/v2\/types\/post"}],"author":[{"embeddable":true,"href":"https:\/\/mediagroup.mx\/index.php\/wp-json\/wp\/v2\/users\/2"}],"replies":[{"embeddable":true,"href":"https:\/\/mediagroup.mx\/index.php\/wp-json\/wp\/v2\/comments?post=64245"}],"version-history":[{"count":1,"href":"https:\/\/mediagroup.mx\/index.php\/wp-json\/wp\/v2\/posts\/64245\/revisions"}],"predecessor-version":[{"id":64247,"href":"https:\/\/mediagroup.mx\/index.php\/wp-json\/wp\/v2\/posts\/64245\/revisions\/64247"}],"wp:featuredmedia":[{"embeddable":true,"href":"https:\/\/mediagroup.mx\/index.php\/wp-json\/wp\/v2\/media\/64246"}],"wp:attachment":[{"href":"https:\/\/mediagroup.mx\/index.php\/wp-json\/wp\/v2\/media?parent=64245"}],"wp:term":[{"taxonomy":"category","embeddable":true,"href":"https:\/\/mediagroup.mx\/index.php\/wp-json\/wp\/v2\/categories?post=64245"},{"taxonomy":"post_tag","embeddable":true,"href":"https:\/\/mediagroup.mx\/index.php\/wp-json\/wp\/v2\/tags?post=64245"}],"curies":[{"name":"wp","href":"https:\/\/api.w.org\/{rel}","templated":true}]}}