{"id":64253,"date":"2025-03-18T12:04:27","date_gmt":"2025-03-18T18:04:27","guid":{"rendered":"https:\/\/mediagroup.mx\/?p=64253"},"modified":"2025-03-19T12:08:05","modified_gmt":"2025-03-19T18:08:05","slug":"la-proteccion-de-las-infancias-es-tarea-de-todas-y-todos-juan-antonio-magana-de-la-mora","status":"publish","type":"post","link":"https:\/\/mediagroup.mx\/index.php\/2025\/03\/18\/la-proteccion-de-las-infancias-es-tarea-de-todas-y-todos-juan-antonio-magana-de-la-mora\/","title":{"rendered":"La protecci\u00f3n de las infancias es tarea de todas y todos: Juan Antonio Maga\u00f1a de la Mora"},"content":{"rendered":"<p>&nbsp;<\/p>\n<p>Morelia, Michoac\u00e1n, a 18 de marzo de 2025.- El Congreso del Estado sign\u00f3 un convenio de colaboraci\u00f3n con la oficina en M\u00e9xico de la Naciones Unidas para la Infancia UNICEF con el compromiso de trabajar en favor de las ni\u00f1as, ni\u00f1os y adolescentes de Michoac\u00e1n, en acciones que permitan contar con una mejor legislaci\u00f3n, pero tambi\u00e9n en la generaci\u00f3n de mejores pol\u00edticas p\u00fablicas.<\/p>\n<p>El Presidente de la Mesa Directiva, Juan Antonio Maga\u00f1a de la Mora estableci\u00f3 que la firma del convenio es un compromiso con la protecci\u00f3n de las ni\u00f1as, los ni\u00f1os y los adolescentes en el estado, para dar un paso significativo en la construcci\u00f3n de un futuro m\u00e1s justo y digno para las infancias michoacanas.<\/p>\n<p>Agreg\u00f3 que la firma del convenio \u201ces un acto que trasciende m\u00e1s all\u00e1 de lo protocolario, representa el compromiso mutuo de trabajar juntos en la promoci\u00f3n, defensa y garant\u00eda de las ni\u00f1as, ni\u00f1os y adolescentes de nuestro estado. La ni\u00f1ez es la base sobre la cual se edifica el futuro de cualquier sociedad por ello garantizar su bienestar, su desarrollo integral y el pleno ejercicio de sus derechos no es solo una responsabilidad legal sino tambi\u00e9n un deber moral que nos corresponde a todas y a todos\u201d.<\/p>\n<p>Juan Antonio Maga\u00f1a reiter\u00f3 el compromiso del Congreso del Estado de trabajar con transparencia y dedicaci\u00f3n para garantizar que cada ni\u00f1a, ni\u00f1o y adolescente en Michoac\u00e1n tengan acceso a una vida digna, segura y con pleno acceso a sus derechos. \u201cHago un llamado a todos los sectores a sumarse al esfuerzo conjunto porque la protecci\u00f3n de la infancia es responsabilidad de todos\u201d.<\/p>\n<p>La Legisladora Fabiola Alan\u00eds S\u00e1mano destac\u00f3 la importancia de la firma del convenio al establecer que la tercera parte de la sociedad michoacana es conformada por ni\u00f1as, ni\u00f1os y adolescentes, por lo que el dise\u00f1o de pol\u00edticas p\u00fablicas en favor de la ni\u00f1ez michoacana se vuelve imperante.<\/p>\n<p>Tambi\u00e9n estableci\u00f3 que aun cuando a nivel federal existen programas para atender las necesidades m\u00e1s apremiantes de las infancias, en Michoac\u00e1n es urgente fortalecer las pol\u00edticas p\u00fablicas para dar una mayor protecci\u00f3n a dicho sector.<\/p>\n<p>Por su parte, la Diputada Vanessa Caratachea reconoci\u00f3 la importancia de la firma del convenio que permitir\u00e1 al Congreso del Estado legislar con perspectiva de la infancia en los retos que propicien un beneficio de dicho sector, para reforzar las leyes y trabajar de la mano para una nueva legislaci\u00f3n.<\/p>\n<p>El Representante de la UNICEF en M\u00e9xico, Luis Fernando Carrera Castro record\u00f3 que la firma, es una renovaci\u00f3n del convenio signado con la anterior Legislatura por lo que continuar\u00e1n trabajando en conjunto con los diputados locales a fin de revisar la legislaci\u00f3n, as\u00ed como para empezar a analizar los delitos que a\u00fan no se contemplan como el reclutamiento de menores para actividades criminales, as\u00ed como explotaci\u00f3n y abuso sexual.<\/p>\n<p>En el evento tambi\u00e9n se cont\u00f3 con la presencia de Peter Grohmann, Coordinador Residente de Naciones Unidas en M\u00e9xico; Daniela de los Santos, titular de la Secretar\u00eda Ejecutiva del Sistema Estatal de Protecci\u00f3n Integral de Ni\u00f1as, Ni\u00f1os y Adolescentes (Sipinna), quien acudi\u00f3 en representaci\u00f3n del Gobernador del Estado; y de Enoc Iv\u00e1n Barrag\u00e1n, en representaci\u00f3n del Poder Judicial del Estado; adem\u00e1s de las y los legisladores Melba Albavera, Teresita de Jes\u00fas Maldonado, Xochitl Ru\u00edz, Nayelli Pedraza, Sandra Arreola, J. Reyes Galindo, Alfredo Anaya, Alejandro Ar\u00e9valo y V\u00edctor Manr\u00edquez.<\/p>\n<p><img loading=\"lazy\" decoding=\"async\" class=\"alignnone size-medium wp-image-64254\" src=\"https:\/\/mediagroup.mx\/wp-content\/uploads\/2025\/03\/WhatsApp-Image-2025-03-19-at-11.15.39-AM-1-300x200.jpeg\" alt=\"\" width=\"300\" height=\"200\" srcset=\"https:\/\/mediagroup.mx\/wp-content\/uploads\/2025\/03\/WhatsApp-Image-2025-03-19-at-11.15.39-AM-1-300x200.jpeg 300w, https:\/\/mediagroup.mx\/wp-content\/uploads\/2025\/03\/WhatsApp-Image-2025-03-19-at-11.15.39-AM-1-1024x682.jpeg 1024w, https:\/\/mediagroup.mx\/wp-content\/uploads\/2025\/03\/WhatsApp-Image-2025-03-19-at-11.15.39-AM-1-768x512.jpeg 768w, https:\/\/mediagroup.mx\/wp-content\/uploads\/2025\/03\/WhatsApp-Image-2025-03-19-at-11.15.39-AM-1-150x100.jpeg 150w, https:\/\/mediagroup.mx\/wp-content\/uploads\/2025\/03\/WhatsApp-Image-2025-03-19-at-11.15.39-AM-1-696x464.jpeg 696w, https:\/\/mediagroup.mx\/wp-content\/uploads\/2025\/03\/WhatsApp-Image-2025-03-19-at-11.15.39-AM-1-1068x712.jpeg 1068w, https:\/\/mediagroup.mx\/wp-content\/uploads\/2025\/03\/WhatsApp-Image-2025-03-19-at-11.15.39-AM-1.jpeg 1280w\" sizes=\"auto, (max-width: 300px) 100vw, 300px\" \/> <img loading=\"lazy\" decoding=\"async\" class=\"alignnone size-medium wp-image-64255\" src=\"https:\/\/mediagroup.mx\/wp-content\/uploads\/2025\/03\/WhatsApp-Image-2025-03-19-at-11.15.39-AM-300x200.jpeg\" alt=\"\" width=\"300\" height=\"200\" srcset=\"https:\/\/mediagroup.mx\/wp-content\/uploads\/2025\/03\/WhatsApp-Image-2025-03-19-at-11.15.39-AM-300x200.jpeg 300w, https:\/\/mediagroup.mx\/wp-content\/uploads\/2025\/03\/WhatsApp-Image-2025-03-19-at-11.15.39-AM-1024x682.jpeg 1024w, https:\/\/mediagroup.mx\/wp-content\/uploads\/2025\/03\/WhatsApp-Image-2025-03-19-at-11.15.39-AM-768x512.jpeg 768w, https:\/\/mediagroup.mx\/wp-content\/uploads\/2025\/03\/WhatsApp-Image-2025-03-19-at-11.15.39-AM-150x100.jpeg 150w, https:\/\/mediagroup.mx\/wp-content\/uploads\/2025\/03\/WhatsApp-Image-2025-03-19-at-11.15.39-AM-696x464.jpeg 696w, https:\/\/mediagroup.mx\/wp-content\/uploads\/2025\/03\/WhatsApp-Image-2025-03-19-at-11.15.39-AM-1068x712.jpeg 1068w, https:\/\/mediagroup.mx\/wp-content\/uploads\/2025\/03\/WhatsApp-Image-2025-03-19-at-11.15.39-AM.jpeg 1280w\" sizes=\"auto, (max-width: 300px) 100vw, 300px\" \/> <img loading=\"lazy\" decoding=\"async\" class=\"alignnone size-medium wp-image-64256\" src=\"https:\/\/mediagroup.mx\/wp-content\/uploads\/2025\/03\/WhatsApp-Image-2025-03-19-at-11.15.38-AM-1-300x200.jpeg\" alt=\"\" width=\"300\" height=\"200\" srcset=\"https:\/\/mediagroup.mx\/wp-content\/uploads\/2025\/03\/WhatsApp-Image-2025-03-19-at-11.15.38-AM-1-300x200.jpeg 300w, https:\/\/mediagroup.mx\/wp-content\/uploads\/2025\/03\/WhatsApp-Image-2025-03-19-at-11.15.38-AM-1-1024x682.jpeg 1024w, https:\/\/mediagroup.mx\/wp-content\/uploads\/2025\/03\/WhatsApp-Image-2025-03-19-at-11.15.38-AM-1-768x512.jpeg 768w, https:\/\/mediagroup.mx\/wp-content\/uploads\/2025\/03\/WhatsApp-Image-2025-03-19-at-11.15.38-AM-1-150x100.jpeg 150w, https:\/\/mediagroup.mx\/wp-content\/uploads\/2025\/03\/WhatsApp-Image-2025-03-19-at-11.15.38-AM-1-696x464.jpeg 696w, https:\/\/mediagroup.mx\/wp-content\/uploads\/2025\/03\/WhatsApp-Image-2025-03-19-at-11.15.38-AM-1-1068x712.jpeg 1068w, https:\/\/mediagroup.mx\/wp-content\/uploads\/2025\/03\/WhatsApp-Image-2025-03-19-at-11.15.38-AM-1.jpeg 1280w\" sizes=\"auto, (max-width: 300px) 100vw, 300px\" \/> <img loading=\"lazy\" decoding=\"async\" class=\"alignnone size-medium wp-image-64257\" src=\"https:\/\/mediagroup.mx\/wp-content\/uploads\/2025\/03\/WhatsApp-Image-2025-03-19-at-11.15.38-AM-300x200.jpeg\" alt=\"\" width=\"300\" height=\"200\" srcset=\"https:\/\/mediagroup.mx\/wp-content\/uploads\/2025\/03\/WhatsApp-Image-2025-03-19-at-11.15.38-AM-300x200.jpeg 300w, https:\/\/mediagroup.mx\/wp-content\/uploads\/2025\/03\/WhatsApp-Image-2025-03-19-at-11.15.38-AM-1024x682.jpeg 1024w, https:\/\/mediagroup.mx\/wp-content\/uploads\/2025\/03\/WhatsApp-Image-2025-03-19-at-11.15.38-AM-768x512.jpeg 768w, https:\/\/mediagroup.mx\/wp-content\/uploads\/2025\/03\/WhatsApp-Image-2025-03-19-at-11.15.38-AM-150x100.jpeg 150w, https:\/\/mediagroup.mx\/wp-content\/uploads\/2025\/03\/WhatsApp-Image-2025-03-19-at-11.15.38-AM-696x464.jpeg 696w, https:\/\/mediagroup.mx\/wp-content\/uploads\/2025\/03\/WhatsApp-Image-2025-03-19-at-11.15.38-AM-1068x712.jpeg 1068w, https:\/\/mediagroup.mx\/wp-content\/uploads\/2025\/03\/WhatsApp-Image-2025-03-19-at-11.15.38-AM.jpeg 1280w\" sizes=\"auto, (max-width: 300px) 100vw, 300px\" \/><\/p>\n","protected":false},"excerpt":{"rendered":"<p>&nbsp; Morelia, Michoac\u00e1n, a 18 de marzo de 2025.- El Congreso del Estado sign\u00f3 un convenio de colaboraci\u00f3n con la oficina en M\u00e9xico de la Naciones Unidas para la Infancia UNICEF con el compromiso de trabajar en favor de las ni\u00f1as, ni\u00f1os y adolescentes de Michoac\u00e1n, en acciones que permitan contar con una mejor legislaci\u00f3n, [&hellip;]<\/p>\n","protected":false},"author":2,"featured_media":64257,"comment_status":"closed","ping_status":"closed","sticky":false,"template":"","format":"standard","meta":{"om_disable_all_campaigns":false,"_monsterinsights_skip_tracking":false,"_monsterinsights_sitenote_active":false,"_monsterinsights_sitenote_note":"","_monsterinsights_sitenote_category":0,"_uf_show_specific_survey":0,"_uf_disable_surveys":false,"_jetpack_memberships_contains_paid_content":false,"footnotes":"","jetpack_publicize_message":"La protecci\u00f3n de las infancias es tarea de todas y todos: Juan Antonio Maga\u00f1a de la Mora\r\n\u2022\u2060  \u2060Congreso del Estado de Michoac\u00e1n signa convenio de colaboraci\u00f3n con la UNICEF M\u00e9xico","jetpack_publicize_feature_enabled":true,"jetpack_social_post_already_shared":true,"jetpack_social_options":{"image_generator_settings":{"template":"highway","default_image_id":0,"enabled":false},"version":2}},"categories":[15,63],"tags":[],"class_list":{"0":"post-64253","1":"post","2":"type-post","3":"status-publish","4":"format-standard","5":"has-post-thumbnail","7":"category-michoacan","8":"category-politica"},"aioseo_notices":[],"jetpack_publicize_connections":[],"jetpack_featured_media_url":"https:\/\/mediagroup.mx\/wp-content\/uploads\/2025\/03\/WhatsApp-Image-2025-03-19-at-11.15.38-AM.jpeg","jetpack_sharing_enabled":true,"_links":{"self":[{"href":"https:\/\/mediagroup.mx\/index.php\/wp-json\/wp\/v2\/posts\/64253","targetHints":{"allow":["GET"]}}],"collection":[{"href":"https:\/\/mediagroup.mx\/index.php\/wp-json\/wp\/v2\/posts"}],"about":[{"href":"https:\/\/mediagroup.mx\/index.php\/wp-json\/wp\/v2\/types\/post"}],"author":[{"embeddable":true,"href":"https:\/\/mediagroup.mx\/index.php\/wp-json\/wp\/v2\/users\/2"}],"replies":[{"embeddable":true,"href":"https:\/\/mediagroup.mx\/index.php\/wp-json\/wp\/v2\/comments?post=64253"}],"version-history":[{"count":1,"href":"https:\/\/mediagroup.mx\/index.php\/wp-json\/wp\/v2\/posts\/64253\/revisions"}],"predecessor-version":[{"id":64258,"href":"https:\/\/mediagroup.mx\/index.php\/wp-json\/wp\/v2\/posts\/64253\/revisions\/64258"}],"wp:featuredmedia":[{"embeddable":true,"href":"https:\/\/mediagroup.mx\/index.php\/wp-json\/wp\/v2\/media\/64257"}],"wp:attachment":[{"href":"https:\/\/mediagroup.mx\/index.php\/wp-json\/wp\/v2\/media?parent=64253"}],"wp:term":[{"taxonomy":"category","embeddable":true,"href":"https:\/\/mediagroup.mx\/index.php\/wp-json\/wp\/v2\/categories?post=64253"},{"taxonomy":"post_tag","embeddable":true,"href":"https:\/\/mediagroup.mx\/index.php\/wp-json\/wp\/v2\/tags?post=64253"}],"curies":[{"name":"wp","href":"https:\/\/api.w.org\/{rel}","templated":true}]}}