{"id":64263,"date":"2025-03-19T12:14:34","date_gmt":"2025-03-19T18:14:34","guid":{"rendered":"https:\/\/mediagroup.mx\/?p=64263"},"modified":"2025-03-19T12:14:34","modified_gmt":"2025-03-19T18:14:34","slug":"se-pronuncia-brissa-arroyo-para-evitar-la-burocratizacion-del-legislativo","status":"publish","type":"post","link":"https:\/\/mediagroup.mx\/index.php\/2025\/03\/19\/se-pronuncia-brissa-arroyo-para-evitar-la-burocratizacion-del-legislativo\/","title":{"rendered":"Se pronuncia Brissa Arroyo para evitar la burocratizaci\u00f3n del Legislativo\u00a0"},"content":{"rendered":"<div>Morelia, Michoac\u00e1n, a 19 de marzo de 2025.-La diputada local Brissa Arroyo, lanz\u00f3 un respetuoso llamado a romper inercias hist\u00f3ricas en el Poder Legislativo y respetar el trabajo de las Comisiones de dictamen as\u00ed como de los Comit\u00e9s.<\/div>\n<div><\/div>\n<div>La Congresista, reiter\u00f3 su compromiso de reivindicar la labor legislativa por lo que en ese sentido exhort\u00f3 a evitar la burocratizaci\u00f3n de la m\u00e1xima tribuna del estado.<\/div>\n<div><\/div>\n<div>Arroyo, -integrante del Grupo Parlamentario del Partido de la Revoluci\u00f3n Democr\u00e1tica (GPPRD)-, explic\u00f3 que el trabajo que se realiza en las diferentes Comisiones de dictamen y Comit\u00e9s no cobra sentido si se frenan las decisiones finales.<\/div>\n<div><\/div>\n<div>\u201cMe parece que es importante no poner tanto filtro a las decisiones de la Legislatura, respetar los esfuerzos que las diputadas y diputados vienen realizando. No debemos permitir la burocratizaci\u00f3n del Congreso\u201d, afirm\u00f3 Arroyo Mart\u00ednez.<\/div>\n<div><\/div>\n<div>La Congresista, presidenta de del Comit\u00e9 de Atenci\u00f3n Ciudadana y Gestor\u00eda, record\u00f3 que no se puede gobernar una sociedad que no se conoce, por ello el llamado a escuchar a todas las voces y empezar desde el interior del Congreso, \u201chay que legislar en serio\u201d, acot\u00f3.<\/div>\n<div><img loading=\"lazy\" decoding=\"async\" class=\"alignnone size-medium wp-image-64264\" src=\"https:\/\/mediagroup.mx\/wp-content\/uploads\/2025\/03\/WhatsApp-Image-2025-03-19-at-11.54.55-AM-225x300.jpeg\" alt=\"\" width=\"225\" height=\"300\" srcset=\"https:\/\/mediagroup.mx\/wp-content\/uploads\/2025\/03\/WhatsApp-Image-2025-03-19-at-11.54.55-AM-225x300.jpeg 225w, https:\/\/mediagroup.mx\/wp-content\/uploads\/2025\/03\/WhatsApp-Image-2025-03-19-at-11.54.55-AM-767x1024.jpeg 767w, https:\/\/mediagroup.mx\/wp-content\/uploads\/2025\/03\/WhatsApp-Image-2025-03-19-at-11.54.55-AM-768x1025.jpeg 768w, https:\/\/mediagroup.mx\/wp-content\/uploads\/2025\/03\/WhatsApp-Image-2025-03-19-at-11.54.55-AM-150x200.jpeg 150w, https:\/\/mediagroup.mx\/wp-content\/uploads\/2025\/03\/WhatsApp-Image-2025-03-19-at-11.54.55-AM-300x400.jpeg 300w, https:\/\/mediagroup.mx\/wp-content\/uploads\/2025\/03\/WhatsApp-Image-2025-03-19-at-11.54.55-AM-696x929.jpeg 696w, https:\/\/mediagroup.mx\/wp-content\/uploads\/2025\/03\/WhatsApp-Image-2025-03-19-at-11.54.55-AM.jpeg 872w\" sizes=\"auto, (max-width: 225px) 100vw, 225px\" \/><\/div>\n","protected":false},"excerpt":{"rendered":"<p>Morelia, Michoac\u00e1n, a 19 de marzo de 2025.-La diputada local Brissa Arroyo, lanz\u00f3 un respetuoso llamado a romper inercias hist\u00f3ricas en el Poder Legislativo y respetar el trabajo de las Comisiones de dictamen as\u00ed como de los Comit\u00e9s. La Congresista, reiter\u00f3 su compromiso de reivindicar la labor legislativa por lo que en ese sentido exhort\u00f3 [&hellip;]<\/p>\n","protected":false},"author":2,"featured_media":64264,"comment_status":"closed","ping_status":"closed","sticky":false,"template":"","format":"standard","meta":{"om_disable_all_campaigns":false,"_monsterinsights_skip_tracking":false,"_monsterinsights_sitenote_active":false,"_monsterinsights_sitenote_note":"","_monsterinsights_sitenote_category":0,"_uf_show_specific_survey":0,"_uf_disable_surveys":false,"_jetpack_memberships_contains_paid_content":false,"footnotes":"","jetpack_publicize_message":"Se pronuncia Brissa Arroyo para evitar la burocratizaci\u00f3n del Legislativo\u00a0\r\n\r\n\r\n\u2022Pide respetar el trabajo de las Comisiones y\u00a0 Comit\u00e9s en el Congreso Local\r\n\u2022El esfuerzo no cobra sentido si se frenan decisiones finales, destaca diputada local\u00a0","jetpack_publicize_feature_enabled":true,"jetpack_social_post_already_shared":true,"jetpack_social_options":{"image_generator_settings":{"template":"highway","default_image_id":0,"enabled":false},"version":2}},"categories":[15,63],"tags":[],"class_list":{"0":"post-64263","1":"post","2":"type-post","3":"status-publish","4":"format-standard","5":"has-post-thumbnail","7":"category-michoacan","8":"category-politica"},"aioseo_notices":[],"jetpack_publicize_connections":[],"jetpack_featured_media_url":"https:\/\/mediagroup.mx\/wp-content\/uploads\/2025\/03\/WhatsApp-Image-2025-03-19-at-11.54.55-AM.jpeg","jetpack_sharing_enabled":true,"_links":{"self":[{"href":"https:\/\/mediagroup.mx\/index.php\/wp-json\/wp\/v2\/posts\/64263","targetHints":{"allow":["GET"]}}],"collection":[{"href":"https:\/\/mediagroup.mx\/index.php\/wp-json\/wp\/v2\/posts"}],"about":[{"href":"https:\/\/mediagroup.mx\/index.php\/wp-json\/wp\/v2\/types\/post"}],"author":[{"embeddable":true,"href":"https:\/\/mediagroup.mx\/index.php\/wp-json\/wp\/v2\/users\/2"}],"replies":[{"embeddable":true,"href":"https:\/\/mediagroup.mx\/index.php\/wp-json\/wp\/v2\/comments?post=64263"}],"version-history":[{"count":1,"href":"https:\/\/mediagroup.mx\/index.php\/wp-json\/wp\/v2\/posts\/64263\/revisions"}],"predecessor-version":[{"id":64265,"href":"https:\/\/mediagroup.mx\/index.php\/wp-json\/wp\/v2\/posts\/64263\/revisions\/64265"}],"wp:featuredmedia":[{"embeddable":true,"href":"https:\/\/mediagroup.mx\/index.php\/wp-json\/wp\/v2\/media\/64264"}],"wp:attachment":[{"href":"https:\/\/mediagroup.mx\/index.php\/wp-json\/wp\/v2\/media?parent=64263"}],"wp:term":[{"taxonomy":"category","embeddable":true,"href":"https:\/\/mediagroup.mx\/index.php\/wp-json\/wp\/v2\/categories?post=64263"},{"taxonomy":"post_tag","embeddable":true,"href":"https:\/\/mediagroup.mx\/index.php\/wp-json\/wp\/v2\/tags?post=64263"}],"curies":[{"name":"wp","href":"https:\/\/api.w.org\/{rel}","templated":true}]}}