{"id":64295,"date":"2025-03-19T12:37:10","date_gmt":"2025-03-19T18:37:10","guid":{"rendered":"https:\/\/mediagroup.mx\/?p=64295"},"modified":"2025-03-19T12:37:10","modified_gmt":"2025-03-19T18:37:10","slug":"mujer-es-asesinada-en-domicilio-de-tejaro-tarimbaro","status":"publish","type":"post","link":"https:\/\/mediagroup.mx\/index.php\/2025\/03\/19\/mujer-es-asesinada-en-domicilio-de-tejaro-tarimbaro\/","title":{"rendered":"Mujer es asesinada en domicilio de T\u00e9jaro, Tar\u00edmbaro"},"content":{"rendered":"<p>&nbsp;<\/p>\n<p>RED 113 MICHOAC\u00c1N\/Redacci\u00f3n<\/p>\n<p>Tar\u00edmbaro, Mich.- Mi\u00e9rcoles 19 de marzo de 2025.- Una joven mujer fue asesinada de un impacto de bala en la cabeza, hecho que ocurri\u00f3 durante la \u00faltima hora de ayer martes en un hogar de la poblaci\u00f3n de T\u00e9jaro de Los Izquierdo, municipio de Tar\u00edmbaro.<\/p>\n<p>Seg\u00fan autoridades policiales, se desconoce el m\u00f3vil de la agresi\u00f3n, as\u00ed como la identidad de quien la perpetr\u00f3. La situaci\u00f3n tuvo lugar en la puerta de acceso al citado inmueble, el cual est\u00e1 localizado en la calle Hidalgo, dentro de la colonia El Calabozo.<\/p>\n<p>Al enterarse del caso, patrulleros municipales y param\u00e9dicos arribaron a la mencionada direcci\u00f3n y confirmaron el deceso de la f\u00e9mina, quien ten\u00eda entre 20 y 27 a\u00f1os de edad, era morena, delgada, de cabello negro; adem\u00e1s, vest\u00eda pantal\u00f3n de mezclilla azul y blusa azul marino, y como se\u00f1a particular se le apreci\u00f3 un tatuaje ilegible en el antebrazo izquierdo, comentaron las fuentes.<\/p>\n<p>Los oficiales delimitaron el \u00e1rea y pidieron la intervenci\u00f3n de la Fiscal\u00eda General del Estado (FGE), cuyos elementos de la Unidad de Servicios Periciales y Escena del Crimen (USPEC) se encargaron de las investigaciones correspondientes y trasladaron el cuerpo a la morgue para la pr\u00e1ctica de la necropsia de rigor.<\/p>\n<p><img loading=\"lazy\" decoding=\"async\" class=\"alignnone size-medium wp-image-64296\" src=\"https:\/\/mediagroup.mx\/wp-content\/uploads\/2025\/03\/WhatsApp-Image-2025-03-19-at-12.15.20-AM-300x157.jpeg\" alt=\"\" width=\"300\" height=\"157\" srcset=\"https:\/\/mediagroup.mx\/wp-content\/uploads\/2025\/03\/WhatsApp-Image-2025-03-19-at-12.15.20-AM-300x157.jpeg 300w, https:\/\/mediagroup.mx\/wp-content\/uploads\/2025\/03\/WhatsApp-Image-2025-03-19-at-12.15.20-AM-1024x535.jpeg 1024w, https:\/\/mediagroup.mx\/wp-content\/uploads\/2025\/03\/WhatsApp-Image-2025-03-19-at-12.15.20-AM-768x401.jpeg 768w, https:\/\/mediagroup.mx\/wp-content\/uploads\/2025\/03\/WhatsApp-Image-2025-03-19-at-12.15.20-AM-150x78.jpeg 150w, https:\/\/mediagroup.mx\/wp-content\/uploads\/2025\/03\/WhatsApp-Image-2025-03-19-at-12.15.20-AM-696x363.jpeg 696w, https:\/\/mediagroup.mx\/wp-content\/uploads\/2025\/03\/WhatsApp-Image-2025-03-19-at-12.15.20-AM-1068x558.jpeg 1068w, https:\/\/mediagroup.mx\/wp-content\/uploads\/2025\/03\/WhatsApp-Image-2025-03-19-at-12.15.20-AM.jpeg 1358w\" sizes=\"auto, (max-width: 300px) 100vw, 300px\" \/><\/p>\n","protected":false},"excerpt":{"rendered":"<p>&nbsp; RED 113 MICHOAC\u00c1N\/Redacci\u00f3n Tar\u00edmbaro, Mich.- Mi\u00e9rcoles 19 de marzo de 2025.- Una joven mujer fue asesinada de un impacto de bala en la cabeza, hecho que ocurri\u00f3 durante la \u00faltima hora de ayer martes en un hogar de la poblaci\u00f3n de T\u00e9jaro de Los Izquierdo, municipio de Tar\u00edmbaro. Seg\u00fan autoridades policiales, se desconoce el [&hellip;]<\/p>\n","protected":false},"author":2,"featured_media":64296,"comment_status":"closed","ping_status":"closed","sticky":false,"template":"","format":"standard","meta":{"om_disable_all_campaigns":false,"_monsterinsights_skip_tracking":false,"_monsterinsights_sitenote_active":false,"_monsterinsights_sitenote_note":"","_monsterinsights_sitenote_category":0,"_uf_show_specific_survey":0,"_uf_disable_surveys":false,"_jetpack_memberships_contains_paid_content":false,"footnotes":"","jetpack_publicize_message":"Mujer es asesinada en domicilio de T\u00e9jaro, Tar\u00edmbaro\r\n\r\n+ La v\u00edctima sufri\u00f3 un letal impacto de bala en la cabeza.\r\n+ Hasta el momento se desconoce el m\u00f3vil del crimen.","jetpack_publicize_feature_enabled":true,"jetpack_social_post_already_shared":true,"jetpack_social_options":{"image_generator_settings":{"template":"highway","default_image_id":0,"enabled":false},"version":2}},"categories":[97,15],"tags":[],"class_list":{"0":"post-64295","1":"post","2":"type-post","3":"status-publish","4":"format-standard","5":"has-post-thumbnail","7":"category-inseguridad","8":"category-michoacan"},"aioseo_notices":[],"jetpack_publicize_connections":[],"jetpack_featured_media_url":"https:\/\/mediagroup.mx\/wp-content\/uploads\/2025\/03\/WhatsApp-Image-2025-03-19-at-12.15.20-AM.jpeg","jetpack_sharing_enabled":true,"_links":{"self":[{"href":"https:\/\/mediagroup.mx\/index.php\/wp-json\/wp\/v2\/posts\/64295","targetHints":{"allow":["GET"]}}],"collection":[{"href":"https:\/\/mediagroup.mx\/index.php\/wp-json\/wp\/v2\/posts"}],"about":[{"href":"https:\/\/mediagroup.mx\/index.php\/wp-json\/wp\/v2\/types\/post"}],"author":[{"embeddable":true,"href":"https:\/\/mediagroup.mx\/index.php\/wp-json\/wp\/v2\/users\/2"}],"replies":[{"embeddable":true,"href":"https:\/\/mediagroup.mx\/index.php\/wp-json\/wp\/v2\/comments?post=64295"}],"version-history":[{"count":1,"href":"https:\/\/mediagroup.mx\/index.php\/wp-json\/wp\/v2\/posts\/64295\/revisions"}],"predecessor-version":[{"id":64297,"href":"https:\/\/mediagroup.mx\/index.php\/wp-json\/wp\/v2\/posts\/64295\/revisions\/64297"}],"wp:featuredmedia":[{"embeddable":true,"href":"https:\/\/mediagroup.mx\/index.php\/wp-json\/wp\/v2\/media\/64296"}],"wp:attachment":[{"href":"https:\/\/mediagroup.mx\/index.php\/wp-json\/wp\/v2\/media?parent=64295"}],"wp:term":[{"taxonomy":"category","embeddable":true,"href":"https:\/\/mediagroup.mx\/index.php\/wp-json\/wp\/v2\/categories?post=64295"},{"taxonomy":"post_tag","embeddable":true,"href":"https:\/\/mediagroup.mx\/index.php\/wp-json\/wp\/v2\/tags?post=64295"}],"curies":[{"name":"wp","href":"https:\/\/api.w.org\/{rel}","templated":true}]}}