{"id":64308,"date":"2025-03-18T13:01:32","date_gmt":"2025-03-18T19:01:32","guid":{"rendered":"https:\/\/mediagroup.mx\/?p=64308"},"modified":"2025-03-19T13:02:45","modified_gmt":"2025-03-19T19:02:45","slug":"jeovana-alcantar-encabezo-el-acto-civico-conmemorativo-del-87-aniversario-de-la-expropiacion-petrolera","status":"publish","type":"post","link":"https:\/\/mediagroup.mx\/index.php\/2025\/03\/18\/jeovana-alcantar-encabezo-el-acto-civico-conmemorativo-del-87-aniversario-de-la-expropiacion-petrolera\/","title":{"rendered":"Jeovana Alc\u00e1ntar, encabez\u00f3 el acto c\u00edvico conmemorativo del 87 Aniversario de la Expropiaci\u00f3n Petrolera"},"content":{"rendered":"<p style=\"text-align: justify;\">En tiempos en que la naci\u00f3n demanda unidad, justicia y compromiso social, inspir\u00e9monos en el ejemplo hist\u00f3rico para que la visi\u00f3n cardenista siga siendo el faro que gu\u00ede nuestras acciones\u00a0 en beneficio de nuestra comunidad, as\u00ed se expres\u00f3 la Presidenta Municipal, Jeovana Alc\u00e1ntar, en el acto c\u00edvico conmemorativo del 87 Aniversario de la Expropiaci\u00f3n Petrolera que llev\u00f3 a cabo el Ayuntamiento en coordinaci\u00f3n con la Escuela Primaria Federal 18 de Marzo Turno Matutino y Vespertino, el evento se desarroll\u00f3 en el Hemiciclo Hidalgo.<\/p>\n<p style=\"text-align: justify;\">La alcaldesa, manifest\u00f3 que hoy se conmemora uno de los episodios m\u00e1s importantes en la historia de nuestra naci\u00f3n, La Expropiaci\u00f3n Petrolera, un acontecimiento her\u00f3ico, diferente, pero de una relevancia tal vez m\u00e1s importante a la de las muchas batallas hist\u00f3ricas, en donde una decisi\u00f3n valiente y patri\u00f3tica dio sustento a una soberan\u00eda nacional que hasta el d\u00eda de hoy constituye la base de nuestra idea de lo que M\u00e9xico representa y que adem\u00e1s fue encabezada por un Michoacano ejemplar, el General, L\u00e1zaro C\u00e1rdenas del R\u00edo.<\/p>\n<p style=\"text-align: justify;\">Dijo que L\u00e1zaro C\u00e1rdenas, demostr\u00f3 con hechos que por encima de todo, siempre debe de estar la patria, este legado, nos compromete como Michoacanos y Ciudad Hidalguenses a seguir luchando con determinaci\u00f3n por el progreso colectivo, por los valores que C\u00e1rdenas defendi\u00f3 con tanto orgullo, trabajar por lo correcto, requiere valor y determinaci\u00f3n, aun m\u00e1s cuando se enfrentan a fuerzas que parecen invencibles, pero Michoac\u00e1n, siempre ha sido tierra de hombres y mujeres valientes que ponen lo correcto por encima de todo.<\/p>\n<p style=\"text-align: justify;\">Manifest\u00f3 que las ni\u00f1as y ni\u00f1os, representan la esperanza, la fuerza y el futuro de M\u00e9xico, hoy al recordar la valent\u00eda de L\u00e1zaro C\u00e1rdenas, los invit\u00f3 a seguir su ejemplo; tengan siempre presente que defender lo correcto, luchar por la justicia y poner el desarrollo colectivo por encima de los intereses personales, es el camino que los convertir\u00e1 en verdaderos l\u00edderes del ma\u00f1ana, crean en ustedes trabajen con honestidad y nunca olviden que el destino de nuestro pa\u00eds esta en sus manos.<\/p>\n<p style=\"text-align: justify;\">Finalmente, mencion\u00f3 que este primer gobierno en la que se siente orgullosa de encabezarlo, donde por primera vez una mujer gobierna, representa un verdadero cambio para Hidalgo, un cambio comprometido con la justicia, con la honestidad y con el servicio p\u00fablico que avanza bajo los preceptos nacionalistas sustentados por el General L\u00e1zaro C\u00e1rdenas, dijo que su compromiso es claro, trabajar siempre con principios, priorizando el progreso de todos por encima de cualquier inter\u00e9s o afinidad personal, porque en Hidalgo, Juntos Avanzamos.<\/p>\n","protected":false},"excerpt":{"rendered":"<p>En tiempos en que la naci\u00f3n demanda unidad, justicia y compromiso social, inspir\u00e9monos en el ejemplo hist\u00f3rico para que la visi\u00f3n cardenista siga siendo el faro que gu\u00ede nuestras acciones\u00a0 en beneficio de nuestra comunidad, as\u00ed se expres\u00f3 la Presidenta Municipal, Jeovana Alc\u00e1ntar, en el acto c\u00edvico conmemorativo del 87 Aniversario de la Expropiaci\u00f3n Petrolera [&hellip;]<\/p>\n","protected":false},"author":2,"featured_media":64309,"comment_status":"closed","ping_status":"closed","sticky":false,"template":"","format":"standard","meta":{"om_disable_all_campaigns":false,"_monsterinsights_skip_tracking":false,"_monsterinsights_sitenote_active":false,"_monsterinsights_sitenote_note":"","_monsterinsights_sitenote_category":0,"_uf_show_specific_survey":0,"_uf_disable_surveys":false,"_jetpack_memberships_contains_paid_content":false,"footnotes":"","jetpack_publicize_message":"Jeovana Alc\u00e1ntar, encabez\u00f3 el acto c\u00edvico conmemorativo del 87 Aniversario de la Expropiaci\u00f3n Petrolera","jetpack_publicize_feature_enabled":true,"jetpack_social_post_already_shared":true,"jetpack_social_options":{"image_generator_settings":{"template":"highway","default_image_id":0,"enabled":false},"version":2}},"categories":[15],"tags":[],"class_list":{"0":"post-64308","1":"post","2":"type-post","3":"status-publish","4":"format-standard","5":"has-post-thumbnail","7":"category-michoacan"},"aioseo_notices":[],"jetpack_publicize_connections":[],"jetpack_featured_media_url":"https:\/\/mediagroup.mx\/wp-content\/uploads\/2025\/03\/WhatsApp-Image-2025-03-18-at-5.56.59-PM.jpeg","jetpack_sharing_enabled":true,"_links":{"self":[{"href":"https:\/\/mediagroup.mx\/index.php\/wp-json\/wp\/v2\/posts\/64308","targetHints":{"allow":["GET"]}}],"collection":[{"href":"https:\/\/mediagroup.mx\/index.php\/wp-json\/wp\/v2\/posts"}],"about":[{"href":"https:\/\/mediagroup.mx\/index.php\/wp-json\/wp\/v2\/types\/post"}],"author":[{"embeddable":true,"href":"https:\/\/mediagroup.mx\/index.php\/wp-json\/wp\/v2\/users\/2"}],"replies":[{"embeddable":true,"href":"https:\/\/mediagroup.mx\/index.php\/wp-json\/wp\/v2\/comments?post=64308"}],"version-history":[{"count":1,"href":"https:\/\/mediagroup.mx\/index.php\/wp-json\/wp\/v2\/posts\/64308\/revisions"}],"predecessor-version":[{"id":64310,"href":"https:\/\/mediagroup.mx\/index.php\/wp-json\/wp\/v2\/posts\/64308\/revisions\/64310"}],"wp:featuredmedia":[{"embeddable":true,"href":"https:\/\/mediagroup.mx\/index.php\/wp-json\/wp\/v2\/media\/64309"}],"wp:attachment":[{"href":"https:\/\/mediagroup.mx\/index.php\/wp-json\/wp\/v2\/media?parent=64308"}],"wp:term":[{"taxonomy":"category","embeddable":true,"href":"https:\/\/mediagroup.mx\/index.php\/wp-json\/wp\/v2\/categories?post=64308"},{"taxonomy":"post_tag","embeddable":true,"href":"https:\/\/mediagroup.mx\/index.php\/wp-json\/wp\/v2\/tags?post=64308"}],"curies":[{"name":"wp","href":"https:\/\/api.w.org\/{rel}","templated":true}]}}