{"id":64311,"date":"2025-03-19T14:18:36","date_gmt":"2025-03-19T20:18:36","guid":{"rendered":"https:\/\/mediagroup.mx\/?p=64311"},"modified":"2025-03-19T14:18:36","modified_gmt":"2025-03-19T20:18:36","slug":"en-2027-65-de-los-michoacanos-quieren-a-una-mujer-como-gobernadora","status":"publish","type":"post","link":"https:\/\/mediagroup.mx\/index.php\/2025\/03\/19\/en-2027-65-de-los-michoacanos-quieren-a-una-mujer-como-gobernadora\/","title":{"rendered":"En 2027, 65% de los michoacanos quieren a una mujer como gobernadora"},"content":{"rendered":"<p style=\"text-align: justify;\">La reciente encuesta de Enkoll, publicada en El Universal, revel\u00f3 que el 65% de los michoacanos prefieren que el pr\u00f3ximo gobierno estatal sea encabezado por una mujer.<\/p>\n<p style=\"text-align: justify;\">La llegada de Claudia Sheinbaum Pardo a la presidencia de M\u00e9xico ha marcado un antes y un despu\u00e9s. Su triunfo demuestra que el pa\u00eds y los michoacanos est\u00e1n listos para confiar en mujeres al mando.<\/p>\n<p style=\"text-align: justify;\">S\u00ed la tendencia se mantiene, el 2027 podr\u00eda marcar un momento hist\u00f3rico: la llegada de la primera gobernadora del estado.<\/p>\n<p style=\"text-align: justify;\">La encuesta se realiz\u00f3 con mil 211 personas entre hombres y mujeres de18 a\u00f1os y m\u00e1s con credencial de elector vigente del domicilio.<\/p>\n","protected":false},"excerpt":{"rendered":"<p>La reciente encuesta de Enkoll, publicada en El Universal, revel\u00f3 que el 65% de los michoacanos prefieren que el pr\u00f3ximo gobierno estatal sea encabezado por una mujer. La llegada de Claudia Sheinbaum Pardo a la presidencia de M\u00e9xico ha marcado un antes y un despu\u00e9s. Su triunfo demuestra que el pa\u00eds y los michoacanos est\u00e1n [&hellip;]<\/p>\n","protected":false},"author":2,"featured_media":64312,"comment_status":"closed","ping_status":"closed","sticky":false,"template":"","format":"standard","meta":{"om_disable_all_campaigns":false,"_monsterinsights_skip_tracking":false,"_monsterinsights_sitenote_active":false,"_monsterinsights_sitenote_note":"","_monsterinsights_sitenote_category":0,"_uf_show_specific_survey":0,"_uf_disable_surveys":false,"_jetpack_memberships_contains_paid_content":false,"footnotes":"","jetpack_publicize_message":"En 2027, 65% de los michoacanos quieren a una mujer como gobernadora","jetpack_publicize_feature_enabled":true,"jetpack_social_post_already_shared":true,"jetpack_social_options":{"image_generator_settings":{"template":"highway","default_image_id":0,"enabled":false},"version":2}},"categories":[15],"tags":[],"class_list":{"0":"post-64311","1":"post","2":"type-post","3":"status-publish","4":"format-standard","5":"has-post-thumbnail","7":"category-michoacan"},"aioseo_notices":[],"jetpack_publicize_connections":[],"jetpack_featured_media_url":"https:\/\/mediagroup.mx\/wp-content\/uploads\/2025\/03\/Postal-Grafica.png","jetpack_sharing_enabled":true,"_links":{"self":[{"href":"https:\/\/mediagroup.mx\/index.php\/wp-json\/wp\/v2\/posts\/64311","targetHints":{"allow":["GET"]}}],"collection":[{"href":"https:\/\/mediagroup.mx\/index.php\/wp-json\/wp\/v2\/posts"}],"about":[{"href":"https:\/\/mediagroup.mx\/index.php\/wp-json\/wp\/v2\/types\/post"}],"author":[{"embeddable":true,"href":"https:\/\/mediagroup.mx\/index.php\/wp-json\/wp\/v2\/users\/2"}],"replies":[{"embeddable":true,"href":"https:\/\/mediagroup.mx\/index.php\/wp-json\/wp\/v2\/comments?post=64311"}],"version-history":[{"count":2,"href":"https:\/\/mediagroup.mx\/index.php\/wp-json\/wp\/v2\/posts\/64311\/revisions"}],"predecessor-version":[{"id":64314,"href":"https:\/\/mediagroup.mx\/index.php\/wp-json\/wp\/v2\/posts\/64311\/revisions\/64314"}],"wp:featuredmedia":[{"embeddable":true,"href":"https:\/\/mediagroup.mx\/index.php\/wp-json\/wp\/v2\/media\/64312"}],"wp:attachment":[{"href":"https:\/\/mediagroup.mx\/index.php\/wp-json\/wp\/v2\/media?parent=64311"}],"wp:term":[{"taxonomy":"category","embeddable":true,"href":"https:\/\/mediagroup.mx\/index.php\/wp-json\/wp\/v2\/categories?post=64311"},{"taxonomy":"post_tag","embeddable":true,"href":"https:\/\/mediagroup.mx\/index.php\/wp-json\/wp\/v2\/tags?post=64311"}],"curies":[{"name":"wp","href":"https:\/\/api.w.org\/{rel}","templated":true}]}}