{"id":64383,"date":"2025-03-19T11:02:46","date_gmt":"2025-03-19T17:02:46","guid":{"rendered":"https:\/\/mediagroup.mx\/?p=64383"},"modified":"2025-03-21T11:07:36","modified_gmt":"2025-03-21T17:07:36","slug":"hallan-a-mujer-lesionada-por-arma-blanca-y-bala-en-la-region-de-lagunillas","status":"publish","type":"post","link":"https:\/\/mediagroup.mx\/index.php\/2025\/03\/19\/hallan-a-mujer-lesionada-por-arma-blanca-y-bala-en-la-region-de-lagunillas\/","title":{"rendered":"Hallan a mujer lesionada por arma blanca y bala en la regi\u00f3n de Lagunillas"},"content":{"rendered":"<p>RED 113 MICHOAC\u00c1N\/Redacci\u00f3n<\/p>\n<p>Lagunillas, Mich.- Mi\u00e9rcoles 19 de marzo de 2025.- Una joven fue encontrada malherida por arma blanca y arma de fuego, esto en una brecha de terracer\u00eda que conduce hacia el Cerro del \u00c1guila, ubicado en el municipio de Lagunillas, comentaron autoridades policiales.<\/p>\n<p>Lo anterior sucedi\u00f3 la ma\u00f1ana de este mi\u00e9rcoles y unas personas lo reportaron al n\u00famero de emergencias, despu\u00e9s acudieron unos patrulleros locales y param\u00e9dicos, quienes otorgaron los primeros auxilios a la f\u00e9mina y la canalizaron a un hospital para su adecuada atenci\u00f3n m\u00e9dica.<\/p>\n<p>La paciente responde al nombre de Litzi Fabiola, de 26 a\u00f1os de edad, a quien se le apreciaron tres lesiones cortantes en la cabeza y dos impactos de proyectil en el antebrazo izquierdo, indicaron las fuentes.<\/p>\n<p>Hasta el momento se desconoce qui\u00e9n o qui\u00e9nes agredieron a la ahora ofendida, as\u00ed como el m\u00f3vil. Se espera que los elementos de la Fiscal\u00eda General del Estado (FGE) emprendan las averiguaciones pertinentes del caso.<\/p>\n<p><img loading=\"lazy\" decoding=\"async\" class=\"alignnone size-medium wp-image-64384\" src=\"https:\/\/mediagroup.mx\/wp-content\/uploads\/2025\/03\/WhatsApp-Image-2025-03-19-at-12.41.27-PM-1-300x169.jpeg\" alt=\"\" width=\"300\" height=\"169\" srcset=\"https:\/\/mediagroup.mx\/wp-content\/uploads\/2025\/03\/WhatsApp-Image-2025-03-19-at-12.41.27-PM-1-300x169.jpeg 300w, https:\/\/mediagroup.mx\/wp-content\/uploads\/2025\/03\/WhatsApp-Image-2025-03-19-at-12.41.27-PM-1-1024x576.jpeg 1024w, https:\/\/mediagroup.mx\/wp-content\/uploads\/2025\/03\/WhatsApp-Image-2025-03-19-at-12.41.27-PM-1-768x432.jpeg 768w, https:\/\/mediagroup.mx\/wp-content\/uploads\/2025\/03\/WhatsApp-Image-2025-03-19-at-12.41.27-PM-1-1536x864.jpeg 1536w, https:\/\/mediagroup.mx\/wp-content\/uploads\/2025\/03\/WhatsApp-Image-2025-03-19-at-12.41.27-PM-1-150x84.jpeg 150w, https:\/\/mediagroup.mx\/wp-content\/uploads\/2025\/03\/WhatsApp-Image-2025-03-19-at-12.41.27-PM-1-696x392.jpeg 696w, https:\/\/mediagroup.mx\/wp-content\/uploads\/2025\/03\/WhatsApp-Image-2025-03-19-at-12.41.27-PM-1-1068x601.jpeg 1068w, https:\/\/mediagroup.mx\/wp-content\/uploads\/2025\/03\/WhatsApp-Image-2025-03-19-at-12.41.27-PM-1.jpeg 1600w\" sizes=\"auto, (max-width: 300px) 100vw, 300px\" \/><\/p>\n","protected":false},"excerpt":{"rendered":"<p>RED 113 MICHOAC\u00c1N\/Redacci\u00f3n Lagunillas, Mich.- Mi\u00e9rcoles 19 de marzo de 2025.- Una joven fue encontrada malherida por arma blanca y arma de fuego, esto en una brecha de terracer\u00eda que conduce hacia el Cerro del \u00c1guila, ubicado en el municipio de Lagunillas, comentaron autoridades policiales. Lo anterior sucedi\u00f3 la ma\u00f1ana de este mi\u00e9rcoles y unas [&hellip;]<\/p>\n","protected":false},"author":2,"featured_media":64384,"comment_status":"closed","ping_status":"closed","sticky":false,"template":"","format":"standard","meta":{"om_disable_all_campaigns":false,"_monsterinsights_skip_tracking":false,"_monsterinsights_sitenote_active":false,"_monsterinsights_sitenote_note":"","_monsterinsights_sitenote_category":0,"_uf_show_specific_survey":0,"_uf_disable_surveys":false,"_jetpack_memberships_contains_paid_content":false,"footnotes":"","jetpack_publicize_message":"Hallan a mujer lesionada por arma blanca y bala en la regi\u00f3n de Lagunillas\r\n\r\n+Ocurri\u00f3 en una brecha de terracer\u00eda rumbo al Cerro del \u00c1guila.","jetpack_publicize_feature_enabled":true,"jetpack_social_post_already_shared":true,"jetpack_social_options":{"image_generator_settings":{"template":"highway","default_image_id":0,"enabled":false},"version":2}},"categories":[97],"tags":[],"class_list":{"0":"post-64383","1":"post","2":"type-post","3":"status-publish","4":"format-standard","5":"has-post-thumbnail","7":"category-inseguridad"},"aioseo_notices":[],"jetpack_publicize_connections":[],"jetpack_featured_media_url":"https:\/\/mediagroup.mx\/wp-content\/uploads\/2025\/03\/WhatsApp-Image-2025-03-19-at-12.41.27-PM-1.jpeg","jetpack_sharing_enabled":true,"_links":{"self":[{"href":"https:\/\/mediagroup.mx\/index.php\/wp-json\/wp\/v2\/posts\/64383","targetHints":{"allow":["GET"]}}],"collection":[{"href":"https:\/\/mediagroup.mx\/index.php\/wp-json\/wp\/v2\/posts"}],"about":[{"href":"https:\/\/mediagroup.mx\/index.php\/wp-json\/wp\/v2\/types\/post"}],"author":[{"embeddable":true,"href":"https:\/\/mediagroup.mx\/index.php\/wp-json\/wp\/v2\/users\/2"}],"replies":[{"embeddable":true,"href":"https:\/\/mediagroup.mx\/index.php\/wp-json\/wp\/v2\/comments?post=64383"}],"version-history":[{"count":1,"href":"https:\/\/mediagroup.mx\/index.php\/wp-json\/wp\/v2\/posts\/64383\/revisions"}],"predecessor-version":[{"id":64385,"href":"https:\/\/mediagroup.mx\/index.php\/wp-json\/wp\/v2\/posts\/64383\/revisions\/64385"}],"wp:featuredmedia":[{"embeddable":true,"href":"https:\/\/mediagroup.mx\/index.php\/wp-json\/wp\/v2\/media\/64384"}],"wp:attachment":[{"href":"https:\/\/mediagroup.mx\/index.php\/wp-json\/wp\/v2\/media?parent=64383"}],"wp:term":[{"taxonomy":"category","embeddable":true,"href":"https:\/\/mediagroup.mx\/index.php\/wp-json\/wp\/v2\/categories?post=64383"},{"taxonomy":"post_tag","embeddable":true,"href":"https:\/\/mediagroup.mx\/index.php\/wp-json\/wp\/v2\/tags?post=64383"}],"curies":[{"name":"wp","href":"https:\/\/api.w.org\/{rel}","templated":true}]}}