{"id":64386,"date":"2025-03-19T11:11:12","date_gmt":"2025-03-19T17:11:12","guid":{"rendered":"https:\/\/mediagroup.mx\/?p=64386"},"modified":"2025-03-21T11:13:35","modified_gmt":"2025-03-21T17:13:35","slug":"investiga-fgr-a-pareja-detenida-armada-en-la-caseta-de-cobro-de-panindicuaro","status":"publish","type":"post","link":"https:\/\/mediagroup.mx\/index.php\/2025\/03\/19\/investiga-fgr-a-pareja-detenida-armada-en-la-caseta-de-cobro-de-panindicuaro\/","title":{"rendered":"Investiga FGR a pareja detenida armada en la caseta de cobro de Panind\u00edcuaro"},"content":{"rendered":"<p>PANIND\u00cdCUARO 19\/03\/25<\/p>\n<p>RED 113 MICHOAC\u00c1N\/Redacci\u00f3n<\/p>\n<p>Panind\u00edcuaro, Mich.- 19 de marzo de 2025.- La Fiscal\u00eda General de la Rep\u00fablica (FGR) en Michoac\u00e1n, inform\u00f3 que ha iniciado carpeta de investigaci\u00f3n en contra de dos personas por su presunta responsabilidad del delito de violaci\u00f3n a la Ley Federal de Armas de Fuego y Explosivos.<\/p>\n<p>De acuerdo con la indagatoria y derivado de trabajos de inteligencia, campo y gabinete, elementos de la Agencia de Investigaci\u00f3n Criminal (AIC) se constituyeron en el kil\u00f3metro 307+000 de la autopista de Occidente M\u00e9xico \u2013 Guadalajara, a la altura de la caseta de cobro de Panind\u00edcuaro, donde detuvieron a dos personas en posesi\u00f3n de un arma de fuego tipo escuadra con tres cargadores y 49 cartuchos \u00fatiles, que iban a bordo de un veh\u00edculo.<\/p>\n<p>La Fiscal\u00eda Federal en el Estado de Michoac\u00e1n, contin\u00faa con la integraci\u00f3n de la indagatoria para, en su momento, obtener los datos de prueba necesarios en contra de los imputados del delito que se contraen en la carpeta de investigaci\u00f3n.<\/p>\n<p>La Fiscal\u00eda Federal en Michoac\u00e1n a trav\u00e9s de El Centro de Denuncia y Atenci\u00f3n Ciudadana (CEDAC) de la Direcci\u00f3n General de Prevenci\u00f3n del Delito y Servicios a la Comunidad es un mecanismo de atenci\u00f3n ciudadana y v\u00ednculo con las diferentes unidades administrativas que conforman la FGR y pone a disposici\u00f3n de la ciudadan\u00eda su correo electr\u00f3nico de denuncia vua,michoacan@fgr.org.mx y tel\u00e9fono 4433225920 y 4433225936.<\/p>\n<p><img loading=\"lazy\" decoding=\"async\" class=\"alignnone size-medium wp-image-64387\" src=\"https:\/\/mediagroup.mx\/wp-content\/uploads\/2025\/03\/WhatsApp-Image-2025-03-19-at-2.03.16-PM-300x276.jpeg\" alt=\"\" width=\"300\" height=\"276\" srcset=\"https:\/\/mediagroup.mx\/wp-content\/uploads\/2025\/03\/WhatsApp-Image-2025-03-19-at-2.03.16-PM-300x276.jpeg 300w, https:\/\/mediagroup.mx\/wp-content\/uploads\/2025\/03\/WhatsApp-Image-2025-03-19-at-2.03.16-PM-1024x943.jpeg 1024w, https:\/\/mediagroup.mx\/wp-content\/uploads\/2025\/03\/WhatsApp-Image-2025-03-19-at-2.03.16-PM-768x707.jpeg 768w, https:\/\/mediagroup.mx\/wp-content\/uploads\/2025\/03\/WhatsApp-Image-2025-03-19-at-2.03.16-PM-150x138.jpeg 150w, https:\/\/mediagroup.mx\/wp-content\/uploads\/2025\/03\/WhatsApp-Image-2025-03-19-at-2.03.16-PM-696x641.jpeg 696w, https:\/\/mediagroup.mx\/wp-content\/uploads\/2025\/03\/WhatsApp-Image-2025-03-19-at-2.03.16-PM-1068x984.jpeg 1068w, https:\/\/mediagroup.mx\/wp-content\/uploads\/2025\/03\/WhatsApp-Image-2025-03-19-at-2.03.16-PM.jpeg 1280w\" sizes=\"auto, (max-width: 300px) 100vw, 300px\" \/><\/p>\n","protected":false},"excerpt":{"rendered":"<p>PANIND\u00cdCUARO 19\/03\/25 RED 113 MICHOAC\u00c1N\/Redacci\u00f3n Panind\u00edcuaro, Mich.- 19 de marzo de 2025.- La Fiscal\u00eda General de la Rep\u00fablica (FGR) en Michoac\u00e1n, inform\u00f3 que ha iniciado carpeta de investigaci\u00f3n en contra de dos personas por su presunta responsabilidad del delito de violaci\u00f3n a la Ley Federal de Armas de Fuego y Explosivos. De acuerdo con la [&hellip;]<\/p>\n","protected":false},"author":2,"featured_media":64389,"comment_status":"closed","ping_status":"closed","sticky":false,"template":"","format":"standard","meta":{"om_disable_all_campaigns":false,"_monsterinsights_skip_tracking":false,"_monsterinsights_sitenote_active":false,"_monsterinsights_sitenote_note":"","_monsterinsights_sitenote_category":0,"_uf_show_specific_survey":0,"_uf_disable_surveys":false,"_jetpack_memberships_contains_paid_content":false,"footnotes":"","jetpack_publicize_message":"Investiga FGR a pareja detenida armada en la caseta de cobro de Panind\u00edcuaro","jetpack_publicize_feature_enabled":true,"jetpack_social_post_already_shared":true,"jetpack_social_options":{"image_generator_settings":{"template":"highway","default_image_id":0,"enabled":false},"version":2}},"categories":[97],"tags":[],"class_list":{"0":"post-64386","1":"post","2":"type-post","3":"status-publish","4":"format-standard","5":"has-post-thumbnail","7":"category-inseguridad"},"aioseo_notices":[],"jetpack_publicize_connections":[],"jetpack_featured_media_url":"https:\/\/mediagroup.mx\/wp-content\/uploads\/2025\/03\/WhatsApp-Image-2025-03-19-at-2.03.16-PM-1.jpeg","jetpack_sharing_enabled":true,"_links":{"self":[{"href":"https:\/\/mediagroup.mx\/index.php\/wp-json\/wp\/v2\/posts\/64386","targetHints":{"allow":["GET"]}}],"collection":[{"href":"https:\/\/mediagroup.mx\/index.php\/wp-json\/wp\/v2\/posts"}],"about":[{"href":"https:\/\/mediagroup.mx\/index.php\/wp-json\/wp\/v2\/types\/post"}],"author":[{"embeddable":true,"href":"https:\/\/mediagroup.mx\/index.php\/wp-json\/wp\/v2\/users\/2"}],"replies":[{"embeddable":true,"href":"https:\/\/mediagroup.mx\/index.php\/wp-json\/wp\/v2\/comments?post=64386"}],"version-history":[{"count":1,"href":"https:\/\/mediagroup.mx\/index.php\/wp-json\/wp\/v2\/posts\/64386\/revisions"}],"predecessor-version":[{"id":64388,"href":"https:\/\/mediagroup.mx\/index.php\/wp-json\/wp\/v2\/posts\/64386\/revisions\/64388"}],"wp:featuredmedia":[{"embeddable":true,"href":"https:\/\/mediagroup.mx\/index.php\/wp-json\/wp\/v2\/media\/64389"}],"wp:attachment":[{"href":"https:\/\/mediagroup.mx\/index.php\/wp-json\/wp\/v2\/media?parent=64386"}],"wp:term":[{"taxonomy":"category","embeddable":true,"href":"https:\/\/mediagroup.mx\/index.php\/wp-json\/wp\/v2\/categories?post=64386"},{"taxonomy":"post_tag","embeddable":true,"href":"https:\/\/mediagroup.mx\/index.php\/wp-json\/wp\/v2\/tags?post=64386"}],"curies":[{"name":"wp","href":"https:\/\/api.w.org\/{rel}","templated":true}]}}