{"id":64391,"date":"2025-03-19T11:13:54","date_gmt":"2025-03-19T17:13:54","guid":{"rendered":"https:\/\/mediagroup.mx\/?p=64391"},"modified":"2025-03-21T11:15:42","modified_gmt":"2025-03-21T17:15:42","slug":"identifican-a-la-joven-asesinada-en-domicilio-de-tejaro-tarimbaro","status":"publish","type":"post","link":"https:\/\/mediagroup.mx\/index.php\/2025\/03\/19\/identifican-a-la-joven-asesinada-en-domicilio-de-tejaro-tarimbaro\/","title":{"rendered":"Identifican a la joven asesinada en domicilio de T\u00e9jaro, Tar\u00edmbaro"},"content":{"rendered":"<p>RED 113 MICHOAC\u00c1N\/Redacci\u00f3n<\/p>\n<p>Tar\u00edmbaro, Mich.- Mi\u00e9rcoles 19 de marzo de 2025.- La joven que fue asesinada de un balazo en la cabeza durante la noche de ayer martes en la puerta de su casa, ubicada en la poblaci\u00f3n de T\u00e9jaro de Los Izquierdo, municipio de Tar\u00edmbaro, ya est\u00e1 identificada, informaron autoridades policiales.<\/p>\n<p>La v\u00edctima respond\u00eda al nombre de Estefan\u00eda, de 24 a\u00f1os de edad, cuyos homicidas al parecer huyeron a bordo de una motocicleta, comentaron las fuentes.<\/p>\n<p>El atentado tuvo lugar en un inmueble de la calle Hidalgo, dentro de la colonia El Calabozo. Unos oficiales locales atendieron la emergencia, pero al llegar encontraron a la f\u00e9mina sin vida, as\u00ed que delimitaron el per\u00edmetro.<\/p>\n<p>Posteriormente arribaron los especialistas de la Unidad de Servicios Periciales y Escena del Crimen (USPEC), quienes iniciaron las investigaciones respectivas y trasladaron el cuerpo a la morgue para la pr\u00e1ctica de la necropsia de ley.<\/p>\n<p>Horas despu\u00e9s el cad\u00e1ver fue reclamado por sus familiares, a efecto de otorgarle sepultura. La Fiscal\u00eda General del Estado (FGE) contin\u00faa con las diligencias del asunto.<\/p>\n<p><img loading=\"lazy\" decoding=\"async\" class=\"alignnone size-medium wp-image-64392\" src=\"https:\/\/mediagroup.mx\/wp-content\/uploads\/2025\/03\/WhatsApp-Image-2025-03-19-at-2.05.04-PM-1-300x144.jpeg\" alt=\"\" width=\"300\" height=\"144\" srcset=\"https:\/\/mediagroup.mx\/wp-content\/uploads\/2025\/03\/WhatsApp-Image-2025-03-19-at-2.05.04-PM-1-300x144.jpeg 300w, https:\/\/mediagroup.mx\/wp-content\/uploads\/2025\/03\/WhatsApp-Image-2025-03-19-at-2.05.04-PM-1-1024x490.jpeg 1024w, https:\/\/mediagroup.mx\/wp-content\/uploads\/2025\/03\/WhatsApp-Image-2025-03-19-at-2.05.04-PM-1-768x368.jpeg 768w, https:\/\/mediagroup.mx\/wp-content\/uploads\/2025\/03\/WhatsApp-Image-2025-03-19-at-2.05.04-PM-1-1536x735.jpeg 1536w, https:\/\/mediagroup.mx\/wp-content\/uploads\/2025\/03\/WhatsApp-Image-2025-03-19-at-2.05.04-PM-1-150x72.jpeg 150w, https:\/\/mediagroup.mx\/wp-content\/uploads\/2025\/03\/WhatsApp-Image-2025-03-19-at-2.05.04-PM-1-696x333.jpeg 696w, https:\/\/mediagroup.mx\/wp-content\/uploads\/2025\/03\/WhatsApp-Image-2025-03-19-at-2.05.04-PM-1-1068x511.jpeg 1068w, https:\/\/mediagroup.mx\/wp-content\/uploads\/2025\/03\/WhatsApp-Image-2025-03-19-at-2.05.04-PM-1.jpeg 1600w\" sizes=\"auto, (max-width: 300px) 100vw, 300px\" \/><\/p>\n","protected":false},"excerpt":{"rendered":"<p>RED 113 MICHOAC\u00c1N\/Redacci\u00f3n Tar\u00edmbaro, Mich.- Mi\u00e9rcoles 19 de marzo de 2025.- La joven que fue asesinada de un balazo en la cabeza durante la noche de ayer martes en la puerta de su casa, ubicada en la poblaci\u00f3n de T\u00e9jaro de Los Izquierdo, municipio de Tar\u00edmbaro, ya est\u00e1 identificada, informaron autoridades policiales. La v\u00edctima respond\u00eda [&hellip;]<\/p>\n","protected":false},"author":2,"featured_media":64392,"comment_status":"closed","ping_status":"closed","sticky":false,"template":"","format":"standard","meta":{"om_disable_all_campaigns":false,"_monsterinsights_skip_tracking":false,"_monsterinsights_sitenote_active":false,"_monsterinsights_sitenote_note":"","_monsterinsights_sitenote_category":0,"_uf_show_specific_survey":0,"_uf_disable_surveys":false,"_jetpack_memberships_contains_paid_content":false,"footnotes":"","jetpack_publicize_message":"Identifican a la joven asesinada en domicilio de T\u00e9jaro, Tar\u00edmbaro\r\n\r\n+ La v\u00edctima sufri\u00f3 un impacto de bala en la cabeza.","jetpack_publicize_feature_enabled":true,"jetpack_social_post_already_shared":true,"jetpack_social_options":{"image_generator_settings":{"template":"highway","default_image_id":0,"enabled":false},"version":2}},"categories":[97],"tags":[],"class_list":{"0":"post-64391","1":"post","2":"type-post","3":"status-publish","4":"format-standard","5":"has-post-thumbnail","7":"category-inseguridad"},"aioseo_notices":[],"jetpack_publicize_connections":[],"jetpack_featured_media_url":"https:\/\/mediagroup.mx\/wp-content\/uploads\/2025\/03\/WhatsApp-Image-2025-03-19-at-2.05.04-PM-1.jpeg","jetpack_sharing_enabled":true,"_links":{"self":[{"href":"https:\/\/mediagroup.mx\/index.php\/wp-json\/wp\/v2\/posts\/64391","targetHints":{"allow":["GET"]}}],"collection":[{"href":"https:\/\/mediagroup.mx\/index.php\/wp-json\/wp\/v2\/posts"}],"about":[{"href":"https:\/\/mediagroup.mx\/index.php\/wp-json\/wp\/v2\/types\/post"}],"author":[{"embeddable":true,"href":"https:\/\/mediagroup.mx\/index.php\/wp-json\/wp\/v2\/users\/2"}],"replies":[{"embeddable":true,"href":"https:\/\/mediagroup.mx\/index.php\/wp-json\/wp\/v2\/comments?post=64391"}],"version-history":[{"count":1,"href":"https:\/\/mediagroup.mx\/index.php\/wp-json\/wp\/v2\/posts\/64391\/revisions"}],"predecessor-version":[{"id":64393,"href":"https:\/\/mediagroup.mx\/index.php\/wp-json\/wp\/v2\/posts\/64391\/revisions\/64393"}],"wp:featuredmedia":[{"embeddable":true,"href":"https:\/\/mediagroup.mx\/index.php\/wp-json\/wp\/v2\/media\/64392"}],"wp:attachment":[{"href":"https:\/\/mediagroup.mx\/index.php\/wp-json\/wp\/v2\/media?parent=64391"}],"wp:term":[{"taxonomy":"category","embeddable":true,"href":"https:\/\/mediagroup.mx\/index.php\/wp-json\/wp\/v2\/categories?post=64391"},{"taxonomy":"post_tag","embeddable":true,"href":"https:\/\/mediagroup.mx\/index.php\/wp-json\/wp\/v2\/tags?post=64391"}],"curies":[{"name":"wp","href":"https:\/\/api.w.org\/{rel}","templated":true}]}}