{"id":64417,"date":"2025-03-19T11:39:11","date_gmt":"2025-03-19T17:39:11","guid":{"rendered":"https:\/\/mediagroup.mx\/?p=64417"},"modified":"2025-03-21T11:40:49","modified_gmt":"2025-03-21T17:40:49","slug":"camioneta-tipo-turismo-se-incendia-tras-choque-contra-camion-militar-en-la-siglo-xxi","status":"publish","type":"post","link":"https:\/\/mediagroup.mx\/index.php\/2025\/03\/19\/camioneta-tipo-turismo-se-incendia-tras-choque-contra-camion-militar-en-la-siglo-xxi\/","title":{"rendered":"Camioneta tipo turismo se incendia tras choque contra cami\u00f3n militar, en la Siglo XXI"},"content":{"rendered":"<p>LA UNI\u00d3N 19\/03\/25<\/p>\n<p>RED 113 MICHOAC\u00c1N\/Redacci\u00f3n<\/p>\n<p>La Uni\u00f3n, Guerrero.- 19 de marzo de 2025.- La tarde de este mi\u00e9rcoles, una camioneta tipo turismo ardi\u00f3 en llamas luego de protagonizar un choque contra un cami\u00f3n militar, sobre la autopista Siglo XXI, sin que por fortuna hubiera v\u00edctimas que lamentar.<\/p>\n<p>El aparatoso accidente se registr\u00f3 a la altura del kil\u00f3metro 279, a unos kil\u00f3metros de la caseta de cobro de Feliciano, donde colisionaron una camioneta Sprinter y un cami\u00f3n tipo Mercedes del Ej\u00e9rcito Mexicano.<\/p>\n<p>La unidad castrense termin\u00f3 con el frente del lado del conductor averiado, en tanto que la otra unidad luego del choque comenz\u00f3 a incendiarse, su conductor se orill\u00f3 y los ocupantes descendieron para ponerse a salvo.<\/p>\n<p>Al lugar acudieron param\u00e9dicos y bomberos locales, mismos que sofocaron el fuego y revisaron a los afectados, mientras que los agentes de la Guardia Nacional Divisi\u00f3n Seguridad en Carreteras e Instalaciones emprendieron los peritajes correspondientes.<\/p>\n<p><img loading=\"lazy\" decoding=\"async\" class=\"alignnone size-medium wp-image-64418\" src=\"https:\/\/mediagroup.mx\/wp-content\/uploads\/2025\/03\/WhatsApp-Image-2025-03-19-at-5.21.13-PM-2-300x219.jpeg\" alt=\"\" width=\"300\" height=\"219\" srcset=\"https:\/\/mediagroup.mx\/wp-content\/uploads\/2025\/03\/WhatsApp-Image-2025-03-19-at-5.21.13-PM-2-300x219.jpeg 300w, https:\/\/mediagroup.mx\/wp-content\/uploads\/2025\/03\/WhatsApp-Image-2025-03-19-at-5.21.13-PM-2-1024x748.jpeg 1024w, https:\/\/mediagroup.mx\/wp-content\/uploads\/2025\/03\/WhatsApp-Image-2025-03-19-at-5.21.13-PM-2-768x561.jpeg 768w, https:\/\/mediagroup.mx\/wp-content\/uploads\/2025\/03\/WhatsApp-Image-2025-03-19-at-5.21.13-PM-2-150x110.jpeg 150w, https:\/\/mediagroup.mx\/wp-content\/uploads\/2025\/03\/WhatsApp-Image-2025-03-19-at-5.21.13-PM-2-696x509.jpeg 696w, https:\/\/mediagroup.mx\/wp-content\/uploads\/2025\/03\/WhatsApp-Image-2025-03-19-at-5.21.13-PM-2-1068x780.jpeg 1068w, https:\/\/mediagroup.mx\/wp-content\/uploads\/2025\/03\/WhatsApp-Image-2025-03-19-at-5.21.13-PM-2.jpeg 1170w\" sizes=\"auto, (max-width: 300px) 100vw, 300px\" \/> <img loading=\"lazy\" decoding=\"async\" class=\"alignnone size-medium wp-image-64419\" src=\"https:\/\/mediagroup.mx\/wp-content\/uploads\/2025\/03\/WhatsApp-Image-2025-03-19-at-5.21.13-PM-1-220x300.jpeg\" alt=\"\" width=\"220\" height=\"300\" srcset=\"https:\/\/mediagroup.mx\/wp-content\/uploads\/2025\/03\/WhatsApp-Image-2025-03-19-at-5.21.13-PM-1-220x300.jpeg 220w, https:\/\/mediagroup.mx\/wp-content\/uploads\/2025\/03\/WhatsApp-Image-2025-03-19-at-5.21.13-PM-1-751x1024.jpeg 751w, https:\/\/mediagroup.mx\/wp-content\/uploads\/2025\/03\/WhatsApp-Image-2025-03-19-at-5.21.13-PM-1-768x1047.jpeg 768w, https:\/\/mediagroup.mx\/wp-content\/uploads\/2025\/03\/WhatsApp-Image-2025-03-19-at-5.21.13-PM-1-1127x1536.jpeg 1127w, https:\/\/mediagroup.mx\/wp-content\/uploads\/2025\/03\/WhatsApp-Image-2025-03-19-at-5.21.13-PM-1-150x204.jpeg 150w, https:\/\/mediagroup.mx\/wp-content\/uploads\/2025\/03\/WhatsApp-Image-2025-03-19-at-5.21.13-PM-1-300x409.jpeg 300w, https:\/\/mediagroup.mx\/wp-content\/uploads\/2025\/03\/WhatsApp-Image-2025-03-19-at-5.21.13-PM-1-696x949.jpeg 696w, https:\/\/mediagroup.mx\/wp-content\/uploads\/2025\/03\/WhatsApp-Image-2025-03-19-at-5.21.13-PM-1-1068x1456.jpeg 1068w, https:\/\/mediagroup.mx\/wp-content\/uploads\/2025\/03\/WhatsApp-Image-2025-03-19-at-5.21.13-PM-1.jpeg 1170w\" sizes=\"auto, (max-width: 220px) 100vw, 220px\" \/> <img loading=\"lazy\" decoding=\"async\" class=\"alignnone size-medium wp-image-64420\" src=\"https:\/\/mediagroup.mx\/wp-content\/uploads\/2025\/03\/WhatsApp-Image-2025-03-19-at-5.21.13-PM-300x169.jpeg\" alt=\"\" width=\"300\" height=\"169\" srcset=\"https:\/\/mediagroup.mx\/wp-content\/uploads\/2025\/03\/WhatsApp-Image-2025-03-19-at-5.21.13-PM-300x169.jpeg 300w, https:\/\/mediagroup.mx\/wp-content\/uploads\/2025\/03\/WhatsApp-Image-2025-03-19-at-5.21.13-PM-1024x576.jpeg 1024w, https:\/\/mediagroup.mx\/wp-content\/uploads\/2025\/03\/WhatsApp-Image-2025-03-19-at-5.21.13-PM-768x432.jpeg 768w, https:\/\/mediagroup.mx\/wp-content\/uploads\/2025\/03\/WhatsApp-Image-2025-03-19-at-5.21.13-PM-1536x864.jpeg 1536w, https:\/\/mediagroup.mx\/wp-content\/uploads\/2025\/03\/WhatsApp-Image-2025-03-19-at-5.21.13-PM-150x84.jpeg 150w, https:\/\/mediagroup.mx\/wp-content\/uploads\/2025\/03\/WhatsApp-Image-2025-03-19-at-5.21.13-PM-696x391.jpeg 696w, https:\/\/mediagroup.mx\/wp-content\/uploads\/2025\/03\/WhatsApp-Image-2025-03-19-at-5.21.13-PM-1068x600.jpeg 1068w, https:\/\/mediagroup.mx\/wp-content\/uploads\/2025\/03\/WhatsApp-Image-2025-03-19-at-5.21.13-PM.jpeg 1599w\" sizes=\"auto, (max-width: 300px) 100vw, 300px\" \/><\/p>\n","protected":false},"excerpt":{"rendered":"<p>LA UNI\u00d3N 19\/03\/25 RED 113 MICHOAC\u00c1N\/Redacci\u00f3n La Uni\u00f3n, Guerrero.- 19 de marzo de 2025.- La tarde de este mi\u00e9rcoles, una camioneta tipo turismo ardi\u00f3 en llamas luego de protagonizar un choque contra un cami\u00f3n militar, sobre la autopista Siglo XXI, sin que por fortuna hubiera v\u00edctimas que lamentar. El aparatoso accidente se registr\u00f3 a la [&hellip;]<\/p>\n","protected":false},"author":2,"featured_media":64418,"comment_status":"closed","ping_status":"closed","sticky":false,"template":"","format":"standard","meta":{"om_disable_all_campaigns":false,"_monsterinsights_skip_tracking":false,"_monsterinsights_sitenote_active":false,"_monsterinsights_sitenote_note":"","_monsterinsights_sitenote_category":0,"_uf_show_specific_survey":0,"_uf_disable_surveys":false,"_jetpack_memberships_contains_paid_content":false,"footnotes":"","jetpack_publicize_message":"","jetpack_publicize_feature_enabled":true,"jetpack_social_post_already_shared":true,"jetpack_social_options":{"image_generator_settings":{"template":"highway","default_image_id":0,"enabled":false},"version":2}},"categories":[97,15],"tags":[],"class_list":{"0":"post-64417","1":"post","2":"type-post","3":"status-publish","4":"format-standard","5":"has-post-thumbnail","7":"category-inseguridad","8":"category-michoacan"},"aioseo_notices":[],"jetpack_publicize_connections":[],"jetpack_featured_media_url":"https:\/\/mediagroup.mx\/wp-content\/uploads\/2025\/03\/WhatsApp-Image-2025-03-19-at-5.21.13-PM-2.jpeg","jetpack_sharing_enabled":true,"_links":{"self":[{"href":"https:\/\/mediagroup.mx\/index.php\/wp-json\/wp\/v2\/posts\/64417","targetHints":{"allow":["GET"]}}],"collection":[{"href":"https:\/\/mediagroup.mx\/index.php\/wp-json\/wp\/v2\/posts"}],"about":[{"href":"https:\/\/mediagroup.mx\/index.php\/wp-json\/wp\/v2\/types\/post"}],"author":[{"embeddable":true,"href":"https:\/\/mediagroup.mx\/index.php\/wp-json\/wp\/v2\/users\/2"}],"replies":[{"embeddable":true,"href":"https:\/\/mediagroup.mx\/index.php\/wp-json\/wp\/v2\/comments?post=64417"}],"version-history":[{"count":1,"href":"https:\/\/mediagroup.mx\/index.php\/wp-json\/wp\/v2\/posts\/64417\/revisions"}],"predecessor-version":[{"id":64421,"href":"https:\/\/mediagroup.mx\/index.php\/wp-json\/wp\/v2\/posts\/64417\/revisions\/64421"}],"wp:featuredmedia":[{"embeddable":true,"href":"https:\/\/mediagroup.mx\/index.php\/wp-json\/wp\/v2\/media\/64418"}],"wp:attachment":[{"href":"https:\/\/mediagroup.mx\/index.php\/wp-json\/wp\/v2\/media?parent=64417"}],"wp:term":[{"taxonomy":"category","embeddable":true,"href":"https:\/\/mediagroup.mx\/index.php\/wp-json\/wp\/v2\/categories?post=64417"},{"taxonomy":"post_tag","embeddable":true,"href":"https:\/\/mediagroup.mx\/index.php\/wp-json\/wp\/v2\/tags?post=64417"}],"curies":[{"name":"wp","href":"https:\/\/api.w.org\/{rel}","templated":true}]}}