{"id":64445,"date":"2025-03-19T12:25:31","date_gmt":"2025-03-19T18:25:31","guid":{"rendered":"https:\/\/mediagroup.mx\/?p=64445"},"modified":"2025-03-21T12:30:57","modified_gmt":"2025-03-21T18:30:57","slug":"en-persecucion-motopatrullero-de-transito-choca-contra-taxi","status":"publish","type":"post","link":"https:\/\/mediagroup.mx\/index.php\/2025\/03\/19\/en-persecucion-motopatrullero-de-transito-choca-contra-taxi\/","title":{"rendered":"En persecuci\u00f3n, motopatrullero de Tr\u00e1nsito choca contra taxi"},"content":{"rendered":"<p>URUAPAN 19\/03\/25<\/p>\n<p>RED 113 MICHOAC\u00c1N\/Redacci\u00f3n<\/p>\n<p>Uruapan, Mich.- 19 de marzo de 2025.- Con heridas de consideraci\u00f3n qued\u00f3 un motopatrullero de Tr\u00e1nsito y Vialidad Municipal al chocar su unidad contra un taxi sobre la calzada La Fuente, a la altura de la colonia La Mora, cuando participaba en la persecuci\u00f3n de un automovilista, quien fue detenido momentos despu\u00e9s por agentes ministeriales.<\/p>\n<p>Trascendi\u00f3 que esta noche, los uniformados realizaban un operativo interinstitucional en la colonia El Color\u00edn, donde le marcaron el alto a una pareja que viajaba en una camioneta, pero el conductor aceler\u00f3 para escapar sobre dicha calzada, con rumbo al Libramiento, inici\u00e1ndose la persecuci\u00f3n.<\/p>\n<p>El motopatrullero segu\u00eda la camioneta cuando a la altura de la calle Clavel, choc\u00f3 contra el costado de un taxi de la l\u00ednea L\u00e1zer, con placas A-077-LCH, resultando herido, siendo trasladado a un hospital, mientras que agentes ministeriales aseguraron la camioneta momentos despu\u00e9s, a unos metros de la tienda Coppel, sin que se conociera si encontraron alg\u00fan objeto il\u00edcito.<\/p>\n<p><img loading=\"lazy\" decoding=\"async\" class=\"alignnone size-medium wp-image-64446\" src=\"https:\/\/mediagroup.mx\/wp-content\/uploads\/2025\/03\/WhatsApp-Image-2025-03-19-at-9.18.14-PM-300x196.jpeg\" alt=\"\" width=\"300\" height=\"196\" srcset=\"https:\/\/mediagroup.mx\/wp-content\/uploads\/2025\/03\/WhatsApp-Image-2025-03-19-at-9.18.14-PM-300x196.jpeg 300w, https:\/\/mediagroup.mx\/wp-content\/uploads\/2025\/03\/WhatsApp-Image-2025-03-19-at-9.18.14-PM-768x503.jpeg 768w, https:\/\/mediagroup.mx\/wp-content\/uploads\/2025\/03\/WhatsApp-Image-2025-03-19-at-9.18.14-PM-150x98.jpeg 150w, https:\/\/mediagroup.mx\/wp-content\/uploads\/2025\/03\/WhatsApp-Image-2025-03-19-at-9.18.14-PM-696x456.jpeg 696w, https:\/\/mediagroup.mx\/wp-content\/uploads\/2025\/03\/WhatsApp-Image-2025-03-19-at-9.18.14-PM.jpeg 915w\" sizes=\"auto, (max-width: 300px) 100vw, 300px\" \/><\/p>\n","protected":false},"excerpt":{"rendered":"<p>URUAPAN 19\/03\/25 RED 113 MICHOAC\u00c1N\/Redacci\u00f3n Uruapan, Mich.- 19 de marzo de 2025.- Con heridas de consideraci\u00f3n qued\u00f3 un motopatrullero de Tr\u00e1nsito y Vialidad Municipal al chocar su unidad contra un taxi sobre la calzada La Fuente, a la altura de la colonia La Mora, cuando participaba en la persecuci\u00f3n de un automovilista, quien fue detenido [&hellip;]<\/p>\n","protected":false},"author":2,"featured_media":64446,"comment_status":"closed","ping_status":"closed","sticky":false,"template":"","format":"standard","meta":{"om_disable_all_campaigns":false,"_monsterinsights_skip_tracking":false,"_monsterinsights_sitenote_active":false,"_monsterinsights_sitenote_note":"","_monsterinsights_sitenote_category":0,"_uf_show_specific_survey":0,"_uf_disable_surveys":false,"_jetpack_memberships_contains_paid_content":false,"footnotes":"","jetpack_publicize_message":"En persecuci\u00f3n, motopatrullero de Tr\u00e1nsito choca contra taxi\r\n\r\n+El uniformado qued\u00f3 herido","jetpack_publicize_feature_enabled":true,"jetpack_social_post_already_shared":true,"jetpack_social_options":{"image_generator_settings":{"template":"highway","default_image_id":0,"enabled":false},"version":2}},"categories":[97],"tags":[],"class_list":{"0":"post-64445","1":"post","2":"type-post","3":"status-publish","4":"format-standard","5":"has-post-thumbnail","7":"category-inseguridad"},"aioseo_notices":[],"jetpack_publicize_connections":[],"jetpack_featured_media_url":"https:\/\/mediagroup.mx\/wp-content\/uploads\/2025\/03\/WhatsApp-Image-2025-03-19-at-9.18.14-PM.jpeg","jetpack_sharing_enabled":true,"_links":{"self":[{"href":"https:\/\/mediagroup.mx\/index.php\/wp-json\/wp\/v2\/posts\/64445","targetHints":{"allow":["GET"]}}],"collection":[{"href":"https:\/\/mediagroup.mx\/index.php\/wp-json\/wp\/v2\/posts"}],"about":[{"href":"https:\/\/mediagroup.mx\/index.php\/wp-json\/wp\/v2\/types\/post"}],"author":[{"embeddable":true,"href":"https:\/\/mediagroup.mx\/index.php\/wp-json\/wp\/v2\/users\/2"}],"replies":[{"embeddable":true,"href":"https:\/\/mediagroup.mx\/index.php\/wp-json\/wp\/v2\/comments?post=64445"}],"version-history":[{"count":1,"href":"https:\/\/mediagroup.mx\/index.php\/wp-json\/wp\/v2\/posts\/64445\/revisions"}],"predecessor-version":[{"id":64447,"href":"https:\/\/mediagroup.mx\/index.php\/wp-json\/wp\/v2\/posts\/64445\/revisions\/64447"}],"wp:featuredmedia":[{"embeddable":true,"href":"https:\/\/mediagroup.mx\/index.php\/wp-json\/wp\/v2\/media\/64446"}],"wp:attachment":[{"href":"https:\/\/mediagroup.mx\/index.php\/wp-json\/wp\/v2\/media?parent=64445"}],"wp:term":[{"taxonomy":"category","embeddable":true,"href":"https:\/\/mediagroup.mx\/index.php\/wp-json\/wp\/v2\/categories?post=64445"},{"taxonomy":"post_tag","embeddable":true,"href":"https:\/\/mediagroup.mx\/index.php\/wp-json\/wp\/v2\/tags?post=64445"}],"curies":[{"name":"wp","href":"https:\/\/api.w.org\/{rel}","templated":true}]}}