{"id":64449,"date":"2025-03-19T12:38:17","date_gmt":"2025-03-19T18:38:17","guid":{"rendered":"https:\/\/mediagroup.mx\/?p=64449"},"modified":"2025-03-21T12:40:30","modified_gmt":"2025-03-21T18:40:30","slug":"dos-lesionados-tras-brutal-choque-de-taxi-y-camioneta-en-la-libre-uruapan-lombardia","status":"publish","type":"post","link":"https:\/\/mediagroup.mx\/index.php\/2025\/03\/19\/dos-lesionados-tras-brutal-choque-de-taxi-y-camioneta-en-la-libre-uruapan-lombardia\/","title":{"rendered":"Dos lesionados tras brutal choque de taxi y camioneta, en la libre Uruapan-Lombard\u00eda"},"content":{"rendered":"<p>URUAPAN 19\/03\/25<\/p>\n<p>RED 113 MICHOAC\u00c1N\/Redacci\u00f3n<\/p>\n<p>Uruapan, Mich.- 19 de marzo de 2025.- Dos personas lesionadas dej\u00f3 un brutal choque de frente entre una camioneta y un taxi de la organizaci\u00f3n \u00abLuis Quintero\u00bb sobre la carretera libre Uruapan-Lombard\u00eda, la tarde de este mi\u00e9rcoles.<\/p>\n<p>En la aparatosa colisi\u00f3n estuvieron involucrados el auto de alquiler y una Nissan pick-up, de color rojo, esto a unos metros del basurero municipal de Uruapan, por lo que al sitio se desplazaron param\u00e9dicos de distintas corporaciones.<\/p>\n<p>Debido al fuerte impacto los veh\u00edculos quedaron convertidos en chatarra y dos personas resultaron con lesiones de consideraci\u00f3n, por lo que fueron atendidas y posteriormente llevadas a un nosocomio sin que se revelaran sus identidades.<\/p>\n<p>Minutos despu\u00e9s al lugar se presentaron elementos de la Guardia Civil para abanderar la zona y realizar el peritaje; la vialidad fue parcialmente cerrada a la circulaci\u00f3n.<img loading=\"lazy\" decoding=\"async\" class=\"alignnone size-medium wp-image-64450\" src=\"https:\/\/mediagroup.mx\/wp-content\/uploads\/2025\/03\/WhatsApp-Image-2025-03-19-at-9.25.53-PM-300x300.jpeg\" alt=\"\" width=\"300\" height=\"300\" srcset=\"https:\/\/mediagroup.mx\/wp-content\/uploads\/2025\/03\/WhatsApp-Image-2025-03-19-at-9.25.53-PM-300x300.jpeg 300w, https:\/\/mediagroup.mx\/wp-content\/uploads\/2025\/03\/WhatsApp-Image-2025-03-19-at-9.25.53-PM-1024x1024.jpeg 1024w, https:\/\/mediagroup.mx\/wp-content\/uploads\/2025\/03\/WhatsApp-Image-2025-03-19-at-9.25.53-PM-150x150.jpeg 150w, https:\/\/mediagroup.mx\/wp-content\/uploads\/2025\/03\/WhatsApp-Image-2025-03-19-at-9.25.53-PM-768x768.jpeg 768w, https:\/\/mediagroup.mx\/wp-content\/uploads\/2025\/03\/WhatsApp-Image-2025-03-19-at-9.25.53-PM-696x696.jpeg 696w, https:\/\/mediagroup.mx\/wp-content\/uploads\/2025\/03\/WhatsApp-Image-2025-03-19-at-9.25.53-PM-1068x1068.jpeg 1068w, https:\/\/mediagroup.mx\/wp-content\/uploads\/2025\/03\/WhatsApp-Image-2025-03-19-at-9.25.53-PM.jpeg 1530w\" sizes=\"auto, (max-width: 300px) 100vw, 300px\" \/> <img loading=\"lazy\" decoding=\"async\" class=\"alignnone size-medium wp-image-64451\" src=\"https:\/\/mediagroup.mx\/wp-content\/uploads\/2025\/03\/WhatsApp-Image-2025-03-19-at-9.25.53-PM-2-300x300.jpeg\" alt=\"\" width=\"300\" height=\"300\" srcset=\"https:\/\/mediagroup.mx\/wp-content\/uploads\/2025\/03\/WhatsApp-Image-2025-03-19-at-9.25.53-PM-2-300x300.jpeg 300w, https:\/\/mediagroup.mx\/wp-content\/uploads\/2025\/03\/WhatsApp-Image-2025-03-19-at-9.25.53-PM-2-1024x1024.jpeg 1024w, https:\/\/mediagroup.mx\/wp-content\/uploads\/2025\/03\/WhatsApp-Image-2025-03-19-at-9.25.53-PM-2-150x150.jpeg 150w, https:\/\/mediagroup.mx\/wp-content\/uploads\/2025\/03\/WhatsApp-Image-2025-03-19-at-9.25.53-PM-2-768x768.jpeg 768w, https:\/\/mediagroup.mx\/wp-content\/uploads\/2025\/03\/WhatsApp-Image-2025-03-19-at-9.25.53-PM-2-696x696.jpeg 696w, https:\/\/mediagroup.mx\/wp-content\/uploads\/2025\/03\/WhatsApp-Image-2025-03-19-at-9.25.53-PM-2-1068x1068.jpeg 1068w, https:\/\/mediagroup.mx\/wp-content\/uploads\/2025\/03\/WhatsApp-Image-2025-03-19-at-9.25.53-PM-2.jpeg 1530w\" sizes=\"auto, (max-width: 300px) 100vw, 300px\" \/> <img loading=\"lazy\" decoding=\"async\" class=\"alignnone size-medium wp-image-64452\" src=\"https:\/\/mediagroup.mx\/wp-content\/uploads\/2025\/03\/WhatsApp-Image-2025-03-19-at-9.25.53-PM-1-300x225.jpeg\" alt=\"\" width=\"300\" height=\"225\" srcset=\"https:\/\/mediagroup.mx\/wp-content\/uploads\/2025\/03\/WhatsApp-Image-2025-03-19-at-9.25.53-PM-1-300x225.jpeg 300w, https:\/\/mediagroup.mx\/wp-content\/uploads\/2025\/03\/WhatsApp-Image-2025-03-19-at-9.25.53-PM-1-1024x768.jpeg 1024w, https:\/\/mediagroup.mx\/wp-content\/uploads\/2025\/03\/WhatsApp-Image-2025-03-19-at-9.25.53-PM-1-768x576.jpeg 768w, https:\/\/mediagroup.mx\/wp-content\/uploads\/2025\/03\/WhatsApp-Image-2025-03-19-at-9.25.53-PM-1-150x113.jpeg 150w, https:\/\/mediagroup.mx\/wp-content\/uploads\/2025\/03\/WhatsApp-Image-2025-03-19-at-9.25.53-PM-1-696x522.jpeg 696w, https:\/\/mediagroup.mx\/wp-content\/uploads\/2025\/03\/WhatsApp-Image-2025-03-19-at-9.25.53-PM-1-1068x801.jpeg 1068w, https:\/\/mediagroup.mx\/wp-content\/uploads\/2025\/03\/WhatsApp-Image-2025-03-19-at-9.25.53-PM-1.jpeg 1280w\" sizes=\"auto, (max-width: 300px) 100vw, 300px\" \/><\/p>\n","protected":false},"excerpt":{"rendered":"<p>URUAPAN 19\/03\/25 RED 113 MICHOAC\u00c1N\/Redacci\u00f3n Uruapan, Mich.- 19 de marzo de 2025.- Dos personas lesionadas dej\u00f3 un brutal choque de frente entre una camioneta y un taxi de la organizaci\u00f3n \u00abLuis Quintero\u00bb sobre la carretera libre Uruapan-Lombard\u00eda, la tarde de este mi\u00e9rcoles. En la aparatosa colisi\u00f3n estuvieron involucrados el auto de alquiler y una Nissan [&hellip;]<\/p>\n","protected":false},"author":2,"featured_media":64452,"comment_status":"closed","ping_status":"closed","sticky":false,"template":"","format":"standard","meta":{"om_disable_all_campaigns":false,"_monsterinsights_skip_tracking":false,"_monsterinsights_sitenote_active":false,"_monsterinsights_sitenote_note":"","_monsterinsights_sitenote_category":0,"_uf_show_specific_survey":0,"_uf_disable_surveys":false,"_jetpack_memberships_contains_paid_content":false,"footnotes":"","jetpack_publicize_message":"Dos lesionados tras brutal choque de taxi y camioneta, en la libre Uruapan-Lombard\u00eda","jetpack_publicize_feature_enabled":true,"jetpack_social_post_already_shared":true,"jetpack_social_options":{"image_generator_settings":{"template":"highway","default_image_id":0,"enabled":false},"version":2}},"categories":[97,15],"tags":[],"class_list":{"0":"post-64449","1":"post","2":"type-post","3":"status-publish","4":"format-standard","5":"has-post-thumbnail","7":"category-inseguridad","8":"category-michoacan"},"aioseo_notices":[],"jetpack_publicize_connections":[],"jetpack_featured_media_url":"https:\/\/mediagroup.mx\/wp-content\/uploads\/2025\/03\/WhatsApp-Image-2025-03-19-at-9.25.53-PM-1.jpeg","jetpack_sharing_enabled":true,"_links":{"self":[{"href":"https:\/\/mediagroup.mx\/index.php\/wp-json\/wp\/v2\/posts\/64449","targetHints":{"allow":["GET"]}}],"collection":[{"href":"https:\/\/mediagroup.mx\/index.php\/wp-json\/wp\/v2\/posts"}],"about":[{"href":"https:\/\/mediagroup.mx\/index.php\/wp-json\/wp\/v2\/types\/post"}],"author":[{"embeddable":true,"href":"https:\/\/mediagroup.mx\/index.php\/wp-json\/wp\/v2\/users\/2"}],"replies":[{"embeddable":true,"href":"https:\/\/mediagroup.mx\/index.php\/wp-json\/wp\/v2\/comments?post=64449"}],"version-history":[{"count":1,"href":"https:\/\/mediagroup.mx\/index.php\/wp-json\/wp\/v2\/posts\/64449\/revisions"}],"predecessor-version":[{"id":64453,"href":"https:\/\/mediagroup.mx\/index.php\/wp-json\/wp\/v2\/posts\/64449\/revisions\/64453"}],"wp:featuredmedia":[{"embeddable":true,"href":"https:\/\/mediagroup.mx\/index.php\/wp-json\/wp\/v2\/media\/64452"}],"wp:attachment":[{"href":"https:\/\/mediagroup.mx\/index.php\/wp-json\/wp\/v2\/media?parent=64449"}],"wp:term":[{"taxonomy":"category","embeddable":true,"href":"https:\/\/mediagroup.mx\/index.php\/wp-json\/wp\/v2\/categories?post=64449"},{"taxonomy":"post_tag","embeddable":true,"href":"https:\/\/mediagroup.mx\/index.php\/wp-json\/wp\/v2\/tags?post=64449"}],"curies":[{"name":"wp","href":"https:\/\/api.w.org\/{rel}","templated":true}]}}