{"id":64783,"date":"2025-03-26T12:32:38","date_gmt":"2025-03-26T18:32:38","guid":{"rendered":"https:\/\/mediagroup.mx\/?p=64783"},"modified":"2025-03-26T12:32:38","modified_gmt":"2025-03-26T18:32:38","slug":"juez-da-90-dias-a-fiscales-para-determinar-si-van-por-pena-de-muerte-para-caro-quintero","status":"publish","type":"post","link":"https:\/\/mediagroup.mx\/index.php\/2025\/03\/26\/juez-da-90-dias-a-fiscales-para-determinar-si-van-por-pena-de-muerte-para-caro-quintero\/","title":{"rendered":"Juez da 90 d\u00edas a fiscales para determinar si van por pena de muerte para Caro Quintero"},"content":{"rendered":"<p class=\"sc__font-paragraph\" style=\"text-align: justify;\">El narcotraficante\u00a0<a title=\"https:\/\/www.eluniversal.com.mx\/nacion\/rafael-caro-quintero-capo-historico-y-responsable-de-la-muerte-de-kiki-camarena\/\" href=\"https:\/\/www.eluniversal.com.mx\/nacion\/rafael-caro-quintero-capo-historico-y-responsable-de-la-muerte-de-kiki-camarena\/\" target=\"_blank\" rel=\"noopener noreferrer\" data-mrf-link=\"https:\/\/www.eluniversal.com.mx\/nacion\/rafael-caro-quintero-capo-historico-y-responsable-de-la-muerte-de-kiki-camarena\/\"><b>Rafael Caro Quintero<\/b><\/a>\u00a0enfrent\u00f3 este mi\u00e9rcoles en su\u00a0<b>audiencia de revisi\u00f3n\u00a0<\/b>en la Corte Federal de Brooklin,\u00a0<b>Nueva York<\/b>, donde el juez dio un plazo de 90 d\u00edas a los fiscales para definir si buscar\u00e1n la\u00a0<b>pena de muerte\u00a0<\/b>para quien fuera l\u00edder del\u00a0<a title=\"https:\/\/www.eluniversal.com.mx\/tag\/cartel-de-guadalajara\/\" href=\"https:\/\/www.eluniversal.com.mx\/tag\/cartel-de-guadalajara\/\" target=\"_blank\" rel=\"noopener noreferrer\" data-mrf-link=\"https:\/\/www.eluniversal.com.mx\/tag\/cartel-de-guadalajara\/\"><b>C\u00e1rtel de Guadalajara<\/b><\/a>, posteriormente de Sinaloa.<\/p>\n<p class=\"sc__font-paragraph\" style=\"text-align: justify;\">Adem\u00e1s, la Corte decidi\u00f3 asignarle a\u00a0<b>Caro Quintero\u00a0<\/b>una\u00a0<b>nueva abogada<\/b>, experta en\u00a0<b>casos complejos<\/b>, en vez del\u00a0<b>abogado de oficio<\/b>\u00a0que actualmente lleva el caso del capo, dado que es su vida la que podr\u00eda estar en juego. La abogada designada es Elizabeth Macedonio, cuyo bufete est\u00e1 radicado en Nueva York.<\/p>\n<p class=\"sc__font-paragraph\" style=\"text-align: justify;\">El juez\u00a0<b>Frederic Block<\/b>, de la corte federal de Brooklyn, en Nueva York, indic\u00f3 que la fiscal\u00eda tiene hasta el 25 de junio para decidir si busca la\u00a0<b>pena m\u00e1xima<\/b>\u00a0para el narcotraficante mexicano, acusado de cuatro delitos: dos de\u00a0<b>narcotr\u00e1fico\u00a0<\/b>internacional, uno por\u00a0<b>empresa criminal\u00a0<\/b>continuada y otro por el asesinato del agente especial de la\u00a0<b>DEA<\/b>,<b>\u00a0Enrique \u00abKiki\u2019 Camarena<\/b>. La audiencia est\u00e1 programada a las 11:00 am.<\/p>\n<div id=\"notsy_container_970816273\" class=\"ELU_VIDEO\" style=\"text-align: justify;\" data-notsy-container-index=\"1\" data-notsy-mapped-container=\"1\">\n<div id=\"video_87300-container\" class=\"nts-container\" data-mobile=\"0\">\n<div id=\"video_87300-sub-container\" class=\"ym-video--sub-container\">\n<div id=\"video_87300-placeholder\"><span style=\"font-family: Verdana, BlinkMacSystemFont, -apple-system, 'Segoe UI', Roboto, Oxygen, Ubuntu, Cantarell, 'Open Sans', 'Helvetica Neue', sans-serif;\">As\u00ed fue la entrega de Caro Quintero a los Estados Unidos. Foto: Especial<\/span><\/div>\n<\/div>\n<\/div>\n<\/div>\n<p class=\"sc__font-paragraph\" style=\"text-align: justify;\">\u00abEs una posibilidad, la decisi\u00f3n no est\u00e1 tomada, pero es una posibilidad\u00bb, afirm\u00f3 la fiscal\u00a0<b>Saritha Komatireddy\u00a0<\/b>al ser preguntada por Block acerca de la posici\u00f3n del ministerio p\u00fablico sobre la pena capital para el conocido como \u00abEl Narco de narcos\u00bb.<\/p>\n<p class=\"sc__font-paragraph\" style=\"text-align: justify;\">El magistrado urgi\u00f3 entonces a la Fiscal\u00eda que avance en el caso y que le haga saber lo antes posible su decisi\u00f3n, as\u00ed como fij\u00f3 un plazo de treinta d\u00edas para que se re\u00fanan finalmente todas las pruebas y evidencias contra Caro Quintero y se formalice la acusaci\u00f3n.<\/p>\n<h2 class=\"sc__header\" style=\"text-align: justify;\">Caro Quintero, criminal de alto riesgo, fue entregado por M\u00e9xico a EU<\/h2>\n<p class=\"sc__font-paragraph\" style=\"text-align: justify;\">Caro Quintero fue uno de los 29 narcos que el gobierno mexicano entreg\u00f3 a Estados Unidos el pasado 27 de febrero. En su primera comparecencia, el 28 de febrero, el mexicano, de 72 a\u00f1os,\u00a0<b>se declar\u00f3 inocente<\/b>\u00a0de los cargos que se le imputan.<\/p>\n<div class=\"wrapper_box_interarticle_1\" style=\"text-align: justify;\">\n<div id=\"responsive_box_interarticle_1\" data-google-query-id=\"COuHxMGwqIwDFZSqpgQdIdwKqg\">\n<div id=\"google_ads_iframe_178068052\/eluniversal.com.mx\/responsive_box_interarticle_1_0__container__\"><\/div>\n<\/div>\n<\/div>\n<p class=\"sc__font-paragraph\" style=\"text-align: justify;\">Por ser considerado\u00a0<b>criminal de alto riesgo<\/b>, Caro Quintero fue detenido en condiciones de aislamiento en la prisi\u00f3n metropolitana de Brooklyn.<\/p>\n<p class=\"sc__font-paragraph\" style=\"text-align: justify;\">La fiscal Komatireddy present\u00f3 un escrito se\u00f1alando la decisi\u00f3n de colocar a Caro Quintero bajo \u201cmedidas especiales administrativas\u00bb, o\u00a0<b>SMA<\/b>, que incluyen restricci\u00f3n de comunicaciones y contactos, incluyendo su abogado.<\/p>\n<div class=\"wrapper_box_interarticle_2\" style=\"text-align: justify;\">\n<div id=\"responsive_box_interarticle_2\" data-google-query-id=\"COyHxMGwqIwDFZSqpgQdIdwKqg\">\n<div id=\"google_ads_iframe_178068052\/eluniversal.com.mx\/responsive_box_interarticle_2_0__container__\"><span style=\"color: var(--td_text_color, #111111); font-family: Roboto, sans-serif; font-size: 27px;\">El sobrino de Caro Quintero, dentro del mismo caso<\/span><\/div>\n<\/div>\n<\/div>\n<p class=\"sc__font-paragraph\" style=\"text-align: justify;\">En la comparecencia de hoy, Caro Quintero, quien no evidenci\u00f3 ning\u00fan problema f\u00edsico de salud y se mantuvo atento a cada detalle de la sesi\u00f3n, comparti\u00f3 sala con su sobrino\u00a0<b>Ismael Arellanes, alias \u00abMayel\u00bb.<\/b><\/p>\n<p class=\"sc__font-paragraph\" style=\"text-align: justify;\">\u00c9ste era el encargado de brindar seguridad y protecci\u00f3n a su t\u00edo, y fue capturado durante un operativo en Culiac\u00e1n (Sinaloa) en 2020 y luego entregado a autoridades estadounidenses en 2023.<\/p>\n<p class=\"sc__font-paragraph\" style=\"text-align: justify;\">\u00abMayel\u00bb, seg\u00fan detall\u00f3 el juez Block, figura en el caso contra Caro Quintero enfrentando cargos muy similares a su t\u00edo.<\/p>\n<p class=\"sc__font-paragraph\" style=\"text-align: justify;\">Por su parte, la Fiscal\u00eda y la defensa de \u00abMayel\u00bb esgrimieron que \u00abest\u00e1n en negociaciones\u00bb para\u00a0<b>colaborar<\/b>\u00a0con las autoridades.<\/p>\n<p class=\"sc__font-paragraph\" style=\"text-align: justify;\">\u00abEstamos a la espera de pruebas importantes que deben llegarnos desde M\u00e9xico pero se han retrasado\u00bb, argument\u00f3 la defensa de \u00abMayel\u00bb, quien tambi\u00e9n debe comparecer el pr\u00f3ximo 25 de junio a su t\u00edo en esta corte.<\/p>\n<p>V\u00eda: El Universal<\/p>\n","protected":false},"excerpt":{"rendered":"<p>El narcotraficante\u00a0Rafael Caro Quintero\u00a0enfrent\u00f3 este mi\u00e9rcoles en su\u00a0audiencia de revisi\u00f3n\u00a0en la Corte Federal de Brooklin,\u00a0Nueva York, donde el juez dio un plazo de 90 d\u00edas a los fiscales para definir si buscar\u00e1n la\u00a0pena de muerte\u00a0para quien fuera l\u00edder del\u00a0C\u00e1rtel de Guadalajara, posteriormente de Sinaloa. Adem\u00e1s, la Corte decidi\u00f3 asignarle a\u00a0Caro Quintero\u00a0una\u00a0nueva abogada, experta en\u00a0casos complejos, [&hellip;]<\/p>\n","protected":false},"author":2,"featured_media":64784,"comment_status":"closed","ping_status":"closed","sticky":false,"template":"","format":"standard","meta":{"om_disable_all_campaigns":false,"_monsterinsights_skip_tracking":false,"_monsterinsights_sitenote_active":false,"_monsterinsights_sitenote_note":"","_monsterinsights_sitenote_category":0,"_uf_show_specific_survey":0,"_uf_disable_surveys":false,"_jetpack_memberships_contains_paid_content":false,"footnotes":"","jetpack_publicize_message":"Juez da 90 d\u00edas a fiscales para determinar si van por pena de muerte para Caro Quintero","jetpack_publicize_feature_enabled":true,"jetpack_social_post_already_shared":true,"jetpack_social_options":{"image_generator_settings":{"template":"highway","default_image_id":0,"enabled":false},"version":2}},"categories":[6],"tags":[],"class_list":{"0":"post-64783","1":"post","2":"type-post","3":"status-publish","4":"format-standard","5":"has-post-thumbnail","7":"category-global"},"aioseo_notices":[],"jetpack_publicize_connections":[],"jetpack_featured_media_url":"https:\/\/mediagroup.mx\/wp-content\/uploads\/2025\/03\/Captura-de-pantalla-2025-03-26-a-las-12.31.10.png","jetpack_sharing_enabled":true,"_links":{"self":[{"href":"https:\/\/mediagroup.mx\/index.php\/wp-json\/wp\/v2\/posts\/64783","targetHints":{"allow":["GET"]}}],"collection":[{"href":"https:\/\/mediagroup.mx\/index.php\/wp-json\/wp\/v2\/posts"}],"about":[{"href":"https:\/\/mediagroup.mx\/index.php\/wp-json\/wp\/v2\/types\/post"}],"author":[{"embeddable":true,"href":"https:\/\/mediagroup.mx\/index.php\/wp-json\/wp\/v2\/users\/2"}],"replies":[{"embeddable":true,"href":"https:\/\/mediagroup.mx\/index.php\/wp-json\/wp\/v2\/comments?post=64783"}],"version-history":[{"count":1,"href":"https:\/\/mediagroup.mx\/index.php\/wp-json\/wp\/v2\/posts\/64783\/revisions"}],"predecessor-version":[{"id":64785,"href":"https:\/\/mediagroup.mx\/index.php\/wp-json\/wp\/v2\/posts\/64783\/revisions\/64785"}],"wp:featuredmedia":[{"embeddable":true,"href":"https:\/\/mediagroup.mx\/index.php\/wp-json\/wp\/v2\/media\/64784"}],"wp:attachment":[{"href":"https:\/\/mediagroup.mx\/index.php\/wp-json\/wp\/v2\/media?parent=64783"}],"wp:term":[{"taxonomy":"category","embeddable":true,"href":"https:\/\/mediagroup.mx\/index.php\/wp-json\/wp\/v2\/categories?post=64783"},{"taxonomy":"post_tag","embeddable":true,"href":"https:\/\/mediagroup.mx\/index.php\/wp-json\/wp\/v2\/tags?post=64783"}],"curies":[{"name":"wp","href":"https:\/\/api.w.org\/{rel}","templated":true}]}}