{"id":64798,"date":"2025-03-26T14:10:27","date_gmt":"2025-03-26T20:10:27","guid":{"rendered":"https:\/\/mediagroup.mx\/?p=64798"},"modified":"2025-03-26T14:10:45","modified_gmt":"2025-03-26T20:10:45","slug":"localizan-a-hombre-maniatado-y-baleado-en-alvaro-obregon","status":"publish","type":"post","link":"https:\/\/mediagroup.mx\/index.php\/2025\/03\/26\/localizan-a-hombre-maniatado-y-baleado-en-alvaro-obregon\/","title":{"rendered":"Localizan a hombre maniatado y baleado en \u00c1lvaro Obreg\u00f3n"},"content":{"rendered":"<p>RED 113 MICHOAC\u00c1N\/Redacci\u00f3n<\/p>\n<p>\u00c1lvaro Obreg\u00f3n, Mich.- Mi\u00e9rcoles 26 de marzo de 2025.- Un hombre ultimado a balazos y maniatado fue localizado en el municipio de \u00c1lvaro Obreg\u00f3n, informaron autoridades policiales, las cuales agregaron que la v\u00edctima no est\u00e1 identificada.<\/p>\n<p>El hecho ocurri\u00f3 ayer martes a la altura del sitio popularmente conocido como El Quiosco, a la orilla del camino que conduce al denominado \u00abBanco de Tierra\u00bb.<\/p>\n<p>Seg\u00fan las fuentes, al interfecto se le apreciaron heridas de proyectil de arma de fuego en la cabeza; el sujeto era complexi\u00f3n delgada, piel morena, vest\u00eda pantal\u00f3n de mezclilla azul, sudadera gris y calzado deportivo negro.<\/p>\n<p>Unos patrulleros locales se presentaron en la escena para acordonarla y proteger los indicios, despu\u00e9s el personal especializado de la Fiscal\u00eda General del Estado (FGE) se encarg\u00f3 de las averiguaciones respectivas y llev\u00f3 el cuerpo a la morgue para la pr\u00e1ctica de la necropsia de rigor.<\/p>\n<p><img loading=\"lazy\" decoding=\"async\" class=\"alignnone size-medium wp-image-64799\" src=\"https:\/\/mediagroup.mx\/wp-content\/uploads\/2025\/03\/WhatsApp-Image-2025-03-26-at-11.19.01-AM-1-300x135.jpeg\" alt=\"\" width=\"300\" height=\"135\" srcset=\"https:\/\/mediagroup.mx\/wp-content\/uploads\/2025\/03\/WhatsApp-Image-2025-03-26-at-11.19.01-AM-1-300x135.jpeg 300w, https:\/\/mediagroup.mx\/wp-content\/uploads\/2025\/03\/WhatsApp-Image-2025-03-26-at-11.19.01-AM-1-1024x460.jpeg 1024w, https:\/\/mediagroup.mx\/wp-content\/uploads\/2025\/03\/WhatsApp-Image-2025-03-26-at-11.19.01-AM-1-768x345.jpeg 768w, https:\/\/mediagroup.mx\/wp-content\/uploads\/2025\/03\/WhatsApp-Image-2025-03-26-at-11.19.01-AM-1-1536x690.jpeg 1536w, https:\/\/mediagroup.mx\/wp-content\/uploads\/2025\/03\/WhatsApp-Image-2025-03-26-at-11.19.01-AM-1-150x67.jpeg 150w, https:\/\/mediagroup.mx\/wp-content\/uploads\/2025\/03\/WhatsApp-Image-2025-03-26-at-11.19.01-AM-1-696x313.jpeg 696w, https:\/\/mediagroup.mx\/wp-content\/uploads\/2025\/03\/WhatsApp-Image-2025-03-26-at-11.19.01-AM-1-1068x480.jpeg 1068w, https:\/\/mediagroup.mx\/wp-content\/uploads\/2025\/03\/WhatsApp-Image-2025-03-26-at-11.19.01-AM-1.jpeg 1600w\" sizes=\"auto, (max-width: 300px) 100vw, 300px\" \/> <img loading=\"lazy\" decoding=\"async\" class=\"alignnone size-medium wp-image-64800\" src=\"https:\/\/mediagroup.mx\/wp-content\/uploads\/2025\/03\/WhatsApp-Image-2025-03-26-at-11.19.01-AM-300x300.jpeg\" alt=\"\" width=\"300\" height=\"300\" srcset=\"https:\/\/mediagroup.mx\/wp-content\/uploads\/2025\/03\/WhatsApp-Image-2025-03-26-at-11.19.01-AM-300x301.jpeg 300w, https:\/\/mediagroup.mx\/wp-content\/uploads\/2025\/03\/WhatsApp-Image-2025-03-26-at-11.19.01-AM-1021x1024.jpeg 1021w, https:\/\/mediagroup.mx\/wp-content\/uploads\/2025\/03\/WhatsApp-Image-2025-03-26-at-11.19.01-AM-150x150.jpeg 150w, https:\/\/mediagroup.mx\/wp-content\/uploads\/2025\/03\/WhatsApp-Image-2025-03-26-at-11.19.01-AM-768x770.jpeg 768w, https:\/\/mediagroup.mx\/wp-content\/uploads\/2025\/03\/WhatsApp-Image-2025-03-26-at-11.19.01-AM-696x698.jpeg 696w, https:\/\/mediagroup.mx\/wp-content\/uploads\/2025\/03\/WhatsApp-Image-2025-03-26-at-11.19.01-AM-1068x1071.jpeg 1068w, https:\/\/mediagroup.mx\/wp-content\/uploads\/2025\/03\/WhatsApp-Image-2025-03-26-at-11.19.01-AM.jpeg 1496w\" sizes=\"auto, (max-width: 300px) 100vw, 300px\" \/><\/p>\n","protected":false},"excerpt":{"rendered":"<p>RED 113 MICHOAC\u00c1N\/Redacci\u00f3n \u00c1lvaro Obreg\u00f3n, Mich.- Mi\u00e9rcoles 26 de marzo de 2025.- Un hombre ultimado a balazos y maniatado fue localizado en el municipio de \u00c1lvaro Obreg\u00f3n, informaron autoridades policiales, las cuales agregaron que la v\u00edctima no est\u00e1 identificada. El hecho ocurri\u00f3 ayer martes a la altura del sitio popularmente conocido como El Quiosco, a [&hellip;]<\/p>\n","protected":false},"author":2,"featured_media":64799,"comment_status":"closed","ping_status":"closed","sticky":false,"template":"","format":"standard","meta":{"om_disable_all_campaigns":false,"_monsterinsights_skip_tracking":false,"_monsterinsights_sitenote_active":false,"_monsterinsights_sitenote_note":"","_monsterinsights_sitenote_category":0,"_uf_show_specific_survey":0,"_uf_disable_surveys":false,"_jetpack_memberships_contains_paid_content":false,"footnotes":"","jetpack_publicize_message":"Localizan a hombre maniatado y baleado en \u00c1lvaro Obreg\u00f3n\r\n\r\n+ El susodicho ya no ten\u00eda signos vitales y su identidad es desconocida.","jetpack_publicize_feature_enabled":true,"jetpack_social_post_already_shared":true,"jetpack_social_options":{"image_generator_settings":{"template":"highway","default_image_id":0,"enabled":false},"version":2}},"categories":[36],"tags":[],"class_list":{"0":"post-64798","1":"post","2":"type-post","3":"status-publish","4":"format-standard","5":"has-post-thumbnail","7":"category-michoacanseguridad"},"aioseo_notices":[],"jetpack_publicize_connections":[],"jetpack_featured_media_url":"https:\/\/mediagroup.mx\/wp-content\/uploads\/2025\/03\/WhatsApp-Image-2025-03-26-at-11.19.01-AM-1.jpeg","jetpack_sharing_enabled":true,"_links":{"self":[{"href":"https:\/\/mediagroup.mx\/index.php\/wp-json\/wp\/v2\/posts\/64798","targetHints":{"allow":["GET"]}}],"collection":[{"href":"https:\/\/mediagroup.mx\/index.php\/wp-json\/wp\/v2\/posts"}],"about":[{"href":"https:\/\/mediagroup.mx\/index.php\/wp-json\/wp\/v2\/types\/post"}],"author":[{"embeddable":true,"href":"https:\/\/mediagroup.mx\/index.php\/wp-json\/wp\/v2\/users\/2"}],"replies":[{"embeddable":true,"href":"https:\/\/mediagroup.mx\/index.php\/wp-json\/wp\/v2\/comments?post=64798"}],"version-history":[{"count":1,"href":"https:\/\/mediagroup.mx\/index.php\/wp-json\/wp\/v2\/posts\/64798\/revisions"}],"predecessor-version":[{"id":64801,"href":"https:\/\/mediagroup.mx\/index.php\/wp-json\/wp\/v2\/posts\/64798\/revisions\/64801"}],"wp:featuredmedia":[{"embeddable":true,"href":"https:\/\/mediagroup.mx\/index.php\/wp-json\/wp\/v2\/media\/64799"}],"wp:attachment":[{"href":"https:\/\/mediagroup.mx\/index.php\/wp-json\/wp\/v2\/media?parent=64798"}],"wp:term":[{"taxonomy":"category","embeddable":true,"href":"https:\/\/mediagroup.mx\/index.php\/wp-json\/wp\/v2\/categories?post=64798"},{"taxonomy":"post_tag","embeddable":true,"href":"https:\/\/mediagroup.mx\/index.php\/wp-json\/wp\/v2\/tags?post=64798"}],"curies":[{"name":"wp","href":"https:\/\/api.w.org\/{rel}","templated":true}]}}