{"id":64803,"date":"2025-03-26T14:14:10","date_gmt":"2025-03-26T20:14:10","guid":{"rendered":"https:\/\/mediagroup.mx\/?p=64803"},"modified":"2025-03-26T14:14:10","modified_gmt":"2025-03-26T20:14:10","slug":"exhibicion-y-competencias-de-canotaje-en-la-isla-de-uranden-el-sabado-de-gloria","status":"publish","type":"post","link":"https:\/\/mediagroup.mx\/index.php\/2025\/03\/26\/exhibicion-y-competencias-de-canotaje-en-la-isla-de-uranden-el-sabado-de-gloria\/","title":{"rendered":"Exhibici\u00f3n y competencias de Canotaje, en la Isla de Urand\u00e9n el S\u00e1bado de Gloria"},"content":{"rendered":"<p>P\u00c1TZCUARO 26\/03\/25<\/p>\n<p>RED 113 MICHOAC\u00c1N\/Redacci\u00f3n<\/p>\n<p>P\u00e1tzcuaro, Mich.- 26 de marzo de 2025.- Con una exhibici\u00f3n de Canotaje y competencias en diferentes categor\u00edas, desde pre-infantil hasta veteranos, se llevar\u00e1 a cabo la Regata Nacional, en la Isla de Urand\u00e9n de Morelos, el pr\u00f3ximo 19 de abril.<\/p>\n<p>Juan Carlos Leon Quirino, Director T\u00e9cnico de Canotaje del Estado y organizador del evento, explic\u00f3 que la convocatoria est\u00e1 abierta a partir del d\u00eda de hoy, en Canoa Canadiense y Canoa Tarasca.<\/p>\n<p>Asimismo manifest\u00f3 que, por primera vez, habr\u00e1 premios en efectivo para los ganadores, con un total de 5 mil pesos para el primer lugar en la categor\u00eda de canoa canadiense y 3 mil pesos para el primer lugar en la categor\u00eda de Canoa Tarasca.<\/p>\n<p>Le\u00f3n Quirino, mencion\u00f3 que el costo de inscripci\u00f3n es de $200 pesos para la categor\u00eda de Canoa Canadiense, y de $150 para la categor\u00eda de Canoa Tarasca, resaltando que para apartar su lugar, los interesados deben enviar un mensaje de WhatsApp al n\u00famero 443-363-8632.<\/p>\n<p>Es importante mencionar que se espera la participaci\u00f3n de deportistas de otros estados de la Rep\u00fablica, por lo que es recomendable asegurar su lugar lo antes posible.<\/p>\n<p>Tambi\u00e9n, expres\u00f3 que, \u201cagradezco la autorizaci\u00f3n del presidente de la Federaci\u00f3n Mexicana de Canotaje para realizar este evento y tambi\u00e9n agradecer el apoyo del gobernador y del director de deportes\u201d dijo.<\/p>\n<p><img loading=\"lazy\" decoding=\"async\" class=\"alignnone size-medium wp-image-64804\" src=\"https:\/\/mediagroup.mx\/wp-content\/uploads\/2025\/03\/WhatsApp-Image-2025-03-26-at-11.24.01-AM-1-300x225.jpeg\" alt=\"\" width=\"300\" height=\"225\" srcset=\"https:\/\/mediagroup.mx\/wp-content\/uploads\/2025\/03\/WhatsApp-Image-2025-03-26-at-11.24.01-AM-1-300x225.jpeg 300w, https:\/\/mediagroup.mx\/wp-content\/uploads\/2025\/03\/WhatsApp-Image-2025-03-26-at-11.24.01-AM-1-1024x768.jpeg 1024w, https:\/\/mediagroup.mx\/wp-content\/uploads\/2025\/03\/WhatsApp-Image-2025-03-26-at-11.24.01-AM-1-768x576.jpeg 768w, https:\/\/mediagroup.mx\/wp-content\/uploads\/2025\/03\/WhatsApp-Image-2025-03-26-at-11.24.01-AM-1-1536x1152.jpeg 1536w, https:\/\/mediagroup.mx\/wp-content\/uploads\/2025\/03\/WhatsApp-Image-2025-03-26-at-11.24.01-AM-1-2048x1536.jpeg 2048w, https:\/\/mediagroup.mx\/wp-content\/uploads\/2025\/03\/WhatsApp-Image-2025-03-26-at-11.24.01-AM-1-150x113.jpeg 150w, https:\/\/mediagroup.mx\/wp-content\/uploads\/2025\/03\/WhatsApp-Image-2025-03-26-at-11.24.01-AM-1-696x522.jpeg 696w, https:\/\/mediagroup.mx\/wp-content\/uploads\/2025\/03\/WhatsApp-Image-2025-03-26-at-11.24.01-AM-1-1068x801.jpeg 1068w, https:\/\/mediagroup.mx\/wp-content\/uploads\/2025\/03\/WhatsApp-Image-2025-03-26-at-11.24.01-AM-1-1920x1440.jpeg 1920w\" sizes=\"auto, (max-width: 300px) 100vw, 300px\" \/> <img loading=\"lazy\" decoding=\"async\" class=\"alignnone size-medium wp-image-64805\" src=\"https:\/\/mediagroup.mx\/wp-content\/uploads\/2025\/03\/WhatsApp-Image-2025-03-26-at-11.24.01-AM-300x225.jpeg\" alt=\"\" width=\"300\" height=\"225\" srcset=\"https:\/\/mediagroup.mx\/wp-content\/uploads\/2025\/03\/WhatsApp-Image-2025-03-26-at-11.24.01-AM-300x225.jpeg 300w, https:\/\/mediagroup.mx\/wp-content\/uploads\/2025\/03\/WhatsApp-Image-2025-03-26-at-11.24.01-AM-1024x768.jpeg 1024w, https:\/\/mediagroup.mx\/wp-content\/uploads\/2025\/03\/WhatsApp-Image-2025-03-26-at-11.24.01-AM-768x576.jpeg 768w, https:\/\/mediagroup.mx\/wp-content\/uploads\/2025\/03\/WhatsApp-Image-2025-03-26-at-11.24.01-AM-1536x1152.jpeg 1536w, https:\/\/mediagroup.mx\/wp-content\/uploads\/2025\/03\/WhatsApp-Image-2025-03-26-at-11.24.01-AM-2048x1536.jpeg 2048w, https:\/\/mediagroup.mx\/wp-content\/uploads\/2025\/03\/WhatsApp-Image-2025-03-26-at-11.24.01-AM-150x113.jpeg 150w, https:\/\/mediagroup.mx\/wp-content\/uploads\/2025\/03\/WhatsApp-Image-2025-03-26-at-11.24.01-AM-696x522.jpeg 696w, https:\/\/mediagroup.mx\/wp-content\/uploads\/2025\/03\/WhatsApp-Image-2025-03-26-at-11.24.01-AM-1068x801.jpeg 1068w, https:\/\/mediagroup.mx\/wp-content\/uploads\/2025\/03\/WhatsApp-Image-2025-03-26-at-11.24.01-AM-1920x1440.jpeg 1920w\" sizes=\"auto, (max-width: 300px) 100vw, 300px\" \/> <img loading=\"lazy\" decoding=\"async\" class=\"alignnone size-medium wp-image-64806\" src=\"https:\/\/mediagroup.mx\/wp-content\/uploads\/2025\/03\/WhatsApp-Image-2025-03-26-at-11.24.00-AM-300x225.jpeg\" alt=\"\" width=\"300\" height=\"225\" srcset=\"https:\/\/mediagroup.mx\/wp-content\/uploads\/2025\/03\/WhatsApp-Image-2025-03-26-at-11.24.00-AM-300x225.jpeg 300w, https:\/\/mediagroup.mx\/wp-content\/uploads\/2025\/03\/WhatsApp-Image-2025-03-26-at-11.24.00-AM-1024x768.jpeg 1024w, https:\/\/mediagroup.mx\/wp-content\/uploads\/2025\/03\/WhatsApp-Image-2025-03-26-at-11.24.00-AM-768x576.jpeg 768w, https:\/\/mediagroup.mx\/wp-content\/uploads\/2025\/03\/WhatsApp-Image-2025-03-26-at-11.24.00-AM-1536x1152.jpeg 1536w, https:\/\/mediagroup.mx\/wp-content\/uploads\/2025\/03\/WhatsApp-Image-2025-03-26-at-11.24.00-AM-2048x1536.jpeg 2048w, https:\/\/mediagroup.mx\/wp-content\/uploads\/2025\/03\/WhatsApp-Image-2025-03-26-at-11.24.00-AM-150x113.jpeg 150w, https:\/\/mediagroup.mx\/wp-content\/uploads\/2025\/03\/WhatsApp-Image-2025-03-26-at-11.24.00-AM-696x522.jpeg 696w, https:\/\/mediagroup.mx\/wp-content\/uploads\/2025\/03\/WhatsApp-Image-2025-03-26-at-11.24.00-AM-1068x801.jpeg 1068w, https:\/\/mediagroup.mx\/wp-content\/uploads\/2025\/03\/WhatsApp-Image-2025-03-26-at-11.24.00-AM-1920x1440.jpeg 1920w\" sizes=\"auto, (max-width: 300px) 100vw, 300px\" \/><\/p>\n<div style=\"width: 696px;\" class=\"wp-video\"><video class=\"wp-video-shortcode\" id=\"video-64803-1\" width=\"696\" height=\"392\" preload=\"metadata\" controls=\"controls\"><source type=\"video\/mp4\" src=\"https:\/\/mediagroup.mx\/wp-content\/uploads\/2025\/03\/WhatsApp-Video-2025-03-26-at-11.24.00-AM.mp4?_=1\" \/><a href=\"https:\/\/mediagroup.mx\/wp-content\/uploads\/2025\/03\/WhatsApp-Video-2025-03-26-at-11.24.00-AM.mp4\">https:\/\/mediagroup.mx\/wp-content\/uploads\/2025\/03\/WhatsApp-Video-2025-03-26-at-11.24.00-AM.mp4<\/a><\/video><\/div>\n","protected":false},"excerpt":{"rendered":"<p>P\u00c1TZCUARO 26\/03\/25 RED 113 MICHOAC\u00c1N\/Redacci\u00f3n P\u00e1tzcuaro, Mich.- 26 de marzo de 2025.- Con una exhibici\u00f3n de Canotaje y competencias en diferentes categor\u00edas, desde pre-infantil hasta veteranos, se llevar\u00e1 a cabo la Regata Nacional, en la Isla de Urand\u00e9n de Morelos, el pr\u00f3ximo 19 de abril. Juan Carlos Leon Quirino, Director T\u00e9cnico de Canotaje del Estado [&hellip;]<\/p>\n","protected":false},"author":2,"featured_media":64805,"comment_status":"closed","ping_status":"closed","sticky":false,"template":"","format":"standard","meta":{"om_disable_all_campaigns":false,"_monsterinsights_skip_tracking":false,"_monsterinsights_sitenote_active":false,"_monsterinsights_sitenote_note":"","_monsterinsights_sitenote_category":0,"_uf_show_specific_survey":0,"_uf_disable_surveys":false,"_jetpack_memberships_contains_paid_content":false,"footnotes":"","jetpack_publicize_message":"","jetpack_publicize_feature_enabled":true,"jetpack_social_post_already_shared":true,"jetpack_social_options":{"image_generator_settings":{"template":"highway","default_image_id":0,"enabled":false},"version":2}},"categories":[36],"tags":[],"class_list":{"0":"post-64803","1":"post","2":"type-post","3":"status-publish","4":"format-standard","5":"has-post-thumbnail","7":"category-michoacanseguridad"},"aioseo_notices":[],"jetpack_publicize_connections":[],"jetpack_featured_media_url":"https:\/\/mediagroup.mx\/wp-content\/uploads\/2025\/03\/WhatsApp-Image-2025-03-26-at-11.24.01-AM-scaled.jpeg","jetpack_sharing_enabled":true,"_links":{"self":[{"href":"https:\/\/mediagroup.mx\/index.php\/wp-json\/wp\/v2\/posts\/64803","targetHints":{"allow":["GET"]}}],"collection":[{"href":"https:\/\/mediagroup.mx\/index.php\/wp-json\/wp\/v2\/posts"}],"about":[{"href":"https:\/\/mediagroup.mx\/index.php\/wp-json\/wp\/v2\/types\/post"}],"author":[{"embeddable":true,"href":"https:\/\/mediagroup.mx\/index.php\/wp-json\/wp\/v2\/users\/2"}],"replies":[{"embeddable":true,"href":"https:\/\/mediagroup.mx\/index.php\/wp-json\/wp\/v2\/comments?post=64803"}],"version-history":[{"count":1,"href":"https:\/\/mediagroup.mx\/index.php\/wp-json\/wp\/v2\/posts\/64803\/revisions"}],"predecessor-version":[{"id":64808,"href":"https:\/\/mediagroup.mx\/index.php\/wp-json\/wp\/v2\/posts\/64803\/revisions\/64808"}],"wp:featuredmedia":[{"embeddable":true,"href":"https:\/\/mediagroup.mx\/index.php\/wp-json\/wp\/v2\/media\/64805"}],"wp:attachment":[{"href":"https:\/\/mediagroup.mx\/index.php\/wp-json\/wp\/v2\/media?parent=64803"}],"wp:term":[{"taxonomy":"category","embeddable":true,"href":"https:\/\/mediagroup.mx\/index.php\/wp-json\/wp\/v2\/categories?post=64803"},{"taxonomy":"post_tag","embeddable":true,"href":"https:\/\/mediagroup.mx\/index.php\/wp-json\/wp\/v2\/tags?post=64803"}],"curies":[{"name":"wp","href":"https:\/\/api.w.org\/{rel}","templated":true}]}}