{"id":64812,"date":"2025-03-26T14:20:08","date_gmt":"2025-03-26T20:20:08","guid":{"rendered":"https:\/\/mediagroup.mx\/?p=64812"},"modified":"2025-03-26T14:20:08","modified_gmt":"2025-03-26T20:20:08","slug":"adulto-mayor-acribillado-a-balazos-es-hallado-en-el-tramo-carretero-san-jose-huajumbaro","status":"publish","type":"post","link":"https:\/\/mediagroup.mx\/index.php\/2025\/03\/26\/adulto-mayor-acribillado-a-balazos-es-hallado-en-el-tramo-carretero-san-jose-huajumbaro\/","title":{"rendered":"Adulto mayor acribillado a balazos es hallado en el tramo carretero San Jos\u00e9-Huaj\u00fambaro"},"content":{"rendered":"<p>RED 113 MICHOAC\u00c1N\/Redacci\u00f3n<\/p>\n<p>Quer\u00e9ndaro, Mich. &#8211; Mi\u00e9rcoles 26 de marzo de 2025.- Un adulto mayor acribillado a balazos fue hallado en medio de la carretera Zinap\u00e9cuaro-Ciudad Hidalgo, en el tramo San Jos\u00e9-Huaj\u00fambaro, dentro del municipio de Quer\u00e9ndaro, inform\u00f3 la Polic\u00eda.<\/p>\n<p>La identidad del fallecido es desconocida, \u00e9l ten\u00eda entre 60 y 65 a\u00f1os de edad, era de piel blanca, de complexi\u00f3n delgada, cabello casta\u00f1o y barba cerrada; vest\u00eda playera roja y pantal\u00f3n de mezclilla gris, comentaron las fuentes.<\/p>\n<p>Al individuo se le apreciaron varios impactos de proyectil de arma de fuego en distintas partes de su anatom\u00eda. Durante la ma\u00f1ana de este mi\u00e9rcoles, unos automovilistas reportaron el cuerpo al n\u00famero de emergencias.<\/p>\n<p>Patrulleros locales arribaron al referido lugar y delimitaron el per\u00edmetro, posteriormente la Unidad de Servicios Periciales y Escena del Crimen (USPEC) se present\u00f3 en la citada ubicaci\u00f3n, comenz\u00f3 las averiguaciones respectivas y llev\u00f3 el cad\u00e1ver a la morgue.<\/p>\n<p>De acuerdo con una versi\u00f3n extraoficial, el ahora finado estaba tirado en la mencionada carpeta asf\u00e1ltica desde la noche de ayer martes.<\/p>\n<p><img loading=\"lazy\" decoding=\"async\" class=\"alignnone size-medium wp-image-64813\" src=\"https:\/\/mediagroup.mx\/wp-content\/uploads\/2025\/03\/WhatsApp-Image-2025-03-26-at-12.27.59-PM-300x188.jpeg\" alt=\"\" width=\"300\" height=\"188\" srcset=\"https:\/\/mediagroup.mx\/wp-content\/uploads\/2025\/03\/WhatsApp-Image-2025-03-26-at-12.27.59-PM-300x188.jpeg 300w, https:\/\/mediagroup.mx\/wp-content\/uploads\/2025\/03\/WhatsApp-Image-2025-03-26-at-12.27.59-PM-1024x643.jpeg 1024w, https:\/\/mediagroup.mx\/wp-content\/uploads\/2025\/03\/WhatsApp-Image-2025-03-26-at-12.27.59-PM-768x482.jpeg 768w, https:\/\/mediagroup.mx\/wp-content\/uploads\/2025\/03\/WhatsApp-Image-2025-03-26-at-12.27.59-PM-1536x964.jpeg 1536w, https:\/\/mediagroup.mx\/wp-content\/uploads\/2025\/03\/WhatsApp-Image-2025-03-26-at-12.27.59-PM-150x94.jpeg 150w, https:\/\/mediagroup.mx\/wp-content\/uploads\/2025\/03\/WhatsApp-Image-2025-03-26-at-12.27.59-PM-696x437.jpeg 696w, https:\/\/mediagroup.mx\/wp-content\/uploads\/2025\/03\/WhatsApp-Image-2025-03-26-at-12.27.59-PM-1068x670.jpeg 1068w, https:\/\/mediagroup.mx\/wp-content\/uploads\/2025\/03\/WhatsApp-Image-2025-03-26-at-12.27.59-PM.jpeg 1600w\" sizes=\"auto, (max-width: 300px) 100vw, 300px\" \/><\/p>\n","protected":false},"excerpt":{"rendered":"<p>RED 113 MICHOAC\u00c1N\/Redacci\u00f3n Quer\u00e9ndaro, Mich. &#8211; Mi\u00e9rcoles 26 de marzo de 2025.- Un adulto mayor acribillado a balazos fue hallado en medio de la carretera Zinap\u00e9cuaro-Ciudad Hidalgo, en el tramo San Jos\u00e9-Huaj\u00fambaro, dentro del municipio de Quer\u00e9ndaro, inform\u00f3 la Polic\u00eda. La identidad del fallecido es desconocida, \u00e9l ten\u00eda entre 60 y 65 a\u00f1os de edad, [&hellip;]<\/p>\n","protected":false},"author":2,"featured_media":64813,"comment_status":"closed","ping_status":"closed","sticky":false,"template":"","format":"standard","meta":{"om_disable_all_campaigns":false,"_monsterinsights_skip_tracking":false,"_monsterinsights_sitenote_active":false,"_monsterinsights_sitenote_note":"","_monsterinsights_sitenote_category":0,"_uf_show_specific_survey":0,"_uf_disable_surveys":false,"_jetpack_memberships_contains_paid_content":false,"footnotes":"","jetpack_publicize_message":"Adulto mayor acribillado a balazos es hallado en el tramo carretero San Jos\u00e9-Huaj\u00fambaro\r\n\r\n+ El cad\u00e1ver estaba tirado desde la noche de ayer martes, seg\u00fan una versi\u00f3n extraoficial.","jetpack_publicize_feature_enabled":true,"jetpack_social_post_already_shared":true,"jetpack_social_options":{"image_generator_settings":{"template":"highway","default_image_id":0,"enabled":false},"version":2}},"categories":[36],"tags":[],"class_list":{"0":"post-64812","1":"post","2":"type-post","3":"status-publish","4":"format-standard","5":"has-post-thumbnail","7":"category-michoacanseguridad"},"aioseo_notices":[],"jetpack_publicize_connections":[],"jetpack_featured_media_url":"https:\/\/mediagroup.mx\/wp-content\/uploads\/2025\/03\/WhatsApp-Image-2025-03-26-at-12.27.59-PM.jpeg","jetpack_sharing_enabled":true,"_links":{"self":[{"href":"https:\/\/mediagroup.mx\/index.php\/wp-json\/wp\/v2\/posts\/64812","targetHints":{"allow":["GET"]}}],"collection":[{"href":"https:\/\/mediagroup.mx\/index.php\/wp-json\/wp\/v2\/posts"}],"about":[{"href":"https:\/\/mediagroup.mx\/index.php\/wp-json\/wp\/v2\/types\/post"}],"author":[{"embeddable":true,"href":"https:\/\/mediagroup.mx\/index.php\/wp-json\/wp\/v2\/users\/2"}],"replies":[{"embeddable":true,"href":"https:\/\/mediagroup.mx\/index.php\/wp-json\/wp\/v2\/comments?post=64812"}],"version-history":[{"count":1,"href":"https:\/\/mediagroup.mx\/index.php\/wp-json\/wp\/v2\/posts\/64812\/revisions"}],"predecessor-version":[{"id":64814,"href":"https:\/\/mediagroup.mx\/index.php\/wp-json\/wp\/v2\/posts\/64812\/revisions\/64814"}],"wp:featuredmedia":[{"embeddable":true,"href":"https:\/\/mediagroup.mx\/index.php\/wp-json\/wp\/v2\/media\/64813"}],"wp:attachment":[{"href":"https:\/\/mediagroup.mx\/index.php\/wp-json\/wp\/v2\/media?parent=64812"}],"wp:term":[{"taxonomy":"category","embeddable":true,"href":"https:\/\/mediagroup.mx\/index.php\/wp-json\/wp\/v2\/categories?post=64812"},{"taxonomy":"post_tag","embeddable":true,"href":"https:\/\/mediagroup.mx\/index.php\/wp-json\/wp\/v2\/tags?post=64812"}],"curies":[{"name":"wp","href":"https:\/\/api.w.org\/{rel}","templated":true}]}}