{"id":64816,"date":"2025-03-26T14:22:08","date_gmt":"2025-03-26T20:22:08","guid":{"rendered":"https:\/\/mediagroup.mx\/?p=64816"},"modified":"2025-03-26T14:22:08","modified_gmt":"2025-03-26T20:22:08","slug":"nino-muere-tras-presuntamente-comer-pan-con-veneno-para-ratas-en-vivienda-de-uruapan","status":"publish","type":"post","link":"https:\/\/mediagroup.mx\/index.php\/2025\/03\/26\/nino-muere-tras-presuntamente-comer-pan-con-veneno-para-ratas-en-vivienda-de-uruapan\/","title":{"rendered":"Ni\u00f1o muere tras presuntamente comer pan con veneno para ratas, en vivienda de Uruapan"},"content":{"rendered":"<p>URUAPAN 26\/03\/25<\/p>\n<p>RED 113 MICHOAC\u00c1N\/Redacci\u00f3n<\/p>\n<p>Uruapan, Mich.- 26 de marzo de 2025.- Un menor de tan solo 6 a\u00f1os de edad falleci\u00f3 tras presuntamente ingerir veneno para ratas en un pan, tragedia registrada la ma\u00f1ana de este mi\u00e9rcoles en la colonia 28 de Octubre, al poniente de la ciudad de Uruapan.<\/p>\n<p>Se pudo conocer que al filo de las 10:00 horas, conocidos del peque\u00f1o solicitaron el apoyo con param\u00e9dicos luego de que hallaran al ni\u00f1o Jos\u00e9 Luis, inconsciente y con la piel morada, al parecer por falta de ox\u00edgeno.<\/p>\n<p>Param\u00e9dicos de Protecci\u00f3n Civil Municipal acudieron al domicilio ubicado sobre la calle L\u00e1zaro C\u00e1rdenas, pero el infante ya hab\u00eda fallecido, por lo que se solicit\u00f3 la intervenci\u00f3n de la Fiscal\u00eda General del Estado.<\/p>\n<p>De forma extraoficial se supo que aparentemente, el menor consumi\u00f3 un pan que ten\u00eda veneno para ratas, cual fue colocado por sus familiares para tratar de acabar con los roedores, situaci\u00f3n que es investigada por las autoridades competentes.<\/p>\n<p><img loading=\"lazy\" decoding=\"async\" class=\"alignnone size-medium wp-image-64818\" src=\"https:\/\/mediagroup.mx\/wp-content\/uploads\/2025\/03\/WhatsApp-Image-2025-03-26-at-12.28.08-PM-1-300x182.jpeg\" alt=\"\" width=\"300\" height=\"182\" srcset=\"https:\/\/mediagroup.mx\/wp-content\/uploads\/2025\/03\/WhatsApp-Image-2025-03-26-at-12.28.08-PM-1-300x182.jpeg 300w, https:\/\/mediagroup.mx\/wp-content\/uploads\/2025\/03\/WhatsApp-Image-2025-03-26-at-12.28.08-PM-1-1024x620.jpeg 1024w, https:\/\/mediagroup.mx\/wp-content\/uploads\/2025\/03\/WhatsApp-Image-2025-03-26-at-12.28.08-PM-1-768x465.jpeg 768w, https:\/\/mediagroup.mx\/wp-content\/uploads\/2025\/03\/WhatsApp-Image-2025-03-26-at-12.28.08-PM-1-1536x929.jpeg 1536w, https:\/\/mediagroup.mx\/wp-content\/uploads\/2025\/03\/WhatsApp-Image-2025-03-26-at-12.28.08-PM-1-150x91.jpeg 150w, https:\/\/mediagroup.mx\/wp-content\/uploads\/2025\/03\/WhatsApp-Image-2025-03-26-at-12.28.08-PM-1-696x421.jpeg 696w, https:\/\/mediagroup.mx\/wp-content\/uploads\/2025\/03\/WhatsApp-Image-2025-03-26-at-12.28.08-PM-1-1068x646.jpeg 1068w, https:\/\/mediagroup.mx\/wp-content\/uploads\/2025\/03\/WhatsApp-Image-2025-03-26-at-12.28.08-PM-1.jpeg 1600w\" sizes=\"auto, (max-width: 300px) 100vw, 300px\" \/><\/p>\n","protected":false},"excerpt":{"rendered":"<p>URUAPAN 26\/03\/25 RED 113 MICHOAC\u00c1N\/Redacci\u00f3n Uruapan, Mich.- 26 de marzo de 2025.- Un menor de tan solo 6 a\u00f1os de edad falleci\u00f3 tras presuntamente ingerir veneno para ratas en un pan, tragedia registrada la ma\u00f1ana de este mi\u00e9rcoles en la colonia 28 de Octubre, al poniente de la ciudad de Uruapan. Se pudo conocer que [&hellip;]<\/p>\n","protected":false},"author":2,"featured_media":64817,"comment_status":"closed","ping_status":"closed","sticky":false,"template":"","format":"standard","meta":{"om_disable_all_campaigns":false,"_monsterinsights_skip_tracking":false,"_monsterinsights_sitenote_active":false,"_monsterinsights_sitenote_note":"","_monsterinsights_sitenote_category":0,"_uf_show_specific_survey":0,"_uf_disable_surveys":false,"_jetpack_memberships_contains_paid_content":false,"footnotes":"","jetpack_publicize_message":"Ni\u00f1o muere tras presuntamente comer pan con veneno para ratas, en vivienda de Uruapan\r\n\r\n+Familiares hab\u00eda colocado el pan a manera de trampa contra los roedores","jetpack_publicize_feature_enabled":true,"jetpack_social_post_already_shared":true,"jetpack_social_options":{"image_generator_settings":{"template":"highway","default_image_id":0,"enabled":false},"version":2}},"categories":[36],"tags":[],"class_list":{"0":"post-64816","1":"post","2":"type-post","3":"status-publish","4":"format-standard","5":"has-post-thumbnail","7":"category-michoacanseguridad"},"aioseo_notices":[],"jetpack_publicize_connections":[],"jetpack_featured_media_url":"https:\/\/mediagroup.mx\/wp-content\/uploads\/2025\/03\/WhatsApp-Image-2025-03-26-at-12.28.08-PM.jpeg","jetpack_sharing_enabled":true,"_links":{"self":[{"href":"https:\/\/mediagroup.mx\/index.php\/wp-json\/wp\/v2\/posts\/64816","targetHints":{"allow":["GET"]}}],"collection":[{"href":"https:\/\/mediagroup.mx\/index.php\/wp-json\/wp\/v2\/posts"}],"about":[{"href":"https:\/\/mediagroup.mx\/index.php\/wp-json\/wp\/v2\/types\/post"}],"author":[{"embeddable":true,"href":"https:\/\/mediagroup.mx\/index.php\/wp-json\/wp\/v2\/users\/2"}],"replies":[{"embeddable":true,"href":"https:\/\/mediagroup.mx\/index.php\/wp-json\/wp\/v2\/comments?post=64816"}],"version-history":[{"count":1,"href":"https:\/\/mediagroup.mx\/index.php\/wp-json\/wp\/v2\/posts\/64816\/revisions"}],"predecessor-version":[{"id":64819,"href":"https:\/\/mediagroup.mx\/index.php\/wp-json\/wp\/v2\/posts\/64816\/revisions\/64819"}],"wp:featuredmedia":[{"embeddable":true,"href":"https:\/\/mediagroup.mx\/index.php\/wp-json\/wp\/v2\/media\/64817"}],"wp:attachment":[{"href":"https:\/\/mediagroup.mx\/index.php\/wp-json\/wp\/v2\/media?parent=64816"}],"wp:term":[{"taxonomy":"category","embeddable":true,"href":"https:\/\/mediagroup.mx\/index.php\/wp-json\/wp\/v2\/categories?post=64816"},{"taxonomy":"post_tag","embeddable":true,"href":"https:\/\/mediagroup.mx\/index.php\/wp-json\/wp\/v2\/tags?post=64816"}],"curies":[{"name":"wp","href":"https:\/\/api.w.org\/{rel}","templated":true}]}}