{"id":64820,"date":"2025-03-26T14:26:42","date_gmt":"2025-03-26T20:26:42","guid":{"rendered":"https:\/\/mediagroup.mx\/?p=64820"},"modified":"2025-03-26T14:26:42","modified_gmt":"2025-03-26T20:26:42","slug":"hallan-a-un-masculino-ejecutado-a-un-costado-del-libramiento-norte-de-zamora","status":"publish","type":"post","link":"https:\/\/mediagroup.mx\/index.php\/2025\/03\/26\/hallan-a-un-masculino-ejecutado-a-un-costado-del-libramiento-norte-de-zamora\/","title":{"rendered":"Hallan a un masculino ejecutado a un costado del Libramiento Norte de Zamora"},"content":{"rendered":"<p>ZAMORA 26\/03\/25<\/p>\n<p>RED 113 MICHOAC\u00c1N\/Redacci\u00f3n<\/p>\n<p>Zamora, Mich.- 26 de marzo de 2025.- El cad\u00e1ver de un hombre que presentaba lesiones de proyectil de arma de fuego fue localizado a un costado del Libramiento Norte de la ciudad de Zamora. Hasta el momento la v\u00edctima est\u00e1 sin identificar.<\/p>\n<p>Respecto a este hecho de violencia se pudo conocer que, durante la ma\u00f1ana de este mi\u00e9rcoles los operadores del C5 SITEC recibieron un reporte ciudadano sobre una persona tirada frente a la colonia Carmen Serd\u00e1n.<\/p>\n<p>Polic\u00edas Municipales y Guardias Nacionales se trasladaron al lugar y al revisar a un costado de una construcci\u00f3n en obra negra encontraron al masculino tirado e inconsciente, por lo que solicitaron una ambulancia.<\/p>\n<p>Enseguida llegaron param\u00e9dicos de Rescate, quienes revisaron al individuo e indicaron que carec\u00eda de signos vitales debido a las diversas lesiones de bala que presentaba en la espalda. Se trata de un sujeto que vest\u00eda playera blanca con rayas grises y azules, pantal\u00f3n caf\u00e9, tenis blancos y gorra gris con verde.<\/p>\n<p>Al lugar lleg\u00f3 personal de la Unidad de Servicios Periciales y Escena del Crimen (USPEC), as\u00ed como Polic\u00edas Ministeriales, mismos que realizaron las diligencias respectivas, para enseguida trasladar el cad\u00e1ver a las instalaciones del Servicio M\u00e9dico Forense (Semefo), en espera de que sea identificado por sus deudos.<\/p>\n<p>Hasta el momento al menos 10 personas han sido v\u00edctimas de homicidio en Zamora, durante el presente mes de marzo.<br \/>\n07 de marzo. Criminales mata a un hombre y \u201clevantan\u201d a otro, en Jardines de Catedral.<br \/>\n07 de marzo. Empistolado irrumpe en vivienda de Valle Dorado, mata a una mujer y deja herida a su hija.<br \/>\n09 de marzo. Acribillan a dos hermanos frente a su madre, en la colonia 20 de Noviembre de Zamora.<br \/>\n10 de marzo. Hallan cad\u00e1ver baleado, apu\u00f1alado y putrefacto en la colonia Ejidal Sur.<br \/>\n16 de marzo. Sujeto es ultimado a tiros en casa de la colonia El Porvenir.<br \/>\n18 de marzo. Joven es ultimado a tiros en el fraccionamiento Hacienda San Jos\u00e9.<br \/>\n21 de marzo. Ciclista es asesinado a tiros en el Fraccionamiento Altamira.<br \/>\n25 de marzo. A balazos matan a \u201cEl Caras\u201d en la colonia 20 de Noviembre.<br \/>\n26 de marzo. Hallan a un masculino ejecutado a un costado del Libramiento Norte de Zamora.<\/p>\n","protected":false},"excerpt":{"rendered":"<p>ZAMORA 26\/03\/25 RED 113 MICHOAC\u00c1N\/Redacci\u00f3n Zamora, Mich.- 26 de marzo de 2025.- El cad\u00e1ver de un hombre que presentaba lesiones de proyectil de arma de fuego fue localizado a un costado del Libramiento Norte de la ciudad de Zamora. Hasta el momento la v\u00edctima est\u00e1 sin identificar. Respecto a este hecho de violencia se pudo [&hellip;]<\/p>\n","protected":false},"author":2,"featured_media":64821,"comment_status":"closed","ping_status":"closed","sticky":false,"template":"","format":"standard","meta":{"om_disable_all_campaigns":false,"_monsterinsights_skip_tracking":false,"_monsterinsights_sitenote_active":false,"_monsterinsights_sitenote_note":"","_monsterinsights_sitenote_category":0,"_uf_show_specific_survey":0,"_uf_disable_surveys":false,"_jetpack_memberships_contains_paid_content":false,"footnotes":"","jetpack_publicize_message":"","jetpack_publicize_feature_enabled":true,"jetpack_social_post_already_shared":true,"jetpack_social_options":{"image_generator_settings":{"template":"highway","default_image_id":0,"enabled":false},"version":2}},"categories":[36],"tags":[],"class_list":{"0":"post-64820","1":"post","2":"type-post","3":"status-publish","4":"format-standard","5":"has-post-thumbnail","7":"category-michoacanseguridad"},"aioseo_notices":[],"jetpack_publicize_connections":[],"jetpack_featured_media_url":"https:\/\/mediagroup.mx\/wp-content\/uploads\/2025\/03\/WhatsApp-Image-2025-03-26-at-12.46.52-PM-1-scaled.jpeg","jetpack_sharing_enabled":true,"_links":{"self":[{"href":"https:\/\/mediagroup.mx\/index.php\/wp-json\/wp\/v2\/posts\/64820","targetHints":{"allow":["GET"]}}],"collection":[{"href":"https:\/\/mediagroup.mx\/index.php\/wp-json\/wp\/v2\/posts"}],"about":[{"href":"https:\/\/mediagroup.mx\/index.php\/wp-json\/wp\/v2\/types\/post"}],"author":[{"embeddable":true,"href":"https:\/\/mediagroup.mx\/index.php\/wp-json\/wp\/v2\/users\/2"}],"replies":[{"embeddable":true,"href":"https:\/\/mediagroup.mx\/index.php\/wp-json\/wp\/v2\/comments?post=64820"}],"version-history":[{"count":1,"href":"https:\/\/mediagroup.mx\/index.php\/wp-json\/wp\/v2\/posts\/64820\/revisions"}],"predecessor-version":[{"id":64822,"href":"https:\/\/mediagroup.mx\/index.php\/wp-json\/wp\/v2\/posts\/64820\/revisions\/64822"}],"wp:featuredmedia":[{"embeddable":true,"href":"https:\/\/mediagroup.mx\/index.php\/wp-json\/wp\/v2\/media\/64821"}],"wp:attachment":[{"href":"https:\/\/mediagroup.mx\/index.php\/wp-json\/wp\/v2\/media?parent=64820"}],"wp:term":[{"taxonomy":"category","embeddable":true,"href":"https:\/\/mediagroup.mx\/index.php\/wp-json\/wp\/v2\/categories?post=64820"},{"taxonomy":"post_tag","embeddable":true,"href":"https:\/\/mediagroup.mx\/index.php\/wp-json\/wp\/v2\/tags?post=64820"}],"curies":[{"name":"wp","href":"https:\/\/api.w.org\/{rel}","templated":true}]}}