{"id":64829,"date":"2025-03-26T14:38:26","date_gmt":"2025-03-26T20:38:26","guid":{"rendered":"https:\/\/mediagroup.mx\/?p=64829"},"modified":"2025-03-26T14:38:26","modified_gmt":"2025-03-26T20:38:26","slug":"logra-ciclista-david-medina-clasificacion-a-los-juegos-nacionales-conade-2025","status":"publish","type":"post","link":"https:\/\/mediagroup.mx\/index.php\/2025\/03\/26\/logra-ciclista-david-medina-clasificacion-a-los-juegos-nacionales-conade-2025\/","title":{"rendered":"Logra ciclista David Medina clasificaci\u00f3n a los Juegos Nacionales Conade 2025"},"content":{"rendered":"<p>Morelia, Michoac\u00e1n; 26 de marzo de 2025.-El ciclista moreliano David Medina de la categor\u00eda Sub-23, logr\u00f3 avanzar a la siguiente etapa de los Juegos de la Comisi\u00f3n Nacional de Cultura F\u00edsica y Deporte (Conade) 2025, despu\u00e9s de tomar parte en el certamen macro regional celebrado en Guadalajara, Jalisco, a donde asistieron cuatro elementos de la Liga Michoacana de BMX.<\/p>\n<p>Esta liga d\u00eda con d\u00eda entrena en la pista del Bosque Cuauht\u00e9moc, gracias al compromiso de la administraci\u00f3n del presidente municipal de Morelia, Alfonso Mart\u00ednez Alc\u00e1zar, por hacer brillar a la capital michoacana a trav\u00e9s del Instituto Municipal de Cultura F\u00edsica y Deporte (Imcufide).<\/p>\n<p>\u00abSe logr\u00f3 el pase de David Medina de cuatro elementos que llevamos al macro regional en Guadalajara. Ahora tenemos que trabajar m\u00e1s duro para la etapa nacional para poder acceder a la zona de medallas\u00bb, se\u00f1al\u00f3 Arturo Merl\u00edn Espinoza, presidente de la Liga Michoacana de BMX.<\/p>\n<p>Al estado de Jalisco tambi\u00e9n asistieron los ciclistas Emiliano P\u00e9rez, Emiliano Cruz y Alejando V\u00e1zquez, quienes se quedaron cerca en su intento por representar al estado en la m\u00e1xima justa del deporte amateur en nuestro pa\u00eds.<\/p>\n<p>Participaron en el macro regional representantes de: Colima, Jalisco, Aguascalientes, Guanajuato, Estado de M\u00e9xico, Morelos, Nayarit, Guerrero, Ciudad de M\u00e9xico, Quer\u00e9taro, Instituto Polit\u00e9cnico Nacional (IPN) e Intituto del Deporte de los Trabajadores (Indet), as\u00ed como el mencionado representativo de Michoac\u00e1n.<\/p>\n<p><img loading=\"lazy\" decoding=\"async\" class=\"alignnone size-medium wp-image-64830\" src=\"https:\/\/mediagroup.mx\/wp-content\/uploads\/2025\/03\/WhatsApp-Image-2025-03-26-at-11.25.09-AM-300x225.jpeg\" alt=\"\" width=\"300\" height=\"225\" srcset=\"https:\/\/mediagroup.mx\/wp-content\/uploads\/2025\/03\/WhatsApp-Image-2025-03-26-at-11.25.09-AM-300x225.jpeg 300w, https:\/\/mediagroup.mx\/wp-content\/uploads\/2025\/03\/WhatsApp-Image-2025-03-26-at-11.25.09-AM-1024x768.jpeg 1024w, https:\/\/mediagroup.mx\/wp-content\/uploads\/2025\/03\/WhatsApp-Image-2025-03-26-at-11.25.09-AM-768x576.jpeg 768w, https:\/\/mediagroup.mx\/wp-content\/uploads\/2025\/03\/WhatsApp-Image-2025-03-26-at-11.25.09-AM-150x113.jpeg 150w, https:\/\/mediagroup.mx\/wp-content\/uploads\/2025\/03\/WhatsApp-Image-2025-03-26-at-11.25.09-AM-696x522.jpeg 696w, https:\/\/mediagroup.mx\/wp-content\/uploads\/2025\/03\/WhatsApp-Image-2025-03-26-at-11.25.09-AM-1068x801.jpeg 1068w, https:\/\/mediagroup.mx\/wp-content\/uploads\/2025\/03\/WhatsApp-Image-2025-03-26-at-11.25.09-AM.jpeg 1280w\" sizes=\"auto, (max-width: 300px) 100vw, 300px\" \/><\/p>\n","protected":false},"excerpt":{"rendered":"<p>Morelia, Michoac\u00e1n; 26 de marzo de 2025.-El ciclista moreliano David Medina de la categor\u00eda Sub-23, logr\u00f3 avanzar a la siguiente etapa de los Juegos de la Comisi\u00f3n Nacional de Cultura F\u00edsica y Deporte (Conade) 2025, despu\u00e9s de tomar parte en el certamen macro regional celebrado en Guadalajara, Jalisco, a donde asistieron cuatro elementos de la [&hellip;]<\/p>\n","protected":false},"author":2,"featured_media":64830,"comment_status":"closed","ping_status":"closed","sticky":false,"template":"","format":"standard","meta":{"om_disable_all_campaigns":false,"_monsterinsights_skip_tracking":false,"_monsterinsights_sitenote_active":false,"_monsterinsights_sitenote_note":"","_monsterinsights_sitenote_category":0,"_uf_show_specific_survey":0,"_uf_disable_surveys":false,"_jetpack_memberships_contains_paid_content":false,"footnotes":"","jetpack_publicize_message":"Logra ciclista David Medina clasificaci\u00f3n a los Juegos Nacionales Conade 2025\r\n\r\n* La delegaci\u00f3n de la Liga Michoacana de BMX estuvo compuesta por cuatro elementos.","jetpack_publicize_feature_enabled":true,"jetpack_social_post_already_shared":true,"jetpack_social_options":{"image_generator_settings":{"template":"highway","default_image_id":0,"enabled":false},"version":2}},"categories":[22],"tags":[],"class_list":{"0":"post-64829","1":"post","2":"type-post","3":"status-publish","4":"format-standard","5":"has-post-thumbnail","7":"category-educacion"},"aioseo_notices":[],"jetpack_publicize_connections":[],"jetpack_featured_media_url":"https:\/\/mediagroup.mx\/wp-content\/uploads\/2025\/03\/WhatsApp-Image-2025-03-26-at-11.25.09-AM.jpeg","jetpack_sharing_enabled":true,"_links":{"self":[{"href":"https:\/\/mediagroup.mx\/index.php\/wp-json\/wp\/v2\/posts\/64829","targetHints":{"allow":["GET"]}}],"collection":[{"href":"https:\/\/mediagroup.mx\/index.php\/wp-json\/wp\/v2\/posts"}],"about":[{"href":"https:\/\/mediagroup.mx\/index.php\/wp-json\/wp\/v2\/types\/post"}],"author":[{"embeddable":true,"href":"https:\/\/mediagroup.mx\/index.php\/wp-json\/wp\/v2\/users\/2"}],"replies":[{"embeddable":true,"href":"https:\/\/mediagroup.mx\/index.php\/wp-json\/wp\/v2\/comments?post=64829"}],"version-history":[{"count":1,"href":"https:\/\/mediagroup.mx\/index.php\/wp-json\/wp\/v2\/posts\/64829\/revisions"}],"predecessor-version":[{"id":64831,"href":"https:\/\/mediagroup.mx\/index.php\/wp-json\/wp\/v2\/posts\/64829\/revisions\/64831"}],"wp:featuredmedia":[{"embeddable":true,"href":"https:\/\/mediagroup.mx\/index.php\/wp-json\/wp\/v2\/media\/64830"}],"wp:attachment":[{"href":"https:\/\/mediagroup.mx\/index.php\/wp-json\/wp\/v2\/media?parent=64829"}],"wp:term":[{"taxonomy":"category","embeddable":true,"href":"https:\/\/mediagroup.mx\/index.php\/wp-json\/wp\/v2\/categories?post=64829"},{"taxonomy":"post_tag","embeddable":true,"href":"https:\/\/mediagroup.mx\/index.php\/wp-json\/wp\/v2\/tags?post=64829"}],"curies":[{"name":"wp","href":"https:\/\/api.w.org\/{rel}","templated":true}]}}