{"id":64837,"date":"2025-03-27T11:26:55","date_gmt":"2025-03-27T17:26:55","guid":{"rendered":"https:\/\/mediagroup.mx\/?p=64837"},"modified":"2025-03-27T11:26:55","modified_gmt":"2025-03-27T17:26:55","slug":"moreliano-de-nacimiento-bajo-la-representacion-de-veracruz-y-radicado-en-espana","status":"publish","type":"post","link":"https:\/\/mediagroup.mx\/index.php\/2025\/03\/27\/moreliano-de-nacimiento-bajo-la-representacion-de-veracruz-y-radicado-en-espana\/","title":{"rendered":"Moreliano de nacimiento, bajo la  representaci\u00f3n de Veracruz y radicado en Espa\u00f1a"},"content":{"rendered":"<p>Moreliano de nacimiento, bajo la representaci\u00f3n de Veracruz y radicado en Espa\u00f1a, el atleta Pablo Joel Calder\u00f3n Garc\u00eda con los colores de M\u00e9xico, tomar\u00e1 parte dentro del Europe Triathlon Junior Cup Quarteira, a celebrarse el domingo 30 de marzo en la ciudad de Quarteira, Portugal.<\/p>\n<p>Desde los 15 a\u00f1os emigr\u00f3 a Xalapa, Veracruz para ser parte del equipo Veratrix, quien le brind\u00f3 la oportunidad de representar a M\u00e9xico en Europa. En el a\u00f1o 2024 particip\u00f3 en copas europeas en Espa\u00f1a, Holanda y Hungr\u00eda donde obtuvo el 5to 9no. 18vo sitio respectivamente; mientras que, por Michoac\u00e1n obtuvo la presea de plata en Ixtapa, Zihuatanejo, posteriormente se vio obligado a dejar su estado natal por falta de apoyo y desde luego mejorar como atleta.<\/p>\n<p>\u00abFeliz por que gracias a su esfuerzo se est\u00e1 abriendo camino en este deporte tan demandante que pr\u00e1ctica desde los 15 a\u00f1os sali\u00f3 de casa a una ciudad (Xalapa) donde no conoc\u00eda a nadie a buscar una oportunidad en el equipo Veratrix que lo arrop\u00f3 muy bien bajo la direcci\u00f3n del profesor Eugenio Chimal quien a su vez es el entrenador de la Selecci\u00f3n Nacional\u00bb, destac\u00f3 el padre de Pablo Calder\u00f3n, Joel Calder\u00f3n Ruiz.<\/p>\n<p>En la primera representaci\u00f3n del presente a\u00f1o,el moreliano Pablo Joel Calder\u00f3n Garc\u00eda ser\u00e1 el \u00fanico atleta latinoamericano, al participar en el Europe Triathlon Junior Cup Quafteira ante 71 deportistas de, Espa\u00f1a, B\u00e9lgica, Pa\u00edses Bajos, B\u00e9lgica, Portugal, Italia, Hungr\u00eda, Gran Breta\u00f1a, Grecia y Rumania, entre otros.<\/p>\n<p>Despu\u00e9s de esta justa, Calder\u00f3n Garc\u00eda sostendr\u00e1 un entrenamiento intenso con miras al Campeonato Nacional de Diatl\u00f3n, el 12 de abril pr\u00f3ximo dentro de la categor\u00eda Junior; adem\u00e1s de buscar el pase al Panamericano Junior en Colombia y Juegos Panamericanos en Paraguay.<\/p>\n<p><img loading=\"lazy\" decoding=\"async\" class=\"alignnone size-medium wp-image-64838\" src=\"https:\/\/mediagroup.mx\/wp-content\/uploads\/2025\/03\/WhatsApp-Image-2025-03-27-at-10.07.21-AM-247x300.jpeg\" alt=\"\" width=\"247\" height=\"300\" srcset=\"https:\/\/mediagroup.mx\/wp-content\/uploads\/2025\/03\/WhatsApp-Image-2025-03-27-at-10.07.21-AM-247x300.jpeg 247w, https:\/\/mediagroup.mx\/wp-content\/uploads\/2025\/03\/WhatsApp-Image-2025-03-27-at-10.07.21-AM-844x1024.jpeg 844w, https:\/\/mediagroup.mx\/wp-content\/uploads\/2025\/03\/WhatsApp-Image-2025-03-27-at-10.07.21-AM-768x932.jpeg 768w, https:\/\/mediagroup.mx\/wp-content\/uploads\/2025\/03\/WhatsApp-Image-2025-03-27-at-10.07.21-AM-150x182.jpeg 150w, https:\/\/mediagroup.mx\/wp-content\/uploads\/2025\/03\/WhatsApp-Image-2025-03-27-at-10.07.21-AM-300x364.jpeg 300w, https:\/\/mediagroup.mx\/wp-content\/uploads\/2025\/03\/WhatsApp-Image-2025-03-27-at-10.07.21-AM-696x844.jpeg 696w, https:\/\/mediagroup.mx\/wp-content\/uploads\/2025\/03\/WhatsApp-Image-2025-03-27-at-10.07.21-AM-1068x1296.jpeg 1068w, https:\/\/mediagroup.mx\/wp-content\/uploads\/2025\/03\/WhatsApp-Image-2025-03-27-at-10.07.21-AM.jpeg 1125w\" sizes=\"auto, (max-width: 247px) 100vw, 247px\" \/><\/p>\n","protected":false},"excerpt":{"rendered":"<p>Moreliano de nacimiento, bajo la representaci\u00f3n de Veracruz y radicado en Espa\u00f1a, el atleta Pablo Joel Calder\u00f3n Garc\u00eda con los colores de M\u00e9xico, tomar\u00e1 parte dentro del Europe Triathlon Junior Cup Quarteira, a celebrarse el domingo 30 de marzo en la ciudad de Quarteira, Portugal. Desde los 15 a\u00f1os emigr\u00f3 a Xalapa, Veracruz para ser [&hellip;]<\/p>\n","protected":false},"author":2,"featured_media":64838,"comment_status":"closed","ping_status":"closed","sticky":false,"template":"","format":"standard","meta":{"om_disable_all_campaigns":false,"_monsterinsights_skip_tracking":false,"_monsterinsights_sitenote_active":false,"_monsterinsights_sitenote_note":"","_monsterinsights_sitenote_category":0,"_uf_show_specific_survey":0,"_uf_disable_surveys":false,"_jetpack_memberships_contains_paid_content":false,"footnotes":"","jetpack_publicize_message":"Moreliano de nacimiento, bajo la  representaci\u00f3n de Veracruz y radicado en Espa\u00f1a","jetpack_publicize_feature_enabled":true,"jetpack_social_post_already_shared":true,"jetpack_social_options":{"image_generator_settings":{"template":"highway","default_image_id":0,"enabled":false},"version":2}},"categories":[22],"tags":[],"class_list":{"0":"post-64837","1":"post","2":"type-post","3":"status-publish","4":"format-standard","5":"has-post-thumbnail","7":"category-educacion"},"aioseo_notices":[],"jetpack_publicize_connections":[],"jetpack_featured_media_url":"https:\/\/mediagroup.mx\/wp-content\/uploads\/2025\/03\/WhatsApp-Image-2025-03-27-at-10.07.21-AM.jpeg","jetpack_sharing_enabled":true,"_links":{"self":[{"href":"https:\/\/mediagroup.mx\/index.php\/wp-json\/wp\/v2\/posts\/64837","targetHints":{"allow":["GET"]}}],"collection":[{"href":"https:\/\/mediagroup.mx\/index.php\/wp-json\/wp\/v2\/posts"}],"about":[{"href":"https:\/\/mediagroup.mx\/index.php\/wp-json\/wp\/v2\/types\/post"}],"author":[{"embeddable":true,"href":"https:\/\/mediagroup.mx\/index.php\/wp-json\/wp\/v2\/users\/2"}],"replies":[{"embeddable":true,"href":"https:\/\/mediagroup.mx\/index.php\/wp-json\/wp\/v2\/comments?post=64837"}],"version-history":[{"count":1,"href":"https:\/\/mediagroup.mx\/index.php\/wp-json\/wp\/v2\/posts\/64837\/revisions"}],"predecessor-version":[{"id":64839,"href":"https:\/\/mediagroup.mx\/index.php\/wp-json\/wp\/v2\/posts\/64837\/revisions\/64839"}],"wp:featuredmedia":[{"embeddable":true,"href":"https:\/\/mediagroup.mx\/index.php\/wp-json\/wp\/v2\/media\/64838"}],"wp:attachment":[{"href":"https:\/\/mediagroup.mx\/index.php\/wp-json\/wp\/v2\/media?parent=64837"}],"wp:term":[{"taxonomy":"category","embeddable":true,"href":"https:\/\/mediagroup.mx\/index.php\/wp-json\/wp\/v2\/categories?post=64837"},{"taxonomy":"post_tag","embeddable":true,"href":"https:\/\/mediagroup.mx\/index.php\/wp-json\/wp\/v2\/tags?post=64837"}],"curies":[{"name":"wp","href":"https:\/\/api.w.org\/{rel}","templated":true}]}}