{"id":64845,"date":"2025-03-26T11:33:31","date_gmt":"2025-03-26T17:33:31","guid":{"rendered":"https:\/\/mediagroup.mx\/?p=64845"},"modified":"2025-03-27T11:35:44","modified_gmt":"2025-03-27T17:35:44","slug":"desconocido-es-ejecutado-mientras-desayunaba-en-negocio-de-zamora","status":"publish","type":"post","link":"https:\/\/mediagroup.mx\/index.php\/2025\/03\/26\/desconocido-es-ejecutado-mientras-desayunaba-en-negocio-de-zamora\/","title":{"rendered":"Desconocido es ejecutado mientras desayunaba en negocio de Zamora"},"content":{"rendered":"<p>ZAMORA 26\/03\/25<\/p>\n<p>RED 113 MICHOAC\u00c1N\/Redacci\u00f3n<\/p>\n<p>Zamora, Mich.- 26 de marzo de 2025.- Un hombre que se encontraba desayunando al interior de un negocio de venta comida en la colonia El Duero de Zamora, fue asesinado a balazos por desconocidos que huyeron a bordo de una motocicleta.<\/p>\n<p>Fue la ma\u00f1ana de este mi\u00e9rcoles, cuando elementos de la Direcci\u00f3n de Seguridad P\u00fablica y Tr\u00e1nsito Municipal fueron alertados sobre disparos de arma de fuego en la calle Mart\u00ednez de Navarrete entre las vialidades de P\u00e1tzcuaro y Ni\u00f1os H\u00e9roes.<\/p>\n<p>R\u00e1pidamente se movilizaron los uniformados, quienes dentro del negocio denominado \u00abLim\u00f3n Tacos y Chimichangas\u201d, encontraron a un masculino baleado, por lo que acordonaron y solicitaron apoyo de los cuerpos de auxilio.<\/p>\n<p>Fueron param\u00e9dicos de Rescate quienes, al tratar auxiliar a la v\u00edctima confirmaron que ya carec\u00eda de signos vitales, debido a que presentaba m\u00faltiples lesiones de proyectil de arma de fuego.<\/p>\n<p>El fallecido esta sin identificar, solo se supo que es un sujeto de entre 35 y 40 a\u00f1os de edad, el cual vest\u00eda pants, playera, tenis y gorra de color negro.<\/p>\n<p>Un grupo interdisciplinario de la Fiscal\u00eda General del Estado se encarg\u00f3 de procesar la escena del crimen para recabar indicios y testimonios con el fin de iniciar la respectiva carpeta de investigaci\u00f3n.<\/p>\n<p>Por \u00faltimo, el cad\u00e1ver fue llevado a las instalaciones del Servicio M\u00e9dico Forense para la pr\u00e1ctica de la necropsia de ley, esperando sea identificado en las pr\u00f3ximas horas.<\/p>\n<p>Hasta el momento al menos 11 personas han sido v\u00edctimas de homicidio en Zamora, durante el presente mes de marzo.<br \/>\n07 de marzo. Criminales mata a un hombre y \u201clevantan\u201d a otro, en Jardines de Catedral.<br \/>\n07 de marzo. Empistolado irrumpe en vivienda de Valle Dorado, mata a una mujer y deja herida a su hija.<br \/>\n09 de marzo. Acribillan a dos hermanos frente a su madre, en la colonia 20 de Noviembre de Zamora.<br \/>\n10 de marzo. Hallan cad\u00e1ver baleado, apu\u00f1alado y putrefacto en la colonia Ejidal Sur.<br \/>\n16 de marzo. Sujeto es ultimado a tiros en casa de la colonia El Porvenir.<br \/>\n18 de marzo. Joven es ultimado a tiros en el fraccionamiento Hacienda San Jos\u00e9.<br \/>\n21 de marzo. Ciclista es asesinado a tiros en el Fraccionamiento Altamira.<br \/>\n25 de marzo. A balazos matan a \u201cEl Caras\u201d en la colonia 20 de Noviembre.<br \/>\n26 de marzo. Hallan a un masculino ejecutado a un costado del Libramiento Norte de Zamora.<br \/>\n26 de marzo. Desconocido es ejecutado mientras desayunaba en negocio de Zamora.<\/p>\n<p><img loading=\"lazy\" decoding=\"async\" class=\"alignnone size-medium wp-image-64846\" src=\"https:\/\/mediagroup.mx\/wp-content\/uploads\/2025\/03\/WhatsApp-Image-2025-03-26-at-2.48.37-PM-1-300x169.jpeg\" alt=\"\" width=\"300\" height=\"169\" srcset=\"https:\/\/mediagroup.mx\/wp-content\/uploads\/2025\/03\/WhatsApp-Image-2025-03-26-at-2.48.37-PM-1-300x169.jpeg 300w, https:\/\/mediagroup.mx\/wp-content\/uploads\/2025\/03\/WhatsApp-Image-2025-03-26-at-2.48.37-PM-1-1024x576.jpeg 1024w, https:\/\/mediagroup.mx\/wp-content\/uploads\/2025\/03\/WhatsApp-Image-2025-03-26-at-2.48.37-PM-1-768x432.jpeg 768w, https:\/\/mediagroup.mx\/wp-content\/uploads\/2025\/03\/WhatsApp-Image-2025-03-26-at-2.48.37-PM-1-1536x864.jpeg 1536w, https:\/\/mediagroup.mx\/wp-content\/uploads\/2025\/03\/WhatsApp-Image-2025-03-26-at-2.48.37-PM-1-150x84.jpeg 150w, https:\/\/mediagroup.mx\/wp-content\/uploads\/2025\/03\/WhatsApp-Image-2025-03-26-at-2.48.37-PM-1-696x392.jpeg 696w, https:\/\/mediagroup.mx\/wp-content\/uploads\/2025\/03\/WhatsApp-Image-2025-03-26-at-2.48.37-PM-1-1068x601.jpeg 1068w, https:\/\/mediagroup.mx\/wp-content\/uploads\/2025\/03\/WhatsApp-Image-2025-03-26-at-2.48.37-PM-1.jpeg 1600w\" sizes=\"auto, (max-width: 300px) 100vw, 300px\" \/> <img loading=\"lazy\" decoding=\"async\" class=\"alignnone size-medium wp-image-64847\" src=\"https:\/\/mediagroup.mx\/wp-content\/uploads\/2025\/03\/WhatsApp-Image-2025-03-26-at-2.48.37-PM-300x236.jpeg\" alt=\"\" width=\"300\" height=\"236\" srcset=\"https:\/\/mediagroup.mx\/wp-content\/uploads\/2025\/03\/WhatsApp-Image-2025-03-26-at-2.48.37-PM-300x236.jpeg 300w, https:\/\/mediagroup.mx\/wp-content\/uploads\/2025\/03\/WhatsApp-Image-2025-03-26-at-2.48.37-PM-1024x805.jpeg 1024w, https:\/\/mediagroup.mx\/wp-content\/uploads\/2025\/03\/WhatsApp-Image-2025-03-26-at-2.48.37-PM-768x604.jpeg 768w, https:\/\/mediagroup.mx\/wp-content\/uploads\/2025\/03\/WhatsApp-Image-2025-03-26-at-2.48.37-PM-1536x1207.jpeg 1536w, https:\/\/mediagroup.mx\/wp-content\/uploads\/2025\/03\/WhatsApp-Image-2025-03-26-at-2.48.37-PM-150x118.jpeg 150w, https:\/\/mediagroup.mx\/wp-content\/uploads\/2025\/03\/WhatsApp-Image-2025-03-26-at-2.48.37-PM-696x547.jpeg 696w, https:\/\/mediagroup.mx\/wp-content\/uploads\/2025\/03\/WhatsApp-Image-2025-03-26-at-2.48.37-PM-1068x840.jpeg 1068w, https:\/\/mediagroup.mx\/wp-content\/uploads\/2025\/03\/WhatsApp-Image-2025-03-26-at-2.48.37-PM.jpeg 1594w\" sizes=\"auto, (max-width: 300px) 100vw, 300px\" \/><\/p>\n","protected":false},"excerpt":{"rendered":"<p>ZAMORA 26\/03\/25 RED 113 MICHOAC\u00c1N\/Redacci\u00f3n Zamora, Mich.- 26 de marzo de 2025.- Un hombre que se encontraba desayunando al interior de un negocio de venta comida en la colonia El Duero de Zamora, fue asesinado a balazos por desconocidos que huyeron a bordo de una motocicleta. Fue la ma\u00f1ana de este mi\u00e9rcoles, cuando elementos de [&hellip;]<\/p>\n","protected":false},"author":2,"featured_media":64846,"comment_status":"closed","ping_status":"closed","sticky":false,"template":"","format":"standard","meta":{"om_disable_all_campaigns":false,"_monsterinsights_skip_tracking":false,"_monsterinsights_sitenote_active":false,"_monsterinsights_sitenote_note":"","_monsterinsights_sitenote_category":0,"_uf_show_specific_survey":0,"_uf_disable_surveys":false,"_jetpack_memberships_contains_paid_content":false,"footnotes":"","jetpack_publicize_message":"Desconocido es ejecutado mientras desayunaba en negocio de Zamora\r\n\r\n+Suman al menos 11 v\u00edctimas de homicidio durante marzo, en este municipio","jetpack_publicize_feature_enabled":true,"jetpack_social_post_already_shared":true,"jetpack_social_options":{"image_generator_settings":{"template":"highway","default_image_id":0,"enabled":false},"version":2}},"categories":[36],"tags":[],"class_list":{"0":"post-64845","1":"post","2":"type-post","3":"status-publish","4":"format-standard","5":"has-post-thumbnail","7":"category-michoacanseguridad"},"aioseo_notices":[],"jetpack_publicize_connections":[],"jetpack_featured_media_url":"https:\/\/mediagroup.mx\/wp-content\/uploads\/2025\/03\/WhatsApp-Image-2025-03-26-at-2.48.37-PM-1.jpeg","jetpack_sharing_enabled":true,"_links":{"self":[{"href":"https:\/\/mediagroup.mx\/index.php\/wp-json\/wp\/v2\/posts\/64845","targetHints":{"allow":["GET"]}}],"collection":[{"href":"https:\/\/mediagroup.mx\/index.php\/wp-json\/wp\/v2\/posts"}],"about":[{"href":"https:\/\/mediagroup.mx\/index.php\/wp-json\/wp\/v2\/types\/post"}],"author":[{"embeddable":true,"href":"https:\/\/mediagroup.mx\/index.php\/wp-json\/wp\/v2\/users\/2"}],"replies":[{"embeddable":true,"href":"https:\/\/mediagroup.mx\/index.php\/wp-json\/wp\/v2\/comments?post=64845"}],"version-history":[{"count":1,"href":"https:\/\/mediagroup.mx\/index.php\/wp-json\/wp\/v2\/posts\/64845\/revisions"}],"predecessor-version":[{"id":64848,"href":"https:\/\/mediagroup.mx\/index.php\/wp-json\/wp\/v2\/posts\/64845\/revisions\/64848"}],"wp:featuredmedia":[{"embeddable":true,"href":"https:\/\/mediagroup.mx\/index.php\/wp-json\/wp\/v2\/media\/64846"}],"wp:attachment":[{"href":"https:\/\/mediagroup.mx\/index.php\/wp-json\/wp\/v2\/media?parent=64845"}],"wp:term":[{"taxonomy":"category","embeddable":true,"href":"https:\/\/mediagroup.mx\/index.php\/wp-json\/wp\/v2\/categories?post=64845"},{"taxonomy":"post_tag","embeddable":true,"href":"https:\/\/mediagroup.mx\/index.php\/wp-json\/wp\/v2\/tags?post=64845"}],"curies":[{"name":"wp","href":"https:\/\/api.w.org\/{rel}","templated":true}]}}