{"id":64884,"date":"2025-03-26T11:57:07","date_gmt":"2025-03-26T17:57:07","guid":{"rendered":"https:\/\/mediagroup.mx\/?p=64884"},"modified":"2025-03-27T11:58:51","modified_gmt":"2025-03-27T17:58:51","slug":"incendio-consume-domicilio-en-la-colonia-colorin-norte-de-uruapan","status":"publish","type":"post","link":"https:\/\/mediagroup.mx\/index.php\/2025\/03\/26\/incendio-consume-domicilio-en-la-colonia-colorin-norte-de-uruapan\/","title":{"rendered":"Incendio consume domicilio, en la colonia Color\u00edn Norte de Uruapan"},"content":{"rendered":"<p>URUAPAN 26\/03\/25<\/p>\n<p>RED 113 MICHOAC\u00c1N\/Redacci\u00f3n<\/p>\n<p>Uruapan, Mich.- 26 de marzo de 2025.- La noche de este mi\u00e9rcoles, se registr\u00f3 un incendio que consumi\u00f3 por completo un domicilio en la colonia El Color\u00edn Norte de Uruapan, a un costado de la Plaza \u00c1gora y el Boulevard Industrial.<\/p>\n<p>Se pudo conocer que cerca de las 21:30 horas, vecinos de la calle Jos\u00e9 Clemente Orozco se percataron de que sal\u00edan enormes llamas y humo de una vivienda, por lo que se organizaron e iniciaron el combate, adem\u00e1s de que reportaron los hechos a los sistemas de emergencia.<\/p>\n<p>Elementos del Cuerpo Voluntario de Bomberos arribaron al lugar y luego de varios minutos sofocaron totalmente las llamas que arrasaron con el hogar construido con madera, sin que por fortuna se registraran personas lesionadas.<\/p>\n<p>Hasta el momento se desconoce como inici\u00f3 el fuego, situaci\u00f3n que habr\u00e1 de ser determinada por las autoridades competentes.<\/p>\n<p><img loading=\"lazy\" decoding=\"async\" class=\"alignnone size-medium wp-image-64885\" src=\"https:\/\/mediagroup.mx\/wp-content\/uploads\/2025\/03\/WhatsApp-Image-2025-03-26-at-11.03.47-PM-1-300x135.jpeg\" alt=\"\" width=\"300\" height=\"135\" srcset=\"https:\/\/mediagroup.mx\/wp-content\/uploads\/2025\/03\/WhatsApp-Image-2025-03-26-at-11.03.47-PM-1-300x135.jpeg 300w, https:\/\/mediagroup.mx\/wp-content\/uploads\/2025\/03\/WhatsApp-Image-2025-03-26-at-11.03.47-PM-1-1024x461.jpeg 1024w, https:\/\/mediagroup.mx\/wp-content\/uploads\/2025\/03\/WhatsApp-Image-2025-03-26-at-11.03.47-PM-1-768x346.jpeg 768w, https:\/\/mediagroup.mx\/wp-content\/uploads\/2025\/03\/WhatsApp-Image-2025-03-26-at-11.03.47-PM-1-150x68.jpeg 150w, https:\/\/mediagroup.mx\/wp-content\/uploads\/2025\/03\/WhatsApp-Image-2025-03-26-at-11.03.47-PM-1-696x313.jpeg 696w, https:\/\/mediagroup.mx\/wp-content\/uploads\/2025\/03\/WhatsApp-Image-2025-03-26-at-11.03.47-PM-1-1068x481.jpeg 1068w, https:\/\/mediagroup.mx\/wp-content\/uploads\/2025\/03\/WhatsApp-Image-2025-03-26-at-11.03.47-PM-1.jpeg 1280w\" sizes=\"auto, (max-width: 300px) 100vw, 300px\" \/> <img loading=\"lazy\" decoding=\"async\" class=\"alignnone size-medium wp-image-64886\" src=\"https:\/\/mediagroup.mx\/wp-content\/uploads\/2025\/03\/WhatsApp-Image-2025-03-26-at-11.03.47-PM-278x300.jpeg\" alt=\"\" width=\"278\" height=\"300\" srcset=\"https:\/\/mediagroup.mx\/wp-content\/uploads\/2025\/03\/WhatsApp-Image-2025-03-26-at-11.03.47-PM-278x300.jpeg 278w, https:\/\/mediagroup.mx\/wp-content\/uploads\/2025\/03\/WhatsApp-Image-2025-03-26-at-11.03.47-PM-950x1024.jpeg 950w, https:\/\/mediagroup.mx\/wp-content\/uploads\/2025\/03\/WhatsApp-Image-2025-03-26-at-11.03.47-PM-768x828.jpeg 768w, https:\/\/mediagroup.mx\/wp-content\/uploads\/2025\/03\/WhatsApp-Image-2025-03-26-at-11.03.47-PM-150x162.jpeg 150w, https:\/\/mediagroup.mx\/wp-content\/uploads\/2025\/03\/WhatsApp-Image-2025-03-26-at-11.03.47-PM-300x323.jpeg 300w, https:\/\/mediagroup.mx\/wp-content\/uploads\/2025\/03\/WhatsApp-Image-2025-03-26-at-11.03.47-PM-696x750.jpeg 696w, https:\/\/mediagroup.mx\/wp-content\/uploads\/2025\/03\/WhatsApp-Image-2025-03-26-at-11.03.47-PM-1068x1151.jpeg 1068w, https:\/\/mediagroup.mx\/wp-content\/uploads\/2025\/03\/WhatsApp-Image-2025-03-26-at-11.03.47-PM.jpeg 1200w\" sizes=\"auto, (max-width: 278px) 100vw, 278px\" \/><\/p>\n","protected":false},"excerpt":{"rendered":"<p>URUAPAN 26\/03\/25 RED 113 MICHOAC\u00c1N\/Redacci\u00f3n Uruapan, Mich.- 26 de marzo de 2025.- La noche de este mi\u00e9rcoles, se registr\u00f3 un incendio que consumi\u00f3 por completo un domicilio en la colonia El Color\u00edn Norte de Uruapan, a un costado de la Plaza \u00c1gora y el Boulevard Industrial. Se pudo conocer que cerca de las 21:30 horas, [&hellip;]<\/p>\n","protected":false},"author":2,"featured_media":64886,"comment_status":"closed","ping_status":"closed","sticky":false,"template":"","format":"standard","meta":{"om_disable_all_campaigns":false,"_monsterinsights_skip_tracking":false,"_monsterinsights_sitenote_active":false,"_monsterinsights_sitenote_note":"","_monsterinsights_sitenote_category":0,"_uf_show_specific_survey":0,"_uf_disable_surveys":false,"_jetpack_memberships_contains_paid_content":false,"footnotes":"","jetpack_publicize_message":"Incendio consume domicilio, en la colonia Color\u00edn Norte de Uruapan","jetpack_publicize_feature_enabled":true,"jetpack_social_post_already_shared":true,"jetpack_social_options":{"image_generator_settings":{"template":"highway","default_image_id":0,"enabled":false},"version":2}},"categories":[36],"tags":[],"class_list":{"0":"post-64884","1":"post","2":"type-post","3":"status-publish","4":"format-standard","5":"has-post-thumbnail","7":"category-michoacanseguridad"},"aioseo_notices":[],"jetpack_publicize_connections":[],"jetpack_featured_media_url":"https:\/\/mediagroup.mx\/wp-content\/uploads\/2025\/03\/WhatsApp-Image-2025-03-26-at-11.03.47-PM.jpeg","jetpack_sharing_enabled":true,"_links":{"self":[{"href":"https:\/\/mediagroup.mx\/index.php\/wp-json\/wp\/v2\/posts\/64884","targetHints":{"allow":["GET"]}}],"collection":[{"href":"https:\/\/mediagroup.mx\/index.php\/wp-json\/wp\/v2\/posts"}],"about":[{"href":"https:\/\/mediagroup.mx\/index.php\/wp-json\/wp\/v2\/types\/post"}],"author":[{"embeddable":true,"href":"https:\/\/mediagroup.mx\/index.php\/wp-json\/wp\/v2\/users\/2"}],"replies":[{"embeddable":true,"href":"https:\/\/mediagroup.mx\/index.php\/wp-json\/wp\/v2\/comments?post=64884"}],"version-history":[{"count":1,"href":"https:\/\/mediagroup.mx\/index.php\/wp-json\/wp\/v2\/posts\/64884\/revisions"}],"predecessor-version":[{"id":64887,"href":"https:\/\/mediagroup.mx\/index.php\/wp-json\/wp\/v2\/posts\/64884\/revisions\/64887"}],"wp:featuredmedia":[{"embeddable":true,"href":"https:\/\/mediagroup.mx\/index.php\/wp-json\/wp\/v2\/media\/64886"}],"wp:attachment":[{"href":"https:\/\/mediagroup.mx\/index.php\/wp-json\/wp\/v2\/media?parent=64884"}],"wp:term":[{"taxonomy":"category","embeddable":true,"href":"https:\/\/mediagroup.mx\/index.php\/wp-json\/wp\/v2\/categories?post=64884"},{"taxonomy":"post_tag","embeddable":true,"href":"https:\/\/mediagroup.mx\/index.php\/wp-json\/wp\/v2\/tags?post=64884"}],"curies":[{"name":"wp","href":"https:\/\/api.w.org\/{rel}","templated":true}]}}