{"id":64894,"date":"2025-03-27T12:04:08","date_gmt":"2025-03-27T18:04:08","guid":{"rendered":"https:\/\/mediagroup.mx\/?p=64894"},"modified":"2025-03-27T12:04:36","modified_gmt":"2025-03-27T18:04:36","slug":"roban-camioneta-al-diputado-local-conrado-paz-en-uruapan","status":"publish","type":"post","link":"https:\/\/mediagroup.mx\/index.php\/2025\/03\/27\/roban-camioneta-al-diputado-local-conrado-paz-en-uruapan\/","title":{"rendered":"Roban camioneta al Diputado Local, Conrado Paz, en Uruapan"},"content":{"rendered":"<p>URUAPAN 27\/03\/25<\/p>\n<p>RED 113 MICHOAC\u00c1N\/Redacci\u00f3n<\/p>\n<p>Uruapan, Mich.- 27 de marzo de 2025.- Delincuentes robaron la camioneta del Diputado Local, Conrado Paz, del estacionamiento de la tienda Office Depot, sobre el Paseo L\u00e1zaro C\u00e1rdenas de Uruapan, hechos ocurridos la ma\u00f1ana de este jueves.<\/p>\n<p>El legislador independiente denunci\u00f3 a trav\u00e9s de sus redes sociales el robo de su camioneta Honda, gris, con placas PGX-403-C, que ten\u00eda estacionada por fuera de dicho negocio y public\u00f3 un video de las c\u00e1maras de vigilancia, en el que se observa cuando dos sujetos se apoderan de la unidad y huyen tranquilamente.<\/p>\n<p>\u00abAmigos acaban de robarme la camioneta en el estacionamiento de Office Depot.<br \/>\nAs\u00ed la situaci\u00f3n en Uruapan, y no es\u00a0 perspectiva. Que f\u00e1cil es que te quiten tus pertenec\u00edas en unos minutos\u00bb, se\u00f1al\u00f3 el legislador en su publicaci\u00f3n.<\/p>\n<p>Diariamente en Uruapan se registra el robo de al menos 5 veh\u00edculos, la mayor\u00eda a mano armada, seg\u00fan los reportes que los afectados vierten d\u00eda con d\u00eda en redes sociales.<\/p>\n<p><img loading=\"lazy\" decoding=\"async\" class=\"alignnone size-medium wp-image-64895\" src=\"https:\/\/mediagroup.mx\/wp-content\/uploads\/2025\/03\/WhatsApp-Image-2025-03-27-at-11.39.35-AM-300x174.jpeg\" alt=\"\" width=\"300\" height=\"174\" srcset=\"https:\/\/mediagroup.mx\/wp-content\/uploads\/2025\/03\/WhatsApp-Image-2025-03-27-at-11.39.35-AM-300x174.jpeg 300w, https:\/\/mediagroup.mx\/wp-content\/uploads\/2025\/03\/WhatsApp-Image-2025-03-27-at-11.39.35-AM-1024x595.jpeg 1024w, https:\/\/mediagroup.mx\/wp-content\/uploads\/2025\/03\/WhatsApp-Image-2025-03-27-at-11.39.35-AM-768x447.jpeg 768w, https:\/\/mediagroup.mx\/wp-content\/uploads\/2025\/03\/WhatsApp-Image-2025-03-27-at-11.39.35-AM-150x87.jpeg 150w, https:\/\/mediagroup.mx\/wp-content\/uploads\/2025\/03\/WhatsApp-Image-2025-03-27-at-11.39.35-AM-696x405.jpeg 696w, https:\/\/mediagroup.mx\/wp-content\/uploads\/2025\/03\/WhatsApp-Image-2025-03-27-at-11.39.35-AM-1068x621.jpeg 1068w, https:\/\/mediagroup.mx\/wp-content\/uploads\/2025\/03\/WhatsApp-Image-2025-03-27-at-11.39.35-AM.jpeg 1080w\" sizes=\"auto, (max-width: 300px) 100vw, 300px\" \/> <img loading=\"lazy\" decoding=\"async\" class=\"alignnone size-medium wp-image-64896\" src=\"https:\/\/mediagroup.mx\/wp-content\/uploads\/2025\/03\/WhatsApp-Image-2025-03-27-at-11.39.34-AM-300x281.jpeg\" alt=\"\" width=\"300\" height=\"281\" srcset=\"https:\/\/mediagroup.mx\/wp-content\/uploads\/2025\/03\/WhatsApp-Image-2025-03-27-at-11.39.34-AM-300x281.jpeg 300w, https:\/\/mediagroup.mx\/wp-content\/uploads\/2025\/03\/WhatsApp-Image-2025-03-27-at-11.39.34-AM-1024x959.jpeg 1024w, https:\/\/mediagroup.mx\/wp-content\/uploads\/2025\/03\/WhatsApp-Image-2025-03-27-at-11.39.34-AM-768x719.jpeg 768w, https:\/\/mediagroup.mx\/wp-content\/uploads\/2025\/03\/WhatsApp-Image-2025-03-27-at-11.39.34-AM-150x140.jpeg 150w, https:\/\/mediagroup.mx\/wp-content\/uploads\/2025\/03\/WhatsApp-Image-2025-03-27-at-11.39.34-AM-696x652.jpeg 696w, https:\/\/mediagroup.mx\/wp-content\/uploads\/2025\/03\/WhatsApp-Image-2025-03-27-at-11.39.34-AM-1068x1000.jpeg 1068w, https:\/\/mediagroup.mx\/wp-content\/uploads\/2025\/03\/WhatsApp-Image-2025-03-27-at-11.39.34-AM.jpeg 1080w\" sizes=\"auto, (max-width: 300px) 100vw, 300px\" \/><\/p>\n","protected":false},"excerpt":{"rendered":"<p>URUAPAN 27\/03\/25 RED 113 MICHOAC\u00c1N\/Redacci\u00f3n Uruapan, Mich.- 27 de marzo de 2025.- Delincuentes robaron la camioneta del Diputado Local, Conrado Paz, del estacionamiento de la tienda Office Depot, sobre el Paseo L\u00e1zaro C\u00e1rdenas de Uruapan, hechos ocurridos la ma\u00f1ana de este jueves. El legislador independiente denunci\u00f3 a trav\u00e9s de sus redes sociales el robo de [&hellip;]<\/p>\n","protected":false},"author":2,"featured_media":64895,"comment_status":"closed","ping_status":"closed","sticky":false,"template":"","format":"standard","meta":{"om_disable_all_campaigns":false,"_monsterinsights_skip_tracking":false,"_monsterinsights_sitenote_active":false,"_monsterinsights_sitenote_note":"","_monsterinsights_sitenote_category":0,"_uf_show_specific_survey":0,"_uf_disable_surveys":false,"_jetpack_memberships_contains_paid_content":false,"footnotes":"","jetpack_publicize_message":"Roban camioneta al Diputado Local, Conrado Paz, en Uruapan","jetpack_publicize_feature_enabled":true,"jetpack_social_post_already_shared":true,"jetpack_social_options":{"image_generator_settings":{"template":"highway","default_image_id":0,"enabled":false},"version":2}},"categories":[28],"tags":[],"class_list":{"0":"post-64894","1":"post","2":"type-post","3":"status-publish","4":"format-standard","5":"has-post-thumbnail","7":"category-moreliaseguridad"},"aioseo_notices":[],"jetpack_publicize_connections":[],"jetpack_featured_media_url":"https:\/\/mediagroup.mx\/wp-content\/uploads\/2025\/03\/WhatsApp-Image-2025-03-27-at-11.39.35-AM.jpeg","jetpack_sharing_enabled":true,"_links":{"self":[{"href":"https:\/\/mediagroup.mx\/index.php\/wp-json\/wp\/v2\/posts\/64894","targetHints":{"allow":["GET"]}}],"collection":[{"href":"https:\/\/mediagroup.mx\/index.php\/wp-json\/wp\/v2\/posts"}],"about":[{"href":"https:\/\/mediagroup.mx\/index.php\/wp-json\/wp\/v2\/types\/post"}],"author":[{"embeddable":true,"href":"https:\/\/mediagroup.mx\/index.php\/wp-json\/wp\/v2\/users\/2"}],"replies":[{"embeddable":true,"href":"https:\/\/mediagroup.mx\/index.php\/wp-json\/wp\/v2\/comments?post=64894"}],"version-history":[{"count":1,"href":"https:\/\/mediagroup.mx\/index.php\/wp-json\/wp\/v2\/posts\/64894\/revisions"}],"predecessor-version":[{"id":64897,"href":"https:\/\/mediagroup.mx\/index.php\/wp-json\/wp\/v2\/posts\/64894\/revisions\/64897"}],"wp:featuredmedia":[{"embeddable":true,"href":"https:\/\/mediagroup.mx\/index.php\/wp-json\/wp\/v2\/media\/64895"}],"wp:attachment":[{"href":"https:\/\/mediagroup.mx\/index.php\/wp-json\/wp\/v2\/media?parent=64894"}],"wp:term":[{"taxonomy":"category","embeddable":true,"href":"https:\/\/mediagroup.mx\/index.php\/wp-json\/wp\/v2\/categories?post=64894"},{"taxonomy":"post_tag","embeddable":true,"href":"https:\/\/mediagroup.mx\/index.php\/wp-json\/wp\/v2\/tags?post=64894"}],"curies":[{"name":"wp","href":"https:\/\/api.w.org\/{rel}","templated":true}]}}