{"id":64899,"date":"2025-03-27T14:22:53","date_gmt":"2025-03-27T20:22:53","guid":{"rendered":"https:\/\/mediagroup.mx\/?p=64899"},"modified":"2025-03-27T14:22:53","modified_gmt":"2025-03-27T20:22:53","slug":"cae-banda-de-presuntos-secuestradores-en-morelia-fge-rescata-a-una-victima","status":"publish","type":"post","link":"https:\/\/mediagroup.mx\/index.php\/2025\/03\/27\/cae-banda-de-presuntos-secuestradores-en-morelia-fge-rescata-a-una-victima\/","title":{"rendered":"Cae banda de presuntos secuestradores en Morelia; FGE rescata a una v\u00edctima"},"content":{"rendered":"<p>RED 113 MICHOAC\u00c1N\/Redacci\u00f3n<\/p>\n<p>Morelia, Mich.- Jueves 27 de marzo de 2025.- Diez presuntos delincuentes que ten\u00edan secuestrada a una persona fueron detenidos tras un operativo que realizaron los elementos de la Fiscal\u00eda General del Estado (FGE) en la colonia moreliana Ricardo Flores Mag\u00f3n, informaron autoridades policiales, las cuales agregaron que entre los ahora indiciados hay un colombiano.<\/p>\n<p>Lo anterior sucedi\u00f3 la tarde de este jueves en el citado asentamiento aleda\u00f1o a Ciudad Jard\u00edn, en la zona poniente de la capital michoacana. Seg\u00fan las fuentes, los oficiales rescataron a un masculino, adem\u00e1s a sus captores les decomisaron 10 armas de fuego, equipo t\u00e1ctico y un veh\u00edculo.<\/p>\n<p>Unos param\u00e9dicos canalizaron al ofendido a un hospital para su atenci\u00f3n m\u00e9dica. Asimismo, los capturados fueron puestos a disposici\u00f3n de la instancia competente, a efecto de continuar con las diligencias del asunto.<\/p>\n<p>Cabe mencionar que nueve de los diez sujetos asegurados son de diferentes estados de la Rep\u00fablica Mexicana; todos los individuos forman parte del grupo criminal conocido como el Cartel Jalisco Nueva Generaci\u00f3n (CJNG), indicaron polic\u00edas.<\/p>\n<p><img loading=\"lazy\" decoding=\"async\" class=\"alignnone size-medium wp-image-64900\" src=\"https:\/\/mediagroup.mx\/wp-content\/uploads\/2025\/03\/WhatsApp-Image-2025-03-27-at-1.51.31-PM-169x300.jpeg\" alt=\"\" width=\"169\" height=\"300\" srcset=\"https:\/\/mediagroup.mx\/wp-content\/uploads\/2025\/03\/WhatsApp-Image-2025-03-27-at-1.51.31-PM-169x300.jpeg 169w, https:\/\/mediagroup.mx\/wp-content\/uploads\/2025\/03\/WhatsApp-Image-2025-03-27-at-1.51.31-PM-576x1024.jpeg 576w, https:\/\/mediagroup.mx\/wp-content\/uploads\/2025\/03\/WhatsApp-Image-2025-03-27-at-1.51.31-PM-768x1365.jpeg 768w, https:\/\/mediagroup.mx\/wp-content\/uploads\/2025\/03\/WhatsApp-Image-2025-03-27-at-1.51.31-PM-864x1536.jpeg 864w, https:\/\/mediagroup.mx\/wp-content\/uploads\/2025\/03\/WhatsApp-Image-2025-03-27-at-1.51.31-PM-150x267.jpeg 150w, https:\/\/mediagroup.mx\/wp-content\/uploads\/2025\/03\/WhatsApp-Image-2025-03-27-at-1.51.31-PM-300x533.jpeg 300w, https:\/\/mediagroup.mx\/wp-content\/uploads\/2025\/03\/WhatsApp-Image-2025-03-27-at-1.51.31-PM-696x1237.jpeg 696w, https:\/\/mediagroup.mx\/wp-content\/uploads\/2025\/03\/WhatsApp-Image-2025-03-27-at-1.51.31-PM-1068x1899.jpeg 1068w, https:\/\/mediagroup.mx\/wp-content\/uploads\/2025\/03\/WhatsApp-Image-2025-03-27-at-1.51.31-PM.jpeg 1152w\" sizes=\"auto, (max-width: 169px) 100vw, 169px\" \/><\/p>\n","protected":false},"excerpt":{"rendered":"<p>RED 113 MICHOAC\u00c1N\/Redacci\u00f3n Morelia, Mich.- Jueves 27 de marzo de 2025.- Diez presuntos delincuentes que ten\u00edan secuestrada a una persona fueron detenidos tras un operativo que realizaron los elementos de la Fiscal\u00eda General del Estado (FGE) en la colonia moreliana Ricardo Flores Mag\u00f3n, informaron autoridades policiales, las cuales agregaron que entre los ahora indiciados hay [&hellip;]<\/p>\n","protected":false},"author":2,"featured_media":64900,"comment_status":"closed","ping_status":"closed","sticky":false,"template":"","format":"standard","meta":{"om_disable_all_campaigns":false,"_monsterinsights_skip_tracking":false,"_monsterinsights_sitenote_active":false,"_monsterinsights_sitenote_note":"","_monsterinsights_sitenote_category":0,"_uf_show_specific_survey":0,"_uf_disable_surveys":false,"_jetpack_memberships_contains_paid_content":false,"footnotes":"","jetpack_publicize_message":"Cae banda de presuntos secuestradores en Morelia; FGE rescata a una v\u00edctima\r\n\r\n+ Entre los presuntos delincuentes est\u00e1 un colombiano.\r\n+ Se les decomisaron armas largas, equipo t\u00e1ctico y un veh\u00edculo.\r\n+ Los capturados forman parte del CJNG, indic\u00f3 la Polic\u00eda.","jetpack_publicize_feature_enabled":true,"jetpack_social_post_already_shared":true,"jetpack_social_options":{"image_generator_settings":{"template":"highway","default_image_id":0,"enabled":false},"version":2}},"categories":[28],"tags":[],"class_list":{"0":"post-64899","1":"post","2":"type-post","3":"status-publish","4":"format-standard","5":"has-post-thumbnail","7":"category-moreliaseguridad"},"aioseo_notices":[],"jetpack_publicize_connections":[],"jetpack_featured_media_url":"https:\/\/mediagroup.mx\/wp-content\/uploads\/2025\/03\/WhatsApp-Image-2025-03-27-at-1.51.31-PM.jpeg","jetpack_sharing_enabled":true,"_links":{"self":[{"href":"https:\/\/mediagroup.mx\/index.php\/wp-json\/wp\/v2\/posts\/64899","targetHints":{"allow":["GET"]}}],"collection":[{"href":"https:\/\/mediagroup.mx\/index.php\/wp-json\/wp\/v2\/posts"}],"about":[{"href":"https:\/\/mediagroup.mx\/index.php\/wp-json\/wp\/v2\/types\/post"}],"author":[{"embeddable":true,"href":"https:\/\/mediagroup.mx\/index.php\/wp-json\/wp\/v2\/users\/2"}],"replies":[{"embeddable":true,"href":"https:\/\/mediagroup.mx\/index.php\/wp-json\/wp\/v2\/comments?post=64899"}],"version-history":[{"count":1,"href":"https:\/\/mediagroup.mx\/index.php\/wp-json\/wp\/v2\/posts\/64899\/revisions"}],"predecessor-version":[{"id":64901,"href":"https:\/\/mediagroup.mx\/index.php\/wp-json\/wp\/v2\/posts\/64899\/revisions\/64901"}],"wp:featuredmedia":[{"embeddable":true,"href":"https:\/\/mediagroup.mx\/index.php\/wp-json\/wp\/v2\/media\/64900"}],"wp:attachment":[{"href":"https:\/\/mediagroup.mx\/index.php\/wp-json\/wp\/v2\/media?parent=64899"}],"wp:term":[{"taxonomy":"category","embeddable":true,"href":"https:\/\/mediagroup.mx\/index.php\/wp-json\/wp\/v2\/categories?post=64899"},{"taxonomy":"post_tag","embeddable":true,"href":"https:\/\/mediagroup.mx\/index.php\/wp-json\/wp\/v2\/tags?post=64899"}],"curies":[{"name":"wp","href":"https:\/\/api.w.org\/{rel}","templated":true}]}}