{"id":64916,"date":"2025-03-27T15:19:56","date_gmt":"2025-03-27T21:19:56","guid":{"rendered":"https:\/\/mediagroup.mx\/?p=64916"},"modified":"2025-03-27T15:19:56","modified_gmt":"2025-03-27T21:19:56","slug":"acude-cuauhtemoc-blanco-a-la-fiscalia-de-morelos-investigan-acusaciones-de-violacion","status":"publish","type":"post","link":"https:\/\/mediagroup.mx\/index.php\/2025\/03\/27\/acude-cuauhtemoc-blanco-a-la-fiscalia-de-morelos-investigan-acusaciones-de-violacion\/","title":{"rendered":"Acude Cuauht\u00e9moc Blanco a la Fiscal\u00eda de Morelos; investigan acusaciones de violaci\u00f3n"},"content":{"rendered":"<p class=\"sc__font-paragraph\" style=\"text-align: justify;\">El\u00a0<a href=\"https:\/\/www.eluniversal.com.mx\/nacion\/sheinbaum-llama-a-cuauhtemoc-blanco-a-declarar-ante-la-fiscalia-que-siga-la-investigacion-igual-que-la-de-alito-moreno\/\" target=\"_blank\" rel=\"noopener\" data-mrf-link=\"https:\/\/www.eluniversal.com.mx\/nacion\/sheinbaum-llama-a-cuauhtemoc-blanco-a-declarar-ante-la-fiscalia-que-siga-la-investigacion-igual-que-la-de-alito-moreno\/\"><b>diputado Cuauht\u00e9moc Blanco<\/b><\/a><b>\u00a0<\/b>se encuentra en la\u00a0<b>Fiscal\u00eda Especializada de Delitos Sexuales\u00a0<\/b>para conocer de la carpeta de investigaci\u00f3n que se abri\u00f3 en su contra por el\u00a0<b>delito de violaci\u00f3n en grado de tentativa.<\/b><\/p>\n<p class=\"sc__font-paragraph\" style=\"text-align: justify;\">La camioneta del exgobernador de Morelos fue estacionada en la entrada principal de la Fiscal\u00eda General del Estado y \u00e9l entr\u00f3 caminando acompa\u00f1ado de dos de sus abogadas.<\/p>\n<p class=\"sc__font-paragraph\" style=\"text-align: justify;\">Ayer el fiscal morelense<b>\u00a0\u00c9dgar Antonio Maldonado Ceballos\u00a0<\/b>inform\u00f3 que se encontraban a la espera de la investigaci\u00f3n sobre la integraci\u00f3n de la carpeta de investigaci\u00f3n relativa al caso, luego de las expresiones de los integrantes de la secci\u00f3n instructora de la C\u00e1mara de Diputados, que observaron inconsistencias en la integraci\u00f3n de la carpeta correspondiente.<\/p>\n<p style=\"text-align: justify;\">Ayer mismo el diputado Alfonso Ram\u00edrez Cu\u00e9llar present\u00f3 una iniciativa contra el desafuero y al mismo tiempo dijo que contaban los minutos para la comparecencia de Cuauht\u00e9moc Blanco ante la Fiscal\u00eda General del Estado de Morelos.<\/p>\n<p>V\u00eda: El Universal<\/p>\n","protected":false},"excerpt":{"rendered":"<p>El\u00a0diputado Cuauht\u00e9moc Blanco\u00a0se encuentra en la\u00a0Fiscal\u00eda Especializada de Delitos Sexuales\u00a0para conocer de la carpeta de investigaci\u00f3n que se abri\u00f3 en su contra por el\u00a0delito de violaci\u00f3n en grado de tentativa. La camioneta del exgobernador de Morelos fue estacionada en la entrada principal de la Fiscal\u00eda General del Estado y \u00e9l entr\u00f3 caminando acompa\u00f1ado de dos [&hellip;]<\/p>\n","protected":false},"author":2,"featured_media":64918,"comment_status":"closed","ping_status":"closed","sticky":false,"template":"","format":"standard","meta":{"om_disable_all_campaigns":false,"_monsterinsights_skip_tracking":false,"_monsterinsights_sitenote_active":false,"_monsterinsights_sitenote_note":"","_monsterinsights_sitenote_category":0,"_uf_show_specific_survey":0,"_uf_disable_surveys":false,"_jetpack_memberships_contains_paid_content":false,"footnotes":"","jetpack_publicize_message":"Acude Cuauht\u00e9moc Blanco a la Fiscal\u00eda de Morelos; investigan acusaciones de violaci\u00f3n","jetpack_publicize_feature_enabled":true,"jetpack_social_post_already_shared":true,"jetpack_social_options":{"image_generator_settings":{"template":"highway","default_image_id":0,"enabled":false},"version":2}},"categories":[16],"tags":[],"class_list":{"0":"post-64916","1":"post","2":"type-post","3":"status-publish","4":"format-standard","5":"has-post-thumbnail","7":"category-viral"},"aioseo_notices":[],"jetpack_publicize_connections":[],"jetpack_featured_media_url":"https:\/\/mediagroup.mx\/wp-content\/uploads\/2025\/03\/Captura-de-pantalla-2025-03-27-a-las-15.16.38.png","jetpack_sharing_enabled":true,"_links":{"self":[{"href":"https:\/\/mediagroup.mx\/index.php\/wp-json\/wp\/v2\/posts\/64916","targetHints":{"allow":["GET"]}}],"collection":[{"href":"https:\/\/mediagroup.mx\/index.php\/wp-json\/wp\/v2\/posts"}],"about":[{"href":"https:\/\/mediagroup.mx\/index.php\/wp-json\/wp\/v2\/types\/post"}],"author":[{"embeddable":true,"href":"https:\/\/mediagroup.mx\/index.php\/wp-json\/wp\/v2\/users\/2"}],"replies":[{"embeddable":true,"href":"https:\/\/mediagroup.mx\/index.php\/wp-json\/wp\/v2\/comments?post=64916"}],"version-history":[{"count":2,"href":"https:\/\/mediagroup.mx\/index.php\/wp-json\/wp\/v2\/posts\/64916\/revisions"}],"predecessor-version":[{"id":64920,"href":"https:\/\/mediagroup.mx\/index.php\/wp-json\/wp\/v2\/posts\/64916\/revisions\/64920"}],"wp:featuredmedia":[{"embeddable":true,"href":"https:\/\/mediagroup.mx\/index.php\/wp-json\/wp\/v2\/media\/64918"}],"wp:attachment":[{"href":"https:\/\/mediagroup.mx\/index.php\/wp-json\/wp\/v2\/media?parent=64916"}],"wp:term":[{"taxonomy":"category","embeddable":true,"href":"https:\/\/mediagroup.mx\/index.php\/wp-json\/wp\/v2\/categories?post=64916"},{"taxonomy":"post_tag","embeddable":true,"href":"https:\/\/mediagroup.mx\/index.php\/wp-json\/wp\/v2\/tags?post=64916"}],"curies":[{"name":"wp","href":"https:\/\/api.w.org\/{rel}","templated":true}]}}