{"id":65344,"date":"2025-04-03T15:18:16","date_gmt":"2025-04-03T21:18:16","guid":{"rendered":"https:\/\/mediagroup.mx\/?p=65344"},"modified":"2025-04-03T15:18:16","modified_gmt":"2025-04-03T21:18:16","slug":"mexico-sube-dos-puestos-pero-sigue-detras-de-estados-unidos-en-ranking-fifa","status":"publish","type":"post","link":"https:\/\/mediagroup.mx\/index.php\/2025\/04\/03\/mexico-sube-dos-puestos-pero-sigue-detras-de-estados-unidos-en-ranking-fifa\/","title":{"rendered":"M\u00e9xico sube dos puestos pero sigue detr\u00e1s de Estados Unidos en ranking FIFA"},"content":{"rendered":"<div class=\"articleBody col-span-full mb-8 content-base tracking-[0.005em] sm:col-start-3 md:col-span-7 md:col-start-5 lg:col-span-6 lg:col-start-5 [&amp;&gt;ol]:list-decimal\" style=\"box-sizing: border-box; border: 0px solid; padding: 0px; grid-column: 5 \/ span 6; font-size: medium; line-height: var(--tw-leading,var(--text-m-content--line-height)); letter-spacing: 0.005em; font-family: var(--font-poppins); --tw-tracking: .005em; color: #0a0b0b; font-style: normal; font-variant-ligatures: normal; font-variant-caps: normal; font-weight: 400; orphans: 2; text-align: start; text-indent: 0px; text-transform: none; widows: 2; word-spacing: 0px; -webkit-text-stroke-width: 0px; white-space: normal; background-color: #fcfcfb; text-decoration-thickness: initial; text-decoration-style: initial; text-decoration-color: initial; margin: 0px 0px calc(var(--spacing)*8) 0px;\">\n<p style=\"text-align: justify;\">La\u00a0<b>Selecci\u00f3n Mexicana<\/b>\u00a0subi\u00f3 dos lugares en el\u00a0<b>ranking de la FIFA<\/b>\u00a0publicado este jueves, pero sigue por detr\u00e1s de\u00a0<b>Estados Unidos<\/b>\u00a0y por ende se ubica como la segunda mejor de\u00a0<b>Concacaf<\/b>.<\/p>\n<\/div>\n<div class=\"articleBody col-span-full mb-8 content-base tracking-[0.005em] sm:col-start-3 md:col-span-7 md:col-start-5 lg:col-span-6 lg:col-start-5 [&amp;&gt;ol]:list-decimal\" style=\"box-sizing: border-box; border: 0px solid; padding: 0px; grid-column: 5 \/ span 6; font-size: medium; line-height: var(--tw-leading,var(--text-m-content--line-height)); letter-spacing: 0.005em; font-family: var(--font-poppins); --tw-tracking: .005em; color: #0a0b0b; font-style: normal; font-variant-ligatures: normal; font-variant-caps: normal; font-weight: 400; orphans: 2; text-align: justify; text-indent: 0px; text-transform: none; widows: 2; word-spacing: 0px; -webkit-text-stroke-width: 0px; white-space: normal; background-color: #fcfcfb; text-decoration-thickness: initial; text-decoration-style: initial; text-decoration-color: initial; margin: 0px 0px calc(var(--spacing)*8) 0px;\">\n<p>El Tri,\u00a0<a href=\"https:\/\/www.tudn.com\/futbol\/concacaf-nations-league\/copa-concacaf-nations-league-esta-vitrinas-seleccion-mexicana\">que gan\u00f3 la final de la Concacaf Nations League hace unos d\u00edas ante Panam\u00e1<\/a>, pas\u00f3 del puesto 19 al 17 y qued\u00f3 a un solo lugar de la selecci\u00f3n estadounidense, ubicada en el lugar 16 del escalaf\u00f3n.<\/p>\n<\/div>\n<div class=\"articleBody col-span-full mb-8 content-base tracking-[0.005em] sm:col-start-3 md:col-span-7 md:col-start-5 lg:col-span-6 lg:col-start-5 [&amp;&gt;ol]:list-decimal\" style=\"box-sizing: border-box; border: 0px solid; padding: 0px; grid-column: 5 \/ span 6; font-size: medium; line-height: var(--tw-leading,var(--text-m-content--line-height)); letter-spacing: 0.005em; font-family: var(--font-poppins); --tw-tracking: .005em; color: #0a0b0b; font-style: normal; font-variant-ligatures: normal; font-variant-caps: normal; font-weight: 400; orphans: 2; text-align: justify; text-indent: 0px; text-transform: none; widows: 2; word-spacing: 0px; -webkit-text-stroke-width: 0px; white-space: normal; background-color: #fcfcfb; text-decoration-thickness: initial; text-decoration-style: initial; text-decoration-color: initial; margin: 0px 0px calc(var(--spacing)*8) 0px;\">\n<p>Los otros dos equipos que jugaron el Final Four del torneo,\u00a0<b>Canad\u00e1 y Panam\u00e1<\/b>, tambi\u00e9n subieron en el ranking. Los canadienses ascendieron del puesto 31 al 30, mientras que los canaleros pasaron del 36 al 33.<\/p>\n<\/div>\n<div class=\"articleBody col-span-full mb-8 content-base tracking-[0.005em] sm:col-start-3 md:col-span-7 md:col-start-5 lg:col-span-6 lg:col-start-5 [&amp;&gt;ol]:list-decimal\" style=\"box-sizing: border-box; border: 0px solid; padding: 0px; grid-column: 5 \/ span 6; font-size: medium; line-height: var(--tw-leading,var(--text-m-content--line-height)); letter-spacing: 0.005em; font-family: var(--font-poppins); --tw-tracking: .005em; color: #0a0b0b; font-style: normal; font-variant-ligatures: normal; font-variant-caps: normal; font-weight: 400; orphans: 2; text-align: justify; text-indent: 0px; text-transform: none; widows: 2; word-spacing: 0px; -webkit-text-stroke-width: 0px; white-space: normal; background-color: #fcfcfb; text-decoration-thickness: initial; text-decoration-style: initial; text-decoration-color: initial; margin: 0px 0px calc(var(--spacing)*8) 0px;\">\n<h2 class=\"cms-H2-H2\">Espa\u00f1a ahora es segunda del ranking FIFA<\/h2>\n<\/div>\n<div class=\"articleBody col-span-full mb-8 content-base tracking-[0.005em] sm:col-start-3 md:col-span-7 md:col-start-5 lg:col-span-6 lg:col-start-5 [&amp;&gt;ol]:list-decimal\" style=\"box-sizing: border-box; border: 0px solid; padding: 0px; grid-column: 5 \/ span 6; font-size: medium; line-height: var(--tw-leading,var(--text-m-content--line-height)); letter-spacing: 0.005em; font-family: var(--font-poppins); --tw-tracking: .005em; color: #0a0b0b; font-style: normal; font-variant-ligatures: normal; font-variant-caps: normal; font-weight: 400; orphans: 2; text-align: justify; text-indent: 0px; text-transform: none; widows: 2; word-spacing: 0px; -webkit-text-stroke-width: 0px; white-space: normal; background-color: #fcfcfb; text-decoration-thickness: initial; text-decoration-style: initial; text-decoration-color: initial; margin: 0px 0px calc(var(--spacing)*8) 0px;\">\n<p>Por su parte, la selecci\u00f3n espa\u00f1ola ascendi\u00f3 a la segunda posici\u00f3n del ranking de la FIFA, \u00fanicamente superada por Argentina, actual campeona del mundo, y despu\u00e9s de sellar su pase a la &#8216;Final Four&#8217; de la\u00a0<b>UEFA Nations League 2024-2025<\/b>.<\/p>\n<\/div>\n<div class=\"articleBody col-span-full mb-8 content-base tracking-[0.005em] sm:col-start-3 md:col-span-7 md:col-start-5 lg:col-span-6 lg:col-start-5 [&amp;&gt;ol]:list-decimal\" style=\"box-sizing: border-box; border: 0px solid; padding: 0px; grid-column: 5 \/ span 6; font-size: medium; line-height: var(--tw-leading,var(--text-m-content--line-height)); letter-spacing: 0.005em; font-family: var(--font-poppins); --tw-tracking: .005em; color: #0a0b0b; font-style: normal; font-variant-ligatures: normal; font-variant-caps: normal; font-weight: 400; orphans: 2; text-align: justify; text-indent: 0px; text-transform: none; widows: 2; word-spacing: 0px; -webkit-text-stroke-width: 0px; white-space: normal; background-color: #fcfcfb; text-decoration-thickness: initial; text-decoration-style: initial; text-decoration-color: initial; margin: 0px 0px calc(var(--spacing)*8) 0px;\">\n<p>La nueva clasificaci\u00f3n tras la ventana internacional de marzo en la que Espa\u00f1a elimin\u00f3 a los Pa\u00edses Bajos en los cuartos de final de la Nations League le permiti\u00f3 escalar una posici\u00f3n y ponerse como escolta de la &#8216;Albiceleste&#8217;.<\/p>\n<\/div>\n<div class=\"articleBody col-span-full mb-8 content-base tracking-[0.005em] sm:col-start-3 md:col-span-7 md:col-start-5 lg:col-span-6 lg:col-start-5 [&amp;&gt;ol]:list-decimal\" style=\"box-sizing: border-box; border: 0px solid; padding: 0px; grid-column: 5 \/ span 6; font-size: medium; line-height: var(--tw-leading,var(--text-m-content--line-height)); letter-spacing: 0.005em; font-family: var(--font-poppins); --tw-tracking: .005em; color: #0a0b0b; font-style: normal; font-variant-ligatures: normal; font-variant-caps: normal; font-weight: 400; orphans: 2; text-align: start; text-indent: 0px; text-transform: none; widows: 2; word-spacing: 0px; -webkit-text-stroke-width: 0px; white-space: normal; background-color: #fcfcfb; text-decoration-thickness: initial; text-decoration-style: initial; text-decoration-color: initial; margin: 0px 0px calc(var(--spacing)*8) 0px;\">\n<p style=\"text-align: justify;\">El combinado que entrena Luis de la Fuente suma 1.854,64 puntos y supera a Francia en este ranking que siguen liderando los argentinos (1.886,16), ya clasificados para el Mundial de 2026, mientras que los franceses tienen 1.852,71 en un &#8216;Top 10&#8217; donde el otro cambio es el intercambio de posiciones entre los\u00a0<b>Pa\u00edses Bajos<\/b>, sextos, y\u00a0<b>Portugal<\/b>, s\u00e9ptima.<\/p>\n<p>V\u00eda: Tudn<\/p>\n<\/div>\n","protected":false},"excerpt":{"rendered":"<p>La\u00a0Selecci\u00f3n Mexicana\u00a0subi\u00f3 dos lugares en el\u00a0ranking de la FIFA\u00a0publicado este jueves, pero sigue por detr\u00e1s de\u00a0Estados Unidos\u00a0y por ende se ubica como la segunda mejor de\u00a0Concacaf. El Tri,\u00a0que gan\u00f3 la final de la Concacaf Nations League hace unos d\u00edas ante Panam\u00e1, pas\u00f3 del puesto 19 al 17 y qued\u00f3 a un solo lugar de la [&hellip;]<\/p>\n","protected":false},"author":2,"featured_media":65345,"comment_status":"closed","ping_status":"closed","sticky":false,"template":"","format":"standard","meta":{"om_disable_all_campaigns":false,"_monsterinsights_skip_tracking":false,"_monsterinsights_sitenote_active":false,"_monsterinsights_sitenote_note":"","_monsterinsights_sitenote_category":0,"_uf_show_specific_survey":0,"_uf_disable_surveys":false,"_jetpack_memberships_contains_paid_content":false,"footnotes":"","jetpack_publicize_message":"M\u00e9xico sube dos puestos pero sigue detr\u00e1s de Estados Unidos en ranking FIFA","jetpack_publicize_feature_enabled":true,"jetpack_social_post_already_shared":true,"jetpack_social_options":{"image_generator_settings":{"template":"highway","default_image_id":0,"enabled":false},"version":2}},"categories":[19],"tags":[],"class_list":{"0":"post-65344","1":"post","2":"type-post","3":"status-publish","4":"format-standard","5":"has-post-thumbnail","7":"category-deportes"},"aioseo_notices":[],"jetpack_publicize_connections":[],"jetpack_featured_media_url":"https:\/\/mediagroup.mx\/wp-content\/uploads\/2025\/04\/Captura-de-pantalla-2025-04-03-a-las-15.17.49.png","jetpack_sharing_enabled":true,"_links":{"self":[{"href":"https:\/\/mediagroup.mx\/index.php\/wp-json\/wp\/v2\/posts\/65344","targetHints":{"allow":["GET"]}}],"collection":[{"href":"https:\/\/mediagroup.mx\/index.php\/wp-json\/wp\/v2\/posts"}],"about":[{"href":"https:\/\/mediagroup.mx\/index.php\/wp-json\/wp\/v2\/types\/post"}],"author":[{"embeddable":true,"href":"https:\/\/mediagroup.mx\/index.php\/wp-json\/wp\/v2\/users\/2"}],"replies":[{"embeddable":true,"href":"https:\/\/mediagroup.mx\/index.php\/wp-json\/wp\/v2\/comments?post=65344"}],"version-history":[{"count":1,"href":"https:\/\/mediagroup.mx\/index.php\/wp-json\/wp\/v2\/posts\/65344\/revisions"}],"predecessor-version":[{"id":65346,"href":"https:\/\/mediagroup.mx\/index.php\/wp-json\/wp\/v2\/posts\/65344\/revisions\/65346"}],"wp:featuredmedia":[{"embeddable":true,"href":"https:\/\/mediagroup.mx\/index.php\/wp-json\/wp\/v2\/media\/65345"}],"wp:attachment":[{"href":"https:\/\/mediagroup.mx\/index.php\/wp-json\/wp\/v2\/media?parent=65344"}],"wp:term":[{"taxonomy":"category","embeddable":true,"href":"https:\/\/mediagroup.mx\/index.php\/wp-json\/wp\/v2\/categories?post=65344"},{"taxonomy":"post_tag","embeddable":true,"href":"https:\/\/mediagroup.mx\/index.php\/wp-json\/wp\/v2\/tags?post=65344"}],"curies":[{"name":"wp","href":"https:\/\/api.w.org\/{rel}","templated":true}]}}