{"id":65356,"date":"2025-04-03T17:12:25","date_gmt":"2025-04-03T23:12:25","guid":{"rendered":"https:\/\/mediagroup.mx\/?p=65356"},"modified":"2025-04-03T17:12:25","modified_gmt":"2025-04-03T23:12:25","slug":"agradece-bedolla-respaldo-de-sheinbaum-para-el-desarrollo-de-comunidades","status":"publish","type":"post","link":"https:\/\/mediagroup.mx\/index.php\/2025\/04\/03\/agradece-bedolla-respaldo-de-sheinbaum-para-el-desarrollo-de-comunidades\/","title":{"rendered":"Agradece Bedolla respaldo de Sheinbaum para el desarrollo de comunidades"},"content":{"rendered":"<p>El gobernador Alfredo Ram\u00edrez Bedolla asisti\u00f3 a la presentaci\u00f3n del Plan M\u00e9xico de la presidenta Claudia Sheinbaum Pardo, donde anunci\u00f3 que en Paracho arrancar\u00e1 el programa de estufas eficientes de le\u00f1a para comunidades rurales.<\/p>\n<p>El mandatario agradeci\u00f3 el respaldo que la presidenta ha manifestado para el desarrollo del estado y del pa\u00eds, al recordar que se har\u00e1n inversiones importantes para fortalecer la infraestructura, econom\u00eda y bienestar social en Michoac\u00e1n.<\/p>\n<p>Destac\u00f3 que en coordinaci\u00f3n con la federaci\u00f3n se trabajan e impulsan proyectos y acciones que benefician a la poblaci\u00f3n y a las comunidades ind\u00edgenas.<\/p>\n<p>El mandatario refiri\u00f3 que la pr\u00f3xima visita de la presidenta Sheinbaum a tierras michoacanas, reforzar\u00e1 el apoyo y cercan\u00eda con los ciudadanos y sectores productivos del estado.<\/p>\n","protected":false},"excerpt":{"rendered":"<p>El gobernador Alfredo Ram\u00edrez Bedolla asisti\u00f3 a la presentaci\u00f3n del Plan M\u00e9xico de la presidenta Claudia Sheinbaum Pardo, donde anunci\u00f3 que en Paracho arrancar\u00e1 el programa de estufas eficientes de le\u00f1a para comunidades rurales. El mandatario agradeci\u00f3 el respaldo que la presidenta ha manifestado para el desarrollo del estado y del pa\u00eds, al recordar que [&hellip;]<\/p>\n","protected":false},"author":2,"featured_media":65357,"comment_status":"closed","ping_status":"closed","sticky":false,"template":"","format":"standard","meta":{"om_disable_all_campaigns":false,"_monsterinsights_skip_tracking":false,"_monsterinsights_sitenote_active":false,"_monsterinsights_sitenote_note":"","_monsterinsights_sitenote_category":0,"_uf_show_specific_survey":0,"_uf_disable_surveys":false,"_jetpack_memberships_contains_paid_content":false,"footnotes":"","jetpack_publicize_message":"Agradece Bedolla respaldo de Sheinbaum para el desarrollo de comunidades","jetpack_publicize_feature_enabled":true,"jetpack_social_post_already_shared":true,"jetpack_social_options":{"image_generator_settings":{"template":"highway","default_image_id":0,"enabled":false},"version":2}},"categories":[15],"tags":[],"class_list":{"0":"post-65356","1":"post","2":"type-post","3":"status-publish","4":"format-standard","5":"has-post-thumbnail","7":"category-michoacan"},"aioseo_notices":[],"jetpack_publicize_connections":[],"jetpack_featured_media_url":"https:\/\/mediagroup.mx\/wp-content\/uploads\/2025\/04\/0ca83743-51ae-4d67-91d4-0eb825bb7e29.jpeg","jetpack_sharing_enabled":true,"_links":{"self":[{"href":"https:\/\/mediagroup.mx\/index.php\/wp-json\/wp\/v2\/posts\/65356","targetHints":{"allow":["GET"]}}],"collection":[{"href":"https:\/\/mediagroup.mx\/index.php\/wp-json\/wp\/v2\/posts"}],"about":[{"href":"https:\/\/mediagroup.mx\/index.php\/wp-json\/wp\/v2\/types\/post"}],"author":[{"embeddable":true,"href":"https:\/\/mediagroup.mx\/index.php\/wp-json\/wp\/v2\/users\/2"}],"replies":[{"embeddable":true,"href":"https:\/\/mediagroup.mx\/index.php\/wp-json\/wp\/v2\/comments?post=65356"}],"version-history":[{"count":1,"href":"https:\/\/mediagroup.mx\/index.php\/wp-json\/wp\/v2\/posts\/65356\/revisions"}],"predecessor-version":[{"id":65358,"href":"https:\/\/mediagroup.mx\/index.php\/wp-json\/wp\/v2\/posts\/65356\/revisions\/65358"}],"wp:featuredmedia":[{"embeddable":true,"href":"https:\/\/mediagroup.mx\/index.php\/wp-json\/wp\/v2\/media\/65357"}],"wp:attachment":[{"href":"https:\/\/mediagroup.mx\/index.php\/wp-json\/wp\/v2\/media?parent=65356"}],"wp:term":[{"taxonomy":"category","embeddable":true,"href":"https:\/\/mediagroup.mx\/index.php\/wp-json\/wp\/v2\/categories?post=65356"},{"taxonomy":"post_tag","embeddable":true,"href":"https:\/\/mediagroup.mx\/index.php\/wp-json\/wp\/v2\/tags?post=65356"}],"curies":[{"name":"wp","href":"https:\/\/api.w.org\/{rel}","templated":true}]}}