{"id":65359,"date":"2025-04-03T18:21:34","date_gmt":"2025-04-04T00:21:34","guid":{"rendered":"https:\/\/mediagroup.mx\/?p=65359"},"modified":"2025-04-03T18:21:34","modified_gmt":"2025-04-04T00:21:34","slug":"cesar-erwin-el-perfil-con-mas-preparacion-para-llegar-a-la-fiscalia-de-michoacan","status":"publish","type":"post","link":"https:\/\/mediagroup.mx\/index.php\/2025\/04\/03\/cesar-erwin-el-perfil-con-mas-preparacion-para-llegar-a-la-fiscalia-de-michoacan\/","title":{"rendered":"C\u00e9sar Erwin, el perfil con m\u00e1s preparaci\u00f3n para llegar a la Fiscal\u00eda de Michoac\u00e1n"},"content":{"rendered":"<p>Ante los crecientes rumores de la salida del Fiscal de Michoac\u00e1n, Adri\u00e1n L\u00f3pez Sol\u00eds se postulan varios nombres que podr\u00edan llegar a tomar las riendas de esta instituci\u00f3n.<\/p>\n<p>Estar al frente de la Fiscal\u00eda de Michoac\u00e1n no es tarea f\u00e1cil, se requiere de un titular preparado, con criterio, en pro de la justicia, pero sobre todo honesto y disciplinado para brindar resultados a los michoacanos.<\/p>\n<p>El Maestro en Derecho, Cesar Erwin S\u00e1nchez Coria, es uno de los mejores perfiles para tomar las riendas de la Fiscal\u00eda de Michoac\u00e1n, durante su trayectoria ha tenido la oportunidad de conocer la instituci\u00f3n de ra\u00edz.<\/p>\n<p>De acuerdo a su trayectoria, fue Agente del Ministerio P\u00fablico a inicios del a\u00f1o 2000, en la entonces Procuraduria General de Justicia del Estado de Michoac\u00e1n, donde tuvo la oportunidad de conocer de fondo la instituci\u00f3n.<\/p>\n<p>Durante su carrera profesional se desempe\u00f1\u00f3 en varios cargos p\u00fablicos, los cuales le brindaron la oportunidad de conocer problem\u00e1ticas y soluciones para el crecimiento del Estado.<\/p>\n<p>A su paso por la secretaria de Desarrollo Econ\u00f3mico en el per\u00edodo 2002-2005 fungi\u00f3 como T\u00e9cnico Profesional y Jefe de departamento.<\/p>\n<p>En el periodo 2006-2012 se desempe\u00f1\u00f3 como Secretario del Fideicomiso 2112 denominado Recinto Fiscalizado Estrat\u00e9gico zona franca del puerto de L\u00e1zaro C\u00e1rdenas.<\/p>\n<p>Adem\u00e1s de ser Subdirector Jur\u00eddico de la Secretar\u00eda de Desarrollo Econ\u00f3mico.<\/p>\n<p>Director de Planeaci\u00f3n y Seguimiento de la Secretar\u00eda de Desarrollo Econ\u00f3mico.<\/p>\n<p>Secretario T\u00e9cnico de la Secretar\u00eda de Desarrollo Econ\u00f3mico.<\/p>\n<p>Asesor de la Secretar\u00eda de Desarrollo Econ\u00f3mico.<\/p>\n<p>Externo a la actividad gubernamental fue Presidente del Grupo Empresarial STONE<\/p>\n<p>Adem\u00e1s de tener la responsabilidad de la Direcci\u00f3n General del Fideicomiso de Parques Industriales de Michoac\u00e1n.<\/p>\n<p>Actualmente Secretario Ejecutivo del Sistema Estatal de Seguridad P\u00fablica del Gobierno de Michoac\u00e1n, donde su tarea ha sido impecable y lo ha proyectado como uno de los servidores p\u00fablicos m\u00e1s reconocidos por su trayectoria de buenos resultados.<\/p>\n","protected":false},"excerpt":{"rendered":"<p>Ante los crecientes rumores de la salida del Fiscal de Michoac\u00e1n, Adri\u00e1n L\u00f3pez Sol\u00eds se postulan varios nombres que podr\u00edan llegar a tomar las riendas de esta instituci\u00f3n. Estar al frente de la Fiscal\u00eda de Michoac\u00e1n no es tarea f\u00e1cil, se requiere de un titular preparado, con criterio, en pro de la justicia, pero sobre [&hellip;]<\/p>\n","protected":false},"author":2,"featured_media":65361,"comment_status":"closed","ping_status":"closed","sticky":false,"template":"","format":"standard","meta":{"om_disable_all_campaigns":false,"_monsterinsights_skip_tracking":false,"_monsterinsights_sitenote_active":false,"_monsterinsights_sitenote_note":"","_monsterinsights_sitenote_category":0,"_uf_show_specific_survey":0,"_uf_disable_surveys":false,"_jetpack_memberships_contains_paid_content":false,"footnotes":"","jetpack_publicize_message":"C\u00e9sar Erwin, el perfil con m\u00e1s preparaci\u00f3n para llegar a la Fiscal\u00eda de Michoac\u00e1n","jetpack_publicize_feature_enabled":true,"jetpack_social_post_already_shared":true,"jetpack_social_options":{"image_generator_settings":{"template":"highway","default_image_id":0,"enabled":false},"version":2}},"categories":[15],"tags":[],"class_list":{"0":"post-65359","1":"post","2":"type-post","3":"status-publish","4":"format-standard","5":"has-post-thumbnail","7":"category-michoacan"},"aioseo_notices":[],"jetpack_publicize_connections":[],"jetpack_featured_media_url":"https:\/\/mediagroup.mx\/wp-content\/uploads\/2025\/04\/9dc78ae7-4b9b-4b60-9817-8737f8703be0.jpeg","jetpack_sharing_enabled":true,"_links":{"self":[{"href":"https:\/\/mediagroup.mx\/index.php\/wp-json\/wp\/v2\/posts\/65359","targetHints":{"allow":["GET"]}}],"collection":[{"href":"https:\/\/mediagroup.mx\/index.php\/wp-json\/wp\/v2\/posts"}],"about":[{"href":"https:\/\/mediagroup.mx\/index.php\/wp-json\/wp\/v2\/types\/post"}],"author":[{"embeddable":true,"href":"https:\/\/mediagroup.mx\/index.php\/wp-json\/wp\/v2\/users\/2"}],"replies":[{"embeddable":true,"href":"https:\/\/mediagroup.mx\/index.php\/wp-json\/wp\/v2\/comments?post=65359"}],"version-history":[{"count":1,"href":"https:\/\/mediagroup.mx\/index.php\/wp-json\/wp\/v2\/posts\/65359\/revisions"}],"predecessor-version":[{"id":65362,"href":"https:\/\/mediagroup.mx\/index.php\/wp-json\/wp\/v2\/posts\/65359\/revisions\/65362"}],"wp:featuredmedia":[{"embeddable":true,"href":"https:\/\/mediagroup.mx\/index.php\/wp-json\/wp\/v2\/media\/65361"}],"wp:attachment":[{"href":"https:\/\/mediagroup.mx\/index.php\/wp-json\/wp\/v2\/media?parent=65359"}],"wp:term":[{"taxonomy":"category","embeddable":true,"href":"https:\/\/mediagroup.mx\/index.php\/wp-json\/wp\/v2\/categories?post=65359"},{"taxonomy":"post_tag","embeddable":true,"href":"https:\/\/mediagroup.mx\/index.php\/wp-json\/wp\/v2\/tags?post=65359"}],"curies":[{"name":"wp","href":"https:\/\/api.w.org\/{rel}","templated":true}]}}