{"id":66662,"date":"2025-04-26T21:22:01","date_gmt":"2025-04-27T03:22:01","guid":{"rendered":"https:\/\/mediagroup.mx\/?p=66662"},"modified":"2025-04-26T21:22:01","modified_gmt":"2025-04-27T03:22:01","slug":"celebra-a-mama-en-quiroga-con-el-gran-concierto-de-raul-di-blasio","status":"publish","type":"post","link":"https:\/\/mediagroup.mx\/index.php\/2025\/04\/26\/celebra-a-mama-en-quiroga-con-el-gran-concierto-de-raul-di-blasio\/","title":{"rendered":"\u00a1Celebra a mam\u00e1 en Quiroga con el gran concierto de Ra\u00fal Di Blasio!"},"content":{"rendered":"<p>Quiroga, Michoac\u00e1n, abril de 2025.- Este 11 de mayo, ven a disfrutar de la magia de Quiroga y festeja a mam\u00e1 con un concierto inolvidable a cargo del reconocido pianista internacional Ra\u00fal Di Blasio.<\/p>\n<p>Para quienes deseen asegurar su lugar en este gran evento, este domingo continuaremos con la venta de boletos en los siguientes puntos:<\/p>\n<p>En P\u00e1tzcuaro:<\/p>\n<p>Bas\u00edlica de Nuestra Se\u00f1ora de la Salud<\/p>\n<p>Plaza Vasco de Quiroga<\/p>\n<p>En Quiroga:<\/p>\n<p>Plaza Belisario Dom\u00ednguez<\/p>\n<p>Parroquia de San Diego de Alcal\u00e1<\/p>\n<p>&nbsp;<\/p>\n<p>El horario de venta ser\u00e1 de 11:00 a.m. a 7:00 p.m. \u00a1No te quedes sin tus boletos y acomp\u00e1\u00f1anos a celebrar a las madres como se merecen, con m\u00fasica, alegr\u00eda y un ambiente familiar \u00fanico!<\/p>\n<p>\u00a1Te esperamos en Quiroga!<br \/>\n<img loading=\"lazy\" decoding=\"async\" class=\"alignnone size-medium wp-image-66663\" src=\"https:\/\/mediagroup.mx\/wp-content\/uploads\/2025\/04\/4e92b06b-250f-425a-9a12-c3b4f06e4ce3-240x300.jpeg\" alt=\"\" width=\"240\" height=\"300\" srcset=\"https:\/\/mediagroup.mx\/wp-content\/uploads\/2025\/04\/4e92b06b-250f-425a-9a12-c3b4f06e4ce3-240x300.jpeg 240w, https:\/\/mediagroup.mx\/wp-content\/uploads\/2025\/04\/4e92b06b-250f-425a-9a12-c3b4f06e4ce3-819x1024.jpeg 819w, https:\/\/mediagroup.mx\/wp-content\/uploads\/2025\/04\/4e92b06b-250f-425a-9a12-c3b4f06e4ce3-768x960.jpeg 768w, https:\/\/mediagroup.mx\/wp-content\/uploads\/2025\/04\/4e92b06b-250f-425a-9a12-c3b4f06e4ce3-150x188.jpeg 150w, https:\/\/mediagroup.mx\/wp-content\/uploads\/2025\/04\/4e92b06b-250f-425a-9a12-c3b4f06e4ce3-300x375.jpeg 300w, https:\/\/mediagroup.mx\/wp-content\/uploads\/2025\/04\/4e92b06b-250f-425a-9a12-c3b4f06e4ce3-696x870.jpeg 696w, https:\/\/mediagroup.mx\/wp-content\/uploads\/2025\/04\/4e92b06b-250f-425a-9a12-c3b4f06e4ce3-1068x1335.jpeg 1068w, https:\/\/mediagroup.mx\/wp-content\/uploads\/2025\/04\/4e92b06b-250f-425a-9a12-c3b4f06e4ce3.jpeg 1080w\" sizes=\"auto, (max-width: 240px) 100vw, 240px\" \/> <img loading=\"lazy\" decoding=\"async\" class=\"alignnone size-medium wp-image-66664\" src=\"https:\/\/mediagroup.mx\/wp-content\/uploads\/2025\/04\/fea3e49f-9d5d-4e71-b194-9bf6eb466367-240x300.jpeg\" alt=\"\" width=\"240\" height=\"300\" srcset=\"https:\/\/mediagroup.mx\/wp-content\/uploads\/2025\/04\/fea3e49f-9d5d-4e71-b194-9bf6eb466367-240x300.jpeg 240w, https:\/\/mediagroup.mx\/wp-content\/uploads\/2025\/04\/fea3e49f-9d5d-4e71-b194-9bf6eb466367-819x1024.jpeg 819w, https:\/\/mediagroup.mx\/wp-content\/uploads\/2025\/04\/fea3e49f-9d5d-4e71-b194-9bf6eb466367-768x960.jpeg 768w, https:\/\/mediagroup.mx\/wp-content\/uploads\/2025\/04\/fea3e49f-9d5d-4e71-b194-9bf6eb466367-150x188.jpeg 150w, https:\/\/mediagroup.mx\/wp-content\/uploads\/2025\/04\/fea3e49f-9d5d-4e71-b194-9bf6eb466367-300x375.jpeg 300w, https:\/\/mediagroup.mx\/wp-content\/uploads\/2025\/04\/fea3e49f-9d5d-4e71-b194-9bf6eb466367-696x870.jpeg 696w, https:\/\/mediagroup.mx\/wp-content\/uploads\/2025\/04\/fea3e49f-9d5d-4e71-b194-9bf6eb466367-1068x1335.jpeg 1068w, https:\/\/mediagroup.mx\/wp-content\/uploads\/2025\/04\/fea3e49f-9d5d-4e71-b194-9bf6eb466367.jpeg 1080w\" sizes=\"auto, (max-width: 240px) 100vw, 240px\" \/><\/p>\n","protected":false},"excerpt":{"rendered":"<p>Quiroga, Michoac\u00e1n, abril de 2025.- Este 11 de mayo, ven a disfrutar de la magia de Quiroga y festeja a mam\u00e1 con un concierto inolvidable a cargo del reconocido pianista internacional Ra\u00fal Di Blasio. Para quienes deseen asegurar su lugar en este gran evento, este domingo continuaremos con la venta de boletos en los siguientes [&hellip;]<\/p>\n","protected":false},"author":2,"featured_media":66663,"comment_status":"closed","ping_status":"closed","sticky":false,"template":"","format":"standard","meta":{"om_disable_all_campaigns":false,"_monsterinsights_skip_tracking":false,"_monsterinsights_sitenote_active":false,"_monsterinsights_sitenote_note":"","_monsterinsights_sitenote_category":0,"_uf_show_specific_survey":0,"_uf_disable_surveys":false,"_jetpack_memberships_contains_paid_content":false,"footnotes":"","jetpack_publicize_message":"\u00a1Celebra a mam\u00e1 en Quiroga con el gran concierto de Ra\u00fal Di Blasio!","jetpack_publicize_feature_enabled":true,"jetpack_social_post_already_shared":true,"jetpack_social_options":{"image_generator_settings":{"template":"highway","default_image_id":0,"enabled":false},"version":2}},"categories":[25,21,17],"tags":[],"class_list":{"0":"post-66662","1":"post","2":"type-post","3":"status-publish","4":"format-standard","5":"has-post-thumbnail","7":"category-cultura","8":"category-entretenimiento","9":"category-morelia"},"aioseo_notices":[],"jetpack_publicize_connections":[],"jetpack_featured_media_url":"https:\/\/mediagroup.mx\/wp-content\/uploads\/2025\/04\/4e92b06b-250f-425a-9a12-c3b4f06e4ce3.jpeg","jetpack_sharing_enabled":true,"_links":{"self":[{"href":"https:\/\/mediagroup.mx\/index.php\/wp-json\/wp\/v2\/posts\/66662","targetHints":{"allow":["GET"]}}],"collection":[{"href":"https:\/\/mediagroup.mx\/index.php\/wp-json\/wp\/v2\/posts"}],"about":[{"href":"https:\/\/mediagroup.mx\/index.php\/wp-json\/wp\/v2\/types\/post"}],"author":[{"embeddable":true,"href":"https:\/\/mediagroup.mx\/index.php\/wp-json\/wp\/v2\/users\/2"}],"replies":[{"embeddable":true,"href":"https:\/\/mediagroup.mx\/index.php\/wp-json\/wp\/v2\/comments?post=66662"}],"version-history":[{"count":1,"href":"https:\/\/mediagroup.mx\/index.php\/wp-json\/wp\/v2\/posts\/66662\/revisions"}],"predecessor-version":[{"id":66665,"href":"https:\/\/mediagroup.mx\/index.php\/wp-json\/wp\/v2\/posts\/66662\/revisions\/66665"}],"wp:featuredmedia":[{"embeddable":true,"href":"https:\/\/mediagroup.mx\/index.php\/wp-json\/wp\/v2\/media\/66663"}],"wp:attachment":[{"href":"https:\/\/mediagroup.mx\/index.php\/wp-json\/wp\/v2\/media?parent=66662"}],"wp:term":[{"taxonomy":"category","embeddable":true,"href":"https:\/\/mediagroup.mx\/index.php\/wp-json\/wp\/v2\/categories?post=66662"},{"taxonomy":"post_tag","embeddable":true,"href":"https:\/\/mediagroup.mx\/index.php\/wp-json\/wp\/v2\/tags?post=66662"}],"curies":[{"name":"wp","href":"https:\/\/api.w.org\/{rel}","templated":true}]}}