{"id":66671,"date":"2025-04-27T15:52:50","date_gmt":"2025-04-27T21:52:50","guid":{"rendered":"https:\/\/mediagroup.mx\/?p=66671"},"modified":"2025-04-27T15:52:50","modified_gmt":"2025-04-27T21:52:50","slug":"la-infancia-merece-acceso-a-la-educacion-deporte-y-oportunidades-de-desarrollo-navarro-garcia","status":"publish","type":"post","link":"https:\/\/mediagroup.mx\/index.php\/2025\/04\/27\/la-infancia-merece-acceso-a-la-educacion-deporte-y-oportunidades-de-desarrollo-navarro-garcia\/","title":{"rendered":"La infancia merece acceso a la educaci\u00f3n, deporte y oportunidades de desarrollo: Navarro Garc\u00eda"},"content":{"rendered":"<p>*Morelia, Michoac\u00e1n, 27 de abril de 2025.-* Hoy, autoridades y sociedad coincidimos en el dise\u00f1o y la construcci\u00f3n de un Michoac\u00e1n digno y fuerte, una entidad que ofrezca a la infancia la oportunidad de crecer y desarrollarse en armon\u00eda, con equilibrio y plenamente en un entorno de educaci\u00f3n integral, respeto y paz.<\/p>\n<p>As\u00ed lo se\u00f1al\u00f3 el secretario de Finanzas y Administraci\u00f3n, Luis Navarro Garc\u00eda, durante la presentaci\u00f3n de la funci\u00f3n de teatro \u00abSue\u00f1os prisioneros\u00bb, obra que con motivo del d\u00eda de la ni\u00f1ez organiz\u00f3 la Direcci\u00f3n de Profesionalizaci\u00f3n del Gobierno de Michoac\u00e1n, en coordinaci\u00f3n con la Comisi\u00f3n Estatal de los Derechos Humanos, en el Parque 150 de la ciudad de Morelia.<\/p>\n<p>El tesorero estatal expuso que la administraci\u00f3n que encabeza el gobernador Alfredo Ram\u00edrez Bedolla, es humanista y sabe, en consecuencia, que la infancia merece oportunidades y espacios reales, dignos y sanos, familias unidas, derecho a la ense\u00f1anza y acceso al deporte, al esparcimiento y a la cultura.<\/p>\n<p>Por lo anterior, Michoac\u00e1n dej\u00f3 de ser la fotograf\u00eda maquillada del pasado reciente para convertirse en una entidad de oportunidades reales de desarrollo, y as\u00ed lo atestiguamos diariamente con la construcci\u00f3n, en toda la geograf\u00eda, de obras de infraestructura como espacios educativos y de salud, caminos, puentes, \u00e1reas deportivas y proyectos orientados a la formaci\u00f3n integral y sostenida de sus habitantes, sobre todo de la ni\u00f1ez, que es el presente y el futuro de uno de los estados m\u00e1s bellos y esplendorosos de M\u00e9xico, concluy\u00f3 Navarro Garc\u00eda.<\/p>\n<p>Por su parte, la directora de Profesionalizaci\u00f3n, Georgina Rojas Mor\u00e1n, expres\u00f3 a las familias reunidas en el Parque 150, que la formaci\u00f3n de hombres y mujeres comienza desde la infancia y debe ser integral, raz\u00f3n por la que el \u00e1rea que encabeza y que pertenece a Finanzas y Administraci\u00f3n, contempla, en este caso, a quienes hoy estudian y en un ma\u00f1ana cercano dirigir\u00e1n el rumbo del estado.<br \/>\n<img loading=\"lazy\" decoding=\"async\" class=\"alignnone size-medium wp-image-66672\" src=\"https:\/\/mediagroup.mx\/wp-content\/uploads\/2025\/04\/1bf35326-c3ed-4715-a6c5-9034fe570ac8-300x200.jpeg\" alt=\"\" width=\"300\" height=\"200\" srcset=\"https:\/\/mediagroup.mx\/wp-content\/uploads\/2025\/04\/1bf35326-c3ed-4715-a6c5-9034fe570ac8-300x200.jpeg 300w, https:\/\/mediagroup.mx\/wp-content\/uploads\/2025\/04\/1bf35326-c3ed-4715-a6c5-9034fe570ac8-1024x683.jpeg 1024w, https:\/\/mediagroup.mx\/wp-content\/uploads\/2025\/04\/1bf35326-c3ed-4715-a6c5-9034fe570ac8-768x512.jpeg 768w, https:\/\/mediagroup.mx\/wp-content\/uploads\/2025\/04\/1bf35326-c3ed-4715-a6c5-9034fe570ac8-1536x1024.jpeg 1536w, https:\/\/mediagroup.mx\/wp-content\/uploads\/2025\/04\/1bf35326-c3ed-4715-a6c5-9034fe570ac8-2048x1365.jpeg 2048w, https:\/\/mediagroup.mx\/wp-content\/uploads\/2025\/04\/1bf35326-c3ed-4715-a6c5-9034fe570ac8-150x100.jpeg 150w, https:\/\/mediagroup.mx\/wp-content\/uploads\/2025\/04\/1bf35326-c3ed-4715-a6c5-9034fe570ac8-696x464.jpeg 696w, https:\/\/mediagroup.mx\/wp-content\/uploads\/2025\/04\/1bf35326-c3ed-4715-a6c5-9034fe570ac8-1068x712.jpeg 1068w, https:\/\/mediagroup.mx\/wp-content\/uploads\/2025\/04\/1bf35326-c3ed-4715-a6c5-9034fe570ac8-1920x1280.jpeg 1920w\" sizes=\"auto, (max-width: 300px) 100vw, 300px\" \/> <img loading=\"lazy\" decoding=\"async\" class=\"alignnone size-medium wp-image-66673\" src=\"https:\/\/mediagroup.mx\/wp-content\/uploads\/2025\/04\/993c5d8c-709a-4d28-9500-9e01a4d1a104-300x200.jpeg\" alt=\"\" width=\"300\" height=\"200\" srcset=\"https:\/\/mediagroup.mx\/wp-content\/uploads\/2025\/04\/993c5d8c-709a-4d28-9500-9e01a4d1a104-300x200.jpeg 300w, https:\/\/mediagroup.mx\/wp-content\/uploads\/2025\/04\/993c5d8c-709a-4d28-9500-9e01a4d1a104-1024x683.jpeg 1024w, https:\/\/mediagroup.mx\/wp-content\/uploads\/2025\/04\/993c5d8c-709a-4d28-9500-9e01a4d1a104-768x512.jpeg 768w, https:\/\/mediagroup.mx\/wp-content\/uploads\/2025\/04\/993c5d8c-709a-4d28-9500-9e01a4d1a104-1536x1024.jpeg 1536w, https:\/\/mediagroup.mx\/wp-content\/uploads\/2025\/04\/993c5d8c-709a-4d28-9500-9e01a4d1a104-2048x1365.jpeg 2048w, https:\/\/mediagroup.mx\/wp-content\/uploads\/2025\/04\/993c5d8c-709a-4d28-9500-9e01a4d1a104-150x100.jpeg 150w, https:\/\/mediagroup.mx\/wp-content\/uploads\/2025\/04\/993c5d8c-709a-4d28-9500-9e01a4d1a104-696x464.jpeg 696w, https:\/\/mediagroup.mx\/wp-content\/uploads\/2025\/04\/993c5d8c-709a-4d28-9500-9e01a4d1a104-1068x712.jpeg 1068w, https:\/\/mediagroup.mx\/wp-content\/uploads\/2025\/04\/993c5d8c-709a-4d28-9500-9e01a4d1a104-1920x1280.jpeg 1920w\" sizes=\"auto, (max-width: 300px) 100vw, 300px\" \/><\/p>\n","protected":false},"excerpt":{"rendered":"<p>*Morelia, Michoac\u00e1n, 27 de abril de 2025.-* Hoy, autoridades y sociedad coincidimos en el dise\u00f1o y la construcci\u00f3n de un Michoac\u00e1n digno y fuerte, una entidad que ofrezca a la infancia la oportunidad de crecer y desarrollarse en armon\u00eda, con equilibrio y plenamente en un entorno de educaci\u00f3n integral, respeto y paz. As\u00ed lo se\u00f1al\u00f3 [&hellip;]<\/p>\n","protected":false},"author":2,"featured_media":66672,"comment_status":"closed","ping_status":"closed","sticky":false,"template":"","format":"standard","meta":{"om_disable_all_campaigns":false,"_monsterinsights_skip_tracking":false,"_monsterinsights_sitenote_active":false,"_monsterinsights_sitenote_note":"","_monsterinsights_sitenote_category":0,"_uf_show_specific_survey":0,"_uf_disable_surveys":false,"_jetpack_memberships_contains_paid_content":false,"footnotes":"","jetpack_publicize_message":"La infancia merece acceso a la educaci\u00f3n, deporte y oportunidades de desarrollo: Navarro Garc\u00eda\r\n\r\n\r\n\u2022 Se llev\u00f3 a cabo la obra de teatro \"Sue\u00f1os prisioneros\", en el marco del d\u00eda de la ni\u00f1ez","jetpack_publicize_feature_enabled":true,"jetpack_social_post_already_shared":true,"jetpack_social_options":{"image_generator_settings":{"template":"highway","default_image_id":0,"enabled":false},"version":2}},"categories":[15,63],"tags":[],"class_list":{"0":"post-66671","1":"post","2":"type-post","3":"status-publish","4":"format-standard","5":"has-post-thumbnail","7":"category-michoacan","8":"category-politica"},"aioseo_notices":[],"jetpack_publicize_connections":[],"jetpack_featured_media_url":"https:\/\/mediagroup.mx\/wp-content\/uploads\/2025\/04\/1bf35326-c3ed-4715-a6c5-9034fe570ac8-scaled.jpeg","jetpack_sharing_enabled":true,"_links":{"self":[{"href":"https:\/\/mediagroup.mx\/index.php\/wp-json\/wp\/v2\/posts\/66671","targetHints":{"allow":["GET"]}}],"collection":[{"href":"https:\/\/mediagroup.mx\/index.php\/wp-json\/wp\/v2\/posts"}],"about":[{"href":"https:\/\/mediagroup.mx\/index.php\/wp-json\/wp\/v2\/types\/post"}],"author":[{"embeddable":true,"href":"https:\/\/mediagroup.mx\/index.php\/wp-json\/wp\/v2\/users\/2"}],"replies":[{"embeddable":true,"href":"https:\/\/mediagroup.mx\/index.php\/wp-json\/wp\/v2\/comments?post=66671"}],"version-history":[{"count":1,"href":"https:\/\/mediagroup.mx\/index.php\/wp-json\/wp\/v2\/posts\/66671\/revisions"}],"predecessor-version":[{"id":66674,"href":"https:\/\/mediagroup.mx\/index.php\/wp-json\/wp\/v2\/posts\/66671\/revisions\/66674"}],"wp:featuredmedia":[{"embeddable":true,"href":"https:\/\/mediagroup.mx\/index.php\/wp-json\/wp\/v2\/media\/66672"}],"wp:attachment":[{"href":"https:\/\/mediagroup.mx\/index.php\/wp-json\/wp\/v2\/media?parent=66671"}],"wp:term":[{"taxonomy":"category","embeddable":true,"href":"https:\/\/mediagroup.mx\/index.php\/wp-json\/wp\/v2\/categories?post=66671"},{"taxonomy":"post_tag","embeddable":true,"href":"https:\/\/mediagroup.mx\/index.php\/wp-json\/wp\/v2\/tags?post=66671"}],"curies":[{"name":"wp","href":"https:\/\/api.w.org\/{rel}","templated":true}]}}