{"id":66675,"date":"2025-04-27T15:55:36","date_gmt":"2025-04-27T21:55:36","guid":{"rendered":"https:\/\/mediagroup.mx\/?p=66675"},"modified":"2025-04-27T15:55:36","modified_gmt":"2025-04-27T21:55:36","slug":"algunos-ven-a-raul-moron-como-una-opcion-no-se-han-dado-cuenta-que-ya-es-una-realidad-diputado-cesar-osuna","status":"publish","type":"post","link":"https:\/\/mediagroup.mx\/index.php\/2025\/04\/27\/algunos-ven-a-raul-moron-como-una-opcion-no-se-han-dado-cuenta-que-ya-es-una-realidad-diputado-cesar-osuna\/","title":{"rendered":"Algunos ven a Ra\u00fal Mor\u00f3n como una opci\u00f3n, no se han dado cuenta que ya es una realidad: diputado C\u00e9sar Osuna"},"content":{"rendered":"<p>Desde hace unos meses han circulado varias encuestas en donde el actual Senador de la Rep\u00fablica, Ra\u00fal Mor\u00f3n Orozco, encabeza las preferencias por MORENA, para la gubernatura en los siguientes comicios del 2027.<\/p>\n<p>Tal es el caso de la \u00faltima encuesta realizada por Rubrum, en la cual el actual senador cuenta con una aprobaci\u00f3n del 34 por ciento, casi el doble del que se encuentra en segundo lugar en las encuestas.<\/p>\n<p>El actual diputado local suplente por la alianza Morena, PT, PVEM; C\u00e9sar Osuna Belmonte, reiter\u00f3 que en la pol\u00edtica no hay sorpresas, hay sorprendidos, refrendado as\u00ed su apoyo al actual senador en la carrera a la gubernatura del 2027.<\/p>\n<p>Algunos siguen oponi\u00e9ndose o queriendo ver al actual senador como una opci\u00f3n a la candidatura del 2027; no se han dado cuenta que eso ya es una realidad: expres\u00f3 el diputado suplente, C\u00e9sar Osuna.<\/p>\n<p>Ra\u00fal Mor\u00f3n cuenta ya con el apoyo del dirigente del PT, Reginaldo Sandoval, y del dirigente del Partido Verde, Ernesto N\u00fa\u00f1ez, quienes en eventos p\u00fablicos han expresado abiertamente su apoyo al actual senador abander\u00e1ndolo como su propuesta para los siguientes comicios.<\/p>\n<p>Cada vez son m\u00e1s los liderazgos que se suman al proyecto del senador; otro de los que han estado caminando de la mano del actual senador, es el l\u00edder del movimiento estatal \u201cmano a mano\u201d Juan Carlos Barrag\u00e1n, quien es el diputado local de Morena con m\u00e1s estructura y capital pol\u00edtico en la ciudad de Morelia.<\/p>\n<p>Tambi\u00e9n se han sumado liderazgos como Fidel Calder\u00f3n Torre Blanca, Humberto Arroniz, actual delegado federal de la SEGOB, Antonio Godoy, actual delegado de la SCT, Itze Camacho, actual diputada local y ex presidenta de L\u00e1zaro C\u00e1rdenas, V\u00edctor B\u00e1ez, ex presidente de P\u00e1tzcuaro, entre otros.<\/p>\n<p>Con esto, es cada vez m\u00e1s claro que Ra\u00fal Mor\u00f3n es el favorito para encabezar la candidatura por la alianza MORENA, PT y PVEM en el 2027.<br \/>\n<img loading=\"lazy\" decoding=\"async\" class=\"alignnone size-medium wp-image-66676\" src=\"https:\/\/mediagroup.mx\/wp-content\/uploads\/2025\/04\/78caa82b-349d-4fb5-bb96-92085865765b-300x228.jpeg\" alt=\"\" width=\"300\" height=\"228\" srcset=\"https:\/\/mediagroup.mx\/wp-content\/uploads\/2025\/04\/78caa82b-349d-4fb5-bb96-92085865765b-300x228.jpeg 300w, https:\/\/mediagroup.mx\/wp-content\/uploads\/2025\/04\/78caa82b-349d-4fb5-bb96-92085865765b-1024x778.jpeg 1024w, https:\/\/mediagroup.mx\/wp-content\/uploads\/2025\/04\/78caa82b-349d-4fb5-bb96-92085865765b-768x583.jpeg 768w, https:\/\/mediagroup.mx\/wp-content\/uploads\/2025\/04\/78caa82b-349d-4fb5-bb96-92085865765b-150x114.jpeg 150w, https:\/\/mediagroup.mx\/wp-content\/uploads\/2025\/04\/78caa82b-349d-4fb5-bb96-92085865765b-696x529.jpeg 696w, https:\/\/mediagroup.mx\/wp-content\/uploads\/2025\/04\/78caa82b-349d-4fb5-bb96-92085865765b-1068x811.jpeg 1068w, https:\/\/mediagroup.mx\/wp-content\/uploads\/2025\/04\/78caa82b-349d-4fb5-bb96-92085865765b.jpeg 1290w\" sizes=\"auto, (max-width: 300px) 100vw, 300px\" \/><\/p>\n","protected":false},"excerpt":{"rendered":"<p>Desde hace unos meses han circulado varias encuestas en donde el actual Senador de la Rep\u00fablica, Ra\u00fal Mor\u00f3n Orozco, encabeza las preferencias por MORENA, para la gubernatura en los siguientes comicios del 2027. Tal es el caso de la \u00faltima encuesta realizada por Rubrum, en la cual el actual senador cuenta con una aprobaci\u00f3n del [&hellip;]<\/p>\n","protected":false},"author":2,"featured_media":66676,"comment_status":"closed","ping_status":"closed","sticky":false,"template":"","format":"standard","meta":{"om_disable_all_campaigns":false,"_monsterinsights_skip_tracking":false,"_monsterinsights_sitenote_active":false,"_monsterinsights_sitenote_note":"","_monsterinsights_sitenote_category":0,"_uf_show_specific_survey":0,"_uf_disable_surveys":false,"_jetpack_memberships_contains_paid_content":false,"footnotes":"","jetpack_publicize_message":"Algunos ven a Ra\u00fal Mor\u00f3n como una opci\u00f3n, no se han dado cuenta que ya es una realidad: diputado C\u00e9sar Osuna","jetpack_publicize_feature_enabled":true,"jetpack_social_post_already_shared":true,"jetpack_social_options":{"image_generator_settings":{"template":"highway","default_image_id":0,"enabled":false},"version":2}},"categories":[15,63],"tags":[],"class_list":{"0":"post-66675","1":"post","2":"type-post","3":"status-publish","4":"format-standard","5":"has-post-thumbnail","7":"category-michoacan","8":"category-politica"},"aioseo_notices":[],"jetpack_publicize_connections":[],"jetpack_featured_media_url":"https:\/\/mediagroup.mx\/wp-content\/uploads\/2025\/04\/78caa82b-349d-4fb5-bb96-92085865765b.jpeg","jetpack_sharing_enabled":true,"_links":{"self":[{"href":"https:\/\/mediagroup.mx\/index.php\/wp-json\/wp\/v2\/posts\/66675","targetHints":{"allow":["GET"]}}],"collection":[{"href":"https:\/\/mediagroup.mx\/index.php\/wp-json\/wp\/v2\/posts"}],"about":[{"href":"https:\/\/mediagroup.mx\/index.php\/wp-json\/wp\/v2\/types\/post"}],"author":[{"embeddable":true,"href":"https:\/\/mediagroup.mx\/index.php\/wp-json\/wp\/v2\/users\/2"}],"replies":[{"embeddable":true,"href":"https:\/\/mediagroup.mx\/index.php\/wp-json\/wp\/v2\/comments?post=66675"}],"version-history":[{"count":1,"href":"https:\/\/mediagroup.mx\/index.php\/wp-json\/wp\/v2\/posts\/66675\/revisions"}],"predecessor-version":[{"id":66677,"href":"https:\/\/mediagroup.mx\/index.php\/wp-json\/wp\/v2\/posts\/66675\/revisions\/66677"}],"wp:featuredmedia":[{"embeddable":true,"href":"https:\/\/mediagroup.mx\/index.php\/wp-json\/wp\/v2\/media\/66676"}],"wp:attachment":[{"href":"https:\/\/mediagroup.mx\/index.php\/wp-json\/wp\/v2\/media?parent=66675"}],"wp:term":[{"taxonomy":"category","embeddable":true,"href":"https:\/\/mediagroup.mx\/index.php\/wp-json\/wp\/v2\/categories?post=66675"},{"taxonomy":"post_tag","embeddable":true,"href":"https:\/\/mediagroup.mx\/index.php\/wp-json\/wp\/v2\/tags?post=66675"}],"curies":[{"name":"wp","href":"https:\/\/api.w.org\/{rel}","templated":true}]}}