{"id":66692,"date":"2025-04-28T14:38:11","date_gmt":"2025-04-28T20:38:11","guid":{"rendered":"https:\/\/mediagroup.mx\/?p=66692"},"modified":"2025-04-28T14:38:11","modified_gmt":"2025-04-28T20:38:11","slug":"identifican-a-los-4-baleados-del-fraccionamiento-moreliano-gobernador-gildardo-magana","status":"publish","type":"post","link":"https:\/\/mediagroup.mx\/index.php\/2025\/04\/28\/identifican-a-los-4-baleados-del-fraccionamiento-moreliano-gobernador-gildardo-magana\/","title":{"rendered":"Identifican a los 4 baleados del fraccionamiento moreliano Gobernador Gildardo Maga\u00f1a"},"content":{"rendered":"<p>RED 113 MICHOAC\u00c1N\/Redacci\u00f3n<\/p>\n<p>Morelia, Mich.- Lunes 28 de abril de 2025.- Ya fueron identificados los cuatro hombres que, durante la tarde del pasado jueves 24 de abril, fueron sometidos y baleados por unos empistolados al interior de un domicilio del fraccionamiento moreliano Gobernador Gildardo Maga\u00f1a, informaron fuentes allegadas al tema.<\/p>\n<p>De acuerdo con contactos cercanos a las autoridades policiales, los interfectos respond\u00edan a los nombres de: Cristopher Esteban V., \u00d3scar Ricardo G., Omar P., y Jes\u00fas S., de 25, 48, 27 y 26 a\u00f1os de edad, respectivamente.<\/p>\n<p>Trascendi\u00f3 que los tres primeros sujetos en menci\u00f3n murieron en el hogar donde se registr\u00f3 la agresi\u00f3n, el cual se localiza en la calle Manuel G. Ortiz. En cuanto al masculino restante, \u00e9ste hab\u00eda quedado malherido y unos param\u00e9dicos lo canalizaron de urgencia al Hospital Civil, ubicado en Ciudad Salud, donde pereci\u00f3 horas m\u00e1s tarde.<\/p>\n<p>Los cuerpos de las v\u00edctimas fueron llevados a las instalaciones del Servicio M\u00e9dico Forense (Semefo) para la pr\u00e1ctica de la necropsia de rigor, posteriormente los familiares realizaron los tr\u00e1mites pertinentes, a efecto de reclamarlos y otorgarles sepultura.<\/p>\n<p>Hasta el momento sigue sin esclarecerse el m\u00faltiple homicidio y tampoco se sabe la identidad y paradero de quienes lo perpetraron. Los elementos de la Fiscal\u00eda contin\u00faan con las diligencias del caso.<\/p>\n<p><img loading=\"lazy\" decoding=\"async\" class=\"alignnone size-medium wp-image-66693\" src=\"https:\/\/mediagroup.mx\/wp-content\/uploads\/2025\/04\/WhatsApp-Image-2025-04-28-at-2.34.00-PM-300x225.jpeg\" alt=\"\" width=\"300\" height=\"225\" srcset=\"https:\/\/mediagroup.mx\/wp-content\/uploads\/2025\/04\/WhatsApp-Image-2025-04-28-at-2.34.00-PM-300x225.jpeg 300w, https:\/\/mediagroup.mx\/wp-content\/uploads\/2025\/04\/WhatsApp-Image-2025-04-28-at-2.34.00-PM-1024x768.jpeg 1024w, https:\/\/mediagroup.mx\/wp-content\/uploads\/2025\/04\/WhatsApp-Image-2025-04-28-at-2.34.00-PM-768x576.jpeg 768w, https:\/\/mediagroup.mx\/wp-content\/uploads\/2025\/04\/WhatsApp-Image-2025-04-28-at-2.34.00-PM-1536x1152.jpeg 1536w, https:\/\/mediagroup.mx\/wp-content\/uploads\/2025\/04\/WhatsApp-Image-2025-04-28-at-2.34.00-PM-150x113.jpeg 150w, https:\/\/mediagroup.mx\/wp-content\/uploads\/2025\/04\/WhatsApp-Image-2025-04-28-at-2.34.00-PM-696x522.jpeg 696w, https:\/\/mediagroup.mx\/wp-content\/uploads\/2025\/04\/WhatsApp-Image-2025-04-28-at-2.34.00-PM-1068x801.jpeg 1068w, https:\/\/mediagroup.mx\/wp-content\/uploads\/2025\/04\/WhatsApp-Image-2025-04-28-at-2.34.00-PM.jpeg 1600w\" sizes=\"auto, (max-width: 300px) 100vw, 300px\" \/> <img loading=\"lazy\" decoding=\"async\" class=\"alignnone size-medium wp-image-66694\" src=\"https:\/\/mediagroup.mx\/wp-content\/uploads\/2025\/04\/WhatsApp-Image-2025-04-28-at-2.34.01-PM-300x225.jpeg\" alt=\"\" width=\"300\" height=\"225\" srcset=\"https:\/\/mediagroup.mx\/wp-content\/uploads\/2025\/04\/WhatsApp-Image-2025-04-28-at-2.34.01-PM-300x225.jpeg 300w, https:\/\/mediagroup.mx\/wp-content\/uploads\/2025\/04\/WhatsApp-Image-2025-04-28-at-2.34.01-PM-1024x768.jpeg 1024w, https:\/\/mediagroup.mx\/wp-content\/uploads\/2025\/04\/WhatsApp-Image-2025-04-28-at-2.34.01-PM-768x576.jpeg 768w, https:\/\/mediagroup.mx\/wp-content\/uploads\/2025\/04\/WhatsApp-Image-2025-04-28-at-2.34.01-PM-1536x1152.jpeg 1536w, https:\/\/mediagroup.mx\/wp-content\/uploads\/2025\/04\/WhatsApp-Image-2025-04-28-at-2.34.01-PM-150x113.jpeg 150w, https:\/\/mediagroup.mx\/wp-content\/uploads\/2025\/04\/WhatsApp-Image-2025-04-28-at-2.34.01-PM-696x522.jpeg 696w, https:\/\/mediagroup.mx\/wp-content\/uploads\/2025\/04\/WhatsApp-Image-2025-04-28-at-2.34.01-PM-1068x801.jpeg 1068w, https:\/\/mediagroup.mx\/wp-content\/uploads\/2025\/04\/WhatsApp-Image-2025-04-28-at-2.34.01-PM.jpeg 1600w\" sizes=\"auto, (max-width: 300px) 100vw, 300px\" \/><\/p>\n","protected":false},"excerpt":{"rendered":"<p>RED 113 MICHOAC\u00c1N\/Redacci\u00f3n Morelia, Mich.- Lunes 28 de abril de 2025.- Ya fueron identificados los cuatro hombres que, durante la tarde del pasado jueves 24 de abril, fueron sometidos y baleados por unos empistolados al interior de un domicilio del fraccionamiento moreliano Gobernador Gildardo Maga\u00f1a, informaron fuentes allegadas al tema. De acuerdo con contactos cercanos [&hellip;]<\/p>\n","protected":false},"author":2,"featured_media":66694,"comment_status":"closed","ping_status":"closed","sticky":false,"template":"","format":"standard","meta":{"om_disable_all_campaigns":false,"_monsterinsights_skip_tracking":false,"_monsterinsights_sitenote_active":false,"_monsterinsights_sitenote_note":"","_monsterinsights_sitenote_category":0,"_uf_show_specific_survey":0,"_uf_disable_surveys":false,"_jetpack_memberships_contains_paid_content":false,"footnotes":"","jetpack_publicize_message":"Identifican a los 4 baleados del fraccionamiento moreliano Gobernador Gildardo Maga\u00f1a\r\n\r\n+ El m\u00faltiple homicidio ocurri\u00f3 dentro de un domicilio del citado asentamiento.\r\n+ Tres de las v\u00edctimas murieron en el lugar de los hechos y la restante en un hospital.\r\n+ No se ha esclarecido el citado evento de violencia, el cual sucedi\u00f3 el pasado jueves 14 de abril.","jetpack_publicize_feature_enabled":true,"jetpack_social_post_already_shared":true,"jetpack_social_options":{"image_generator_settings":{"template":"highway","default_image_id":0,"enabled":false},"version":2}},"categories":[36],"tags":[],"class_list":{"0":"post-66692","1":"post","2":"type-post","3":"status-publish","4":"format-standard","5":"has-post-thumbnail","7":"category-michoacanseguridad"},"aioseo_notices":[],"jetpack_publicize_connections":[],"jetpack_featured_media_url":"https:\/\/mediagroup.mx\/wp-content\/uploads\/2025\/04\/WhatsApp-Image-2025-04-28-at-2.34.01-PM.jpeg","jetpack_sharing_enabled":true,"_links":{"self":[{"href":"https:\/\/mediagroup.mx\/index.php\/wp-json\/wp\/v2\/posts\/66692","targetHints":{"allow":["GET"]}}],"collection":[{"href":"https:\/\/mediagroup.mx\/index.php\/wp-json\/wp\/v2\/posts"}],"about":[{"href":"https:\/\/mediagroup.mx\/index.php\/wp-json\/wp\/v2\/types\/post"}],"author":[{"embeddable":true,"href":"https:\/\/mediagroup.mx\/index.php\/wp-json\/wp\/v2\/users\/2"}],"replies":[{"embeddable":true,"href":"https:\/\/mediagroup.mx\/index.php\/wp-json\/wp\/v2\/comments?post=66692"}],"version-history":[{"count":1,"href":"https:\/\/mediagroup.mx\/index.php\/wp-json\/wp\/v2\/posts\/66692\/revisions"}],"predecessor-version":[{"id":66695,"href":"https:\/\/mediagroup.mx\/index.php\/wp-json\/wp\/v2\/posts\/66692\/revisions\/66695"}],"wp:featuredmedia":[{"embeddable":true,"href":"https:\/\/mediagroup.mx\/index.php\/wp-json\/wp\/v2\/media\/66694"}],"wp:attachment":[{"href":"https:\/\/mediagroup.mx\/index.php\/wp-json\/wp\/v2\/media?parent=66692"}],"wp:term":[{"taxonomy":"category","embeddable":true,"href":"https:\/\/mediagroup.mx\/index.php\/wp-json\/wp\/v2\/categories?post=66692"},{"taxonomy":"post_tag","embeddable":true,"href":"https:\/\/mediagroup.mx\/index.php\/wp-json\/wp\/v2\/tags?post=66692"}],"curies":[{"name":"wp","href":"https:\/\/api.w.org\/{rel}","templated":true}]}}