{"id":66699,"date":"2025-04-28T15:19:11","date_gmt":"2025-04-28T21:19:11","guid":{"rendered":"https:\/\/mediagroup.mx\/?p=66699"},"modified":"2025-04-28T15:19:11","modified_gmt":"2025-04-28T21:19:11","slug":"alcaldes-de-morena-llaman-a-la-mesura-al-equipo-de-raul-moron-lo-exhortan-a-construir-desde-la-unidad","status":"publish","type":"post","link":"https:\/\/mediagroup.mx\/index.php\/2025\/04\/28\/alcaldes-de-morena-llaman-a-la-mesura-al-equipo-de-raul-moron-lo-exhortan-a-construir-desde-la-unidad\/","title":{"rendered":"Alcaldes de Morena llaman a la mesura al equipo de Ra\u00fal Mor\u00f3n; lo exhortan a construir desde la unidad"},"content":{"rendered":"<p>Morelia, Michoac\u00e1n.- Alexis Vel\u00e1zquez, coordinador de presidentes municipales de Morena llam\u00f3 al equipo y voceros de Ra\u00fal Mor\u00f3n a serenarse y construir desde la unidad y bajo los principios de la cuarta transformaci\u00f3n y no desde la violencia.<\/p>\n<p>El alcalde de Huandacareo, afirm\u00f3 que \u201ctodos los integrantes de Morena debemos conducirnos con \u00e9tica, sin denostar, sin difamar. Veo lamentable que algunos actores hayan tergiversado los lamentables hechos ocurridos en Apatzing\u00e1n donde opositores y equipo del senador Ra\u00fal Mor\u00f3n, protagonizaron momentos violentos\u201d.<\/p>\n<p>Alexis Vel\u00e1zquez record\u00f3 que \u201clos principios de Morena son claros, no debemos difamar o calumniar. No olvidemos que nuestro gobernador Alfredo Ram\u00edrez Bedolla es un fundador del movimiento. La ruta para consolidar nuestro proyecto es con unidad, no con descalificaciones sin sustento\u201d.<\/p>\n<p>Adem\u00e1s, consider\u00f3 que la investidura del gobernador debe ser respetada \u201cpor lo que convocamos al di\u00e1logo y la unidad en torno a los compa\u00f1eros del movimiento; s\u00ed a generar acuerdos en beneficio de Morena. Todos debemos estar tranquilos, no son tiempos electorales\u201d, concluy\u00f3 el alcalde.<br \/>\n<img loading=\"lazy\" decoding=\"async\" class=\"alignnone size-medium wp-image-66700\" src=\"https:\/\/mediagroup.mx\/wp-content\/uploads\/2025\/04\/e82d09e3-a38d-4f5b-b6f8-a0437174cbd7-300x197.jpeg\" alt=\"\" width=\"300\" height=\"197\" srcset=\"https:\/\/mediagroup.mx\/wp-content\/uploads\/2025\/04\/e82d09e3-a38d-4f5b-b6f8-a0437174cbd7-300x197.jpeg 300w, https:\/\/mediagroup.mx\/wp-content\/uploads\/2025\/04\/e82d09e3-a38d-4f5b-b6f8-a0437174cbd7-1024x673.jpeg 1024w, https:\/\/mediagroup.mx\/wp-content\/uploads\/2025\/04\/e82d09e3-a38d-4f5b-b6f8-a0437174cbd7-768x505.jpeg 768w, https:\/\/mediagroup.mx\/wp-content\/uploads\/2025\/04\/e82d09e3-a38d-4f5b-b6f8-a0437174cbd7-150x99.jpeg 150w, https:\/\/mediagroup.mx\/wp-content\/uploads\/2025\/04\/e82d09e3-a38d-4f5b-b6f8-a0437174cbd7-696x457.jpeg 696w, https:\/\/mediagroup.mx\/wp-content\/uploads\/2025\/04\/e82d09e3-a38d-4f5b-b6f8-a0437174cbd7-1068x702.jpeg 1068w, https:\/\/mediagroup.mx\/wp-content\/uploads\/2025\/04\/e82d09e3-a38d-4f5b-b6f8-a0437174cbd7.jpeg 1131w\" sizes=\"auto, (max-width: 300px) 100vw, 300px\" \/><\/p>\n","protected":false},"excerpt":{"rendered":"<p>Morelia, Michoac\u00e1n.- Alexis Vel\u00e1zquez, coordinador de presidentes municipales de Morena llam\u00f3 al equipo y voceros de Ra\u00fal Mor\u00f3n a serenarse y construir desde la unidad y bajo los principios de la cuarta transformaci\u00f3n y no desde la violencia. El alcalde de Huandacareo, afirm\u00f3 que \u201ctodos los integrantes de Morena debemos conducirnos con \u00e9tica, sin denostar, [&hellip;]<\/p>\n","protected":false},"author":2,"featured_media":66700,"comment_status":"closed","ping_status":"closed","sticky":false,"template":"","format":"standard","meta":{"om_disable_all_campaigns":false,"_monsterinsights_skip_tracking":false,"_monsterinsights_sitenote_active":false,"_monsterinsights_sitenote_note":"","_monsterinsights_sitenote_category":0,"_uf_show_specific_survey":0,"_uf_disable_surveys":false,"_jetpack_memberships_contains_paid_content":false,"footnotes":"","jetpack_publicize_message":"Alcaldes de Morena llaman a la mesura al equipo de Ra\u00fal Mor\u00f3n; lo exhortan a construir desde la unidad\r\n\r\n-Alexis Vel\u00e1zquez pidi\u00f3 conducirse bajo los principios de la Cuarta Transformaci\u00f3n","jetpack_publicize_feature_enabled":true,"jetpack_social_post_already_shared":true,"jetpack_social_options":{"image_generator_settings":{"template":"highway","default_image_id":0,"enabled":false},"version":2}},"categories":[15,63],"tags":[],"class_list":{"0":"post-66699","1":"post","2":"type-post","3":"status-publish","4":"format-standard","5":"has-post-thumbnail","7":"category-michoacan","8":"category-politica"},"aioseo_notices":[],"jetpack_publicize_connections":[],"jetpack_featured_media_url":"https:\/\/mediagroup.mx\/wp-content\/uploads\/2025\/04\/e82d09e3-a38d-4f5b-b6f8-a0437174cbd7.jpeg","jetpack_sharing_enabled":true,"_links":{"self":[{"href":"https:\/\/mediagroup.mx\/index.php\/wp-json\/wp\/v2\/posts\/66699","targetHints":{"allow":["GET"]}}],"collection":[{"href":"https:\/\/mediagroup.mx\/index.php\/wp-json\/wp\/v2\/posts"}],"about":[{"href":"https:\/\/mediagroup.mx\/index.php\/wp-json\/wp\/v2\/types\/post"}],"author":[{"embeddable":true,"href":"https:\/\/mediagroup.mx\/index.php\/wp-json\/wp\/v2\/users\/2"}],"replies":[{"embeddable":true,"href":"https:\/\/mediagroup.mx\/index.php\/wp-json\/wp\/v2\/comments?post=66699"}],"version-history":[{"count":1,"href":"https:\/\/mediagroup.mx\/index.php\/wp-json\/wp\/v2\/posts\/66699\/revisions"}],"predecessor-version":[{"id":66701,"href":"https:\/\/mediagroup.mx\/index.php\/wp-json\/wp\/v2\/posts\/66699\/revisions\/66701"}],"wp:featuredmedia":[{"embeddable":true,"href":"https:\/\/mediagroup.mx\/index.php\/wp-json\/wp\/v2\/media\/66700"}],"wp:attachment":[{"href":"https:\/\/mediagroup.mx\/index.php\/wp-json\/wp\/v2\/media?parent=66699"}],"wp:term":[{"taxonomy":"category","embeddable":true,"href":"https:\/\/mediagroup.mx\/index.php\/wp-json\/wp\/v2\/categories?post=66699"},{"taxonomy":"post_tag","embeddable":true,"href":"https:\/\/mediagroup.mx\/index.php\/wp-json\/wp\/v2\/tags?post=66699"}],"curies":[{"name":"wp","href":"https:\/\/api.w.org\/{rel}","templated":true}]}}