{"id":66767,"date":"2025-04-28T09:34:54","date_gmt":"2025-04-28T15:34:54","guid":{"rendered":"https:\/\/mediagroup.mx\/?p=66767"},"modified":"2025-04-29T09:36:42","modified_gmt":"2025-04-29T15:36:42","slug":"hallan-muerta-a-una-mujer-en-la-zona-centro-de-lazaro-cardenas","status":"publish","type":"post","link":"https:\/\/mediagroup.mx\/index.php\/2025\/04\/28\/hallan-muerta-a-una-mujer-en-la-zona-centro-de-lazaro-cardenas\/","title":{"rendered":"Hallan muerta a una mujer en la zona Centro de L\u00e1zaro C\u00e1rdenas."},"content":{"rendered":"<p>RED 113 MICHOAC\u00c1N\/Redacci\u00f3n<\/p>\n<p>L\u00e1zaro C\u00e1rdenas, Mich.- 28 de abril del 2025. &#8211; En la v\u00eda p\u00fablica del centro de la ciudad de L\u00e1zaro C\u00e1rdenas, fue encontrado el cuerpo sin vida de una mujer en aparentemente en condici\u00f3n de calle. El caso es investigado por la Fiscal\u00eda General del Estado para determinar las causas del deceso.<\/p>\n<p>De acuerdo con las autoridades, algunos transe\u00fantes observaron a la f\u00e9mina inerte sobre la calle 5 de Mayo, cerca de la Avenida Constituci\u00f3n de 1814 y al percatarse que no reaccionaba solicitaron ayuda al servicio de emergencias.<\/p>\n<p>En la zona se presentaron oficiales de la Polic\u00eda Municipal, junto con param\u00e9dicos locales quienes revisaron a la susodicha y confirmaron que lamentablemente carec\u00eda de signos vitales, sin que a simple vista se le apreciaran huellas de violencia. Los patrulleros acordonaron el \u00e1rea.<\/p>\n<p>La ahora occisa permanece en calidad de no identificada, se describe como una persona de entre 50 y 55 a\u00f1os de edad, misma que vest\u00eda un pants de color azul marino con l\u00edneas rojas a los costados, una blusa de color marr\u00f3n claro y una camiseta oscura. En su mano derecha llevaba una pulsera met\u00e1lica plateada y debajo de su cuerpo se encontr\u00f3 una cobija.<\/p>\n<p>Especialistas de la Fiscal\u00eda Regional de Justicia emprendieron las diligencias correspondientes y trasladaron el cad\u00e1ver al Servicio M\u00e9dico Forense, para la pr\u00e1ctica de la necropsia de ley y en espera de que sea identificado por sus deudos.<\/p>\n<p><img loading=\"lazy\" decoding=\"async\" class=\"alignnone size-medium wp-image-66768\" src=\"https:\/\/mediagroup.mx\/wp-content\/uploads\/2025\/04\/WhatsApp-Image-2025-04-28-at-8.51.12-PM-237x300.jpeg\" alt=\"\" width=\"237\" height=\"300\" srcset=\"https:\/\/mediagroup.mx\/wp-content\/uploads\/2025\/04\/WhatsApp-Image-2025-04-28-at-8.51.12-PM-237x300.jpeg 237w, https:\/\/mediagroup.mx\/wp-content\/uploads\/2025\/04\/WhatsApp-Image-2025-04-28-at-8.51.12-PM-808x1024.jpeg 808w, https:\/\/mediagroup.mx\/wp-content\/uploads\/2025\/04\/WhatsApp-Image-2025-04-28-at-8.51.12-PM-768x974.jpeg 768w, https:\/\/mediagroup.mx\/wp-content\/uploads\/2025\/04\/WhatsApp-Image-2025-04-28-at-8.51.12-PM-1212x1536.jpeg 1212w, https:\/\/mediagroup.mx\/wp-content\/uploads\/2025\/04\/WhatsApp-Image-2025-04-28-at-8.51.12-PM-150x190.jpeg 150w, https:\/\/mediagroup.mx\/wp-content\/uploads\/2025\/04\/WhatsApp-Image-2025-04-28-at-8.51.12-PM-300x380.jpeg 300w, https:\/\/mediagroup.mx\/wp-content\/uploads\/2025\/04\/WhatsApp-Image-2025-04-28-at-8.51.12-PM-696x882.jpeg 696w, https:\/\/mediagroup.mx\/wp-content\/uploads\/2025\/04\/WhatsApp-Image-2025-04-28-at-8.51.12-PM-1068x1354.jpeg 1068w, https:\/\/mediagroup.mx\/wp-content\/uploads\/2025\/04\/WhatsApp-Image-2025-04-28-at-8.51.12-PM.jpeg 1262w\" sizes=\"auto, (max-width: 237px) 100vw, 237px\" \/><\/p>\n","protected":false},"excerpt":{"rendered":"<p>RED 113 MICHOAC\u00c1N\/Redacci\u00f3n L\u00e1zaro C\u00e1rdenas, Mich.- 28 de abril del 2025. &#8211; En la v\u00eda p\u00fablica del centro de la ciudad de L\u00e1zaro C\u00e1rdenas, fue encontrado el cuerpo sin vida de una mujer en aparentemente en condici\u00f3n de calle. El caso es investigado por la Fiscal\u00eda General del Estado para determinar las causas del deceso. [&hellip;]<\/p>\n","protected":false},"author":2,"featured_media":66768,"comment_status":"closed","ping_status":"closed","sticky":false,"template":"","format":"standard","meta":{"om_disable_all_campaigns":false,"_monsterinsights_skip_tracking":false,"_monsterinsights_sitenote_active":false,"_monsterinsights_sitenote_note":"","_monsterinsights_sitenote_category":0,"_uf_show_specific_survey":0,"_uf_disable_surveys":false,"_jetpack_memberships_contains_paid_content":false,"footnotes":"","jetpack_publicize_message":"Hallan muerta a una mujer en la zona Centro de L\u00e1zaro C\u00e1rdenas.","jetpack_publicize_feature_enabled":true,"jetpack_social_post_already_shared":true,"jetpack_social_options":{"image_generator_settings":{"template":"highway","default_image_id":0,"enabled":false},"version":2}},"categories":[36],"tags":[],"class_list":{"0":"post-66767","1":"post","2":"type-post","3":"status-publish","4":"format-standard","5":"has-post-thumbnail","7":"category-michoacanseguridad"},"aioseo_notices":[],"jetpack_publicize_connections":[],"jetpack_featured_media_url":"https:\/\/mediagroup.mx\/wp-content\/uploads\/2025\/04\/WhatsApp-Image-2025-04-28-at-8.51.12-PM.jpeg","jetpack_sharing_enabled":true,"_links":{"self":[{"href":"https:\/\/mediagroup.mx\/index.php\/wp-json\/wp\/v2\/posts\/66767","targetHints":{"allow":["GET"]}}],"collection":[{"href":"https:\/\/mediagroup.mx\/index.php\/wp-json\/wp\/v2\/posts"}],"about":[{"href":"https:\/\/mediagroup.mx\/index.php\/wp-json\/wp\/v2\/types\/post"}],"author":[{"embeddable":true,"href":"https:\/\/mediagroup.mx\/index.php\/wp-json\/wp\/v2\/users\/2"}],"replies":[{"embeddable":true,"href":"https:\/\/mediagroup.mx\/index.php\/wp-json\/wp\/v2\/comments?post=66767"}],"version-history":[{"count":1,"href":"https:\/\/mediagroup.mx\/index.php\/wp-json\/wp\/v2\/posts\/66767\/revisions"}],"predecessor-version":[{"id":66769,"href":"https:\/\/mediagroup.mx\/index.php\/wp-json\/wp\/v2\/posts\/66767\/revisions\/66769"}],"wp:featuredmedia":[{"embeddable":true,"href":"https:\/\/mediagroup.mx\/index.php\/wp-json\/wp\/v2\/media\/66768"}],"wp:attachment":[{"href":"https:\/\/mediagroup.mx\/index.php\/wp-json\/wp\/v2\/media?parent=66767"}],"wp:term":[{"taxonomy":"category","embeddable":true,"href":"https:\/\/mediagroup.mx\/index.php\/wp-json\/wp\/v2\/categories?post=66767"},{"taxonomy":"post_tag","embeddable":true,"href":"https:\/\/mediagroup.mx\/index.php\/wp-json\/wp\/v2\/tags?post=66767"}],"curies":[{"name":"wp","href":"https:\/\/api.w.org\/{rel}","templated":true}]}}