{"id":66770,"date":"2025-04-28T09:38:09","date_gmt":"2025-04-28T15:38:09","guid":{"rendered":"https:\/\/mediagroup.mx\/?p=66770"},"modified":"2025-04-29T09:39:05","modified_gmt":"2025-04-29T15:39:05","slug":"joven-pescador-es-hallado-ahogado-en-lazaro-cardenas","status":"publish","type":"post","link":"https:\/\/mediagroup.mx\/index.php\/2025\/04\/28\/joven-pescador-es-hallado-ahogado-en-lazaro-cardenas\/","title":{"rendered":"Joven pescador es hallado ahogado en L\u00e1zaro c\u00e1rdenas."},"content":{"rendered":"<p>RED 113 MICHOAC\u00c1N\/Redacci\u00f3n<\/p>\n<p>L\u00e1zaro C\u00e1rdenas, Mich.- 28 de abril del 2025 \u2013 Un joven sali\u00f3 a pescar el pasado fin de semana sin que regresara por lo que sus familiares comenzaron su b\u00fasqueda, hasta que finalmente este lunes el susodicho fue hallado sin vida, ahogado en las playas de L\u00e1zaro C\u00e1rdenas.<\/p>\n<p>Se trata de Daniel A., de 24 a\u00f1os de edad, quien de acuerdo con sus seres queridos subi\u00f3 a su lancha y se dirigi\u00f3 a pescar como de costumbre, pero las horas pasaron y no regres\u00f3 por lo que dieron aviso al personal de la Secretar\u00eda de Marina para comenzar su b\u00fasqueda.<\/p>\n<p>No fue sino hasta este lunes cuando los marinos ubicaron el cad\u00e1ver del muchacho en la zona conocida como el Malec\u00f3n Viejo, de inmediato los uniformados procedieron al rescate del cuerpo y lo trasladaron a las instalaciones de la Zona Naval N\u00famero 16.<\/p>\n<p>Los especialistas de la Unidad de Atenci\u00f3n Inmediata dependientes de la Fiscal\u00eda General del Estado fueron informados sobre lo ocurrido, tras lo cual acudieron a la base de los marinos para realizar el levantamiento del cuerpo y su posterior traslado al Semefo local para lo conducente.<\/p>\n<p><img loading=\"lazy\" decoding=\"async\" class=\"alignnone size-medium wp-image-66771\" src=\"https:\/\/mediagroup.mx\/wp-content\/uploads\/2025\/04\/WhatsApp-Image-2025-04-28-at-9.36.03-PM-300x199.jpeg\" alt=\"\" width=\"300\" height=\"199\" srcset=\"https:\/\/mediagroup.mx\/wp-content\/uploads\/2025\/04\/WhatsApp-Image-2025-04-28-at-9.36.03-PM-300x199.jpeg 300w, https:\/\/mediagroup.mx\/wp-content\/uploads\/2025\/04\/WhatsApp-Image-2025-04-28-at-9.36.03-PM-1024x680.jpeg 1024w, https:\/\/mediagroup.mx\/wp-content\/uploads\/2025\/04\/WhatsApp-Image-2025-04-28-at-9.36.03-PM-768x510.jpeg 768w, https:\/\/mediagroup.mx\/wp-content\/uploads\/2025\/04\/WhatsApp-Image-2025-04-28-at-9.36.03-PM-1536x1020.jpeg 1536w, https:\/\/mediagroup.mx\/wp-content\/uploads\/2025\/04\/WhatsApp-Image-2025-04-28-at-9.36.03-PM-150x100.jpeg 150w, https:\/\/mediagroup.mx\/wp-content\/uploads\/2025\/04\/WhatsApp-Image-2025-04-28-at-9.36.03-PM-696x462.jpeg 696w, https:\/\/mediagroup.mx\/wp-content\/uploads\/2025\/04\/WhatsApp-Image-2025-04-28-at-9.36.03-PM-1068x709.jpeg 1068w, https:\/\/mediagroup.mx\/wp-content\/uploads\/2025\/04\/WhatsApp-Image-2025-04-28-at-9.36.03-PM.jpeg 1600w\" sizes=\"auto, (max-width: 300px) 100vw, 300px\" \/><\/p>\n","protected":false},"excerpt":{"rendered":"<p>RED 113 MICHOAC\u00c1N\/Redacci\u00f3n L\u00e1zaro C\u00e1rdenas, Mich.- 28 de abril del 2025 \u2013 Un joven sali\u00f3 a pescar el pasado fin de semana sin que regresara por lo que sus familiares comenzaron su b\u00fasqueda, hasta que finalmente este lunes el susodicho fue hallado sin vida, ahogado en las playas de L\u00e1zaro C\u00e1rdenas. Se trata de Daniel [&hellip;]<\/p>\n","protected":false},"author":2,"featured_media":66771,"comment_status":"closed","ping_status":"closed","sticky":false,"template":"","format":"standard","meta":{"om_disable_all_campaigns":false,"_monsterinsights_skip_tracking":false,"_monsterinsights_sitenote_active":false,"_monsterinsights_sitenote_note":"","_monsterinsights_sitenote_category":0,"_uf_show_specific_survey":0,"_uf_disable_surveys":false,"_jetpack_memberships_contains_paid_content":false,"footnotes":"","jetpack_publicize_message":"Joven pescador es hallado ahogado en L\u00e1zaro c\u00e1rdenas.","jetpack_publicize_feature_enabled":true,"jetpack_social_post_already_shared":true,"jetpack_social_options":{"image_generator_settings":{"template":"highway","default_image_id":0,"enabled":false},"version":2}},"categories":[36],"tags":[],"class_list":{"0":"post-66770","1":"post","2":"type-post","3":"status-publish","4":"format-standard","5":"has-post-thumbnail","7":"category-michoacanseguridad"},"aioseo_notices":[],"jetpack_publicize_connections":[],"jetpack_featured_media_url":"https:\/\/mediagroup.mx\/wp-content\/uploads\/2025\/04\/WhatsApp-Image-2025-04-28-at-9.36.03-PM.jpeg","jetpack_sharing_enabled":true,"_links":{"self":[{"href":"https:\/\/mediagroup.mx\/index.php\/wp-json\/wp\/v2\/posts\/66770","targetHints":{"allow":["GET"]}}],"collection":[{"href":"https:\/\/mediagroup.mx\/index.php\/wp-json\/wp\/v2\/posts"}],"about":[{"href":"https:\/\/mediagroup.mx\/index.php\/wp-json\/wp\/v2\/types\/post"}],"author":[{"embeddable":true,"href":"https:\/\/mediagroup.mx\/index.php\/wp-json\/wp\/v2\/users\/2"}],"replies":[{"embeddable":true,"href":"https:\/\/mediagroup.mx\/index.php\/wp-json\/wp\/v2\/comments?post=66770"}],"version-history":[{"count":1,"href":"https:\/\/mediagroup.mx\/index.php\/wp-json\/wp\/v2\/posts\/66770\/revisions"}],"predecessor-version":[{"id":66772,"href":"https:\/\/mediagroup.mx\/index.php\/wp-json\/wp\/v2\/posts\/66770\/revisions\/66772"}],"wp:featuredmedia":[{"embeddable":true,"href":"https:\/\/mediagroup.mx\/index.php\/wp-json\/wp\/v2\/media\/66771"}],"wp:attachment":[{"href":"https:\/\/mediagroup.mx\/index.php\/wp-json\/wp\/v2\/media?parent=66770"}],"wp:term":[{"taxonomy":"category","embeddable":true,"href":"https:\/\/mediagroup.mx\/index.php\/wp-json\/wp\/v2\/categories?post=66770"},{"taxonomy":"post_tag","embeddable":true,"href":"https:\/\/mediagroup.mx\/index.php\/wp-json\/wp\/v2\/tags?post=66770"}],"curies":[{"name":"wp","href":"https:\/\/api.w.org\/{rel}","templated":true}]}}