{"id":66773,"date":"2025-04-28T09:43:21","date_gmt":"2025-04-28T15:43:21","guid":{"rendered":"https:\/\/mediagroup.mx\/?p=66773"},"modified":"2025-04-29T09:48:08","modified_gmt":"2025-04-29T15:48:08","slug":"hombre-es-acribillado-a-balazos-cuando-regresaba-a-su-casa-en-taretan","status":"publish","type":"post","link":"https:\/\/mediagroup.mx\/index.php\/2025\/04\/28\/hombre-es-acribillado-a-balazos-cuando-regresaba-a-su-casa-en-taretan\/","title":{"rendered":"Hombre es acribillado a balazos, cuando regresaba a su casa en Taretan."},"content":{"rendered":"<p>RED 113 MICHOAC\u00c1N\/Redacci\u00f3n<\/p>\n<p>Taretan, Mich.- 28 de abril de 2025.- Cuando regresaba a su domicilio un hombre fue interceptado por sujetos armados y asesinado a balazos en la poblaci\u00f3n de Lagunilla, perteneciente a este municipio de Taretan.<\/p>\n<p>Por la informaci\u00f3n recabada con fuentes policiales se pudo establecer que, Mart\u00edn G., de 36 a\u00f1os de edad, al momento de la agresi\u00f3n estaba en camino a su casa, pero en determinado momento los sicarios le sorprendieron y abrieron fuego en su contra para enseguida huir.<\/p>\n<p>Algunas personas pidieron ayuda, lo que moviliz\u00f3 a elementos policiacos, as\u00ed como param\u00e9dicos locales, quienes confirmaron que el ofendido ya hab\u00eda fallecido. En la zona quedaron regados al menos 11 casquillos percutidos de grueso calibre.<\/p>\n<p>Los uniformados resguardaron la escena del crimen de acuerdo con el protocolo de la cadena de custodia y m\u00e1s tarde, personal de la Fiscal\u00eda General del Estado (FGE) se encarg\u00f3 de realizar las actuaciones de ley, para finalmente trasladar el cad\u00e1ver al Servicio M\u00e9dico Forense (Semefo) de la regi\u00f3n.<\/p>\n<p><img loading=\"lazy\" decoding=\"async\" class=\"alignnone size-medium wp-image-66774\" src=\"https:\/\/mediagroup.mx\/wp-content\/uploads\/2025\/04\/WhatsApp-Image-2025-04-28-at-11.08.36-PM-300x152.jpeg\" alt=\"\" width=\"300\" height=\"152\" srcset=\"https:\/\/mediagroup.mx\/wp-content\/uploads\/2025\/04\/WhatsApp-Image-2025-04-28-at-11.08.36-PM-300x152.jpeg 300w, https:\/\/mediagroup.mx\/wp-content\/uploads\/2025\/04\/WhatsApp-Image-2025-04-28-at-11.08.36-PM-1024x518.jpeg 1024w, https:\/\/mediagroup.mx\/wp-content\/uploads\/2025\/04\/WhatsApp-Image-2025-04-28-at-11.08.36-PM-768x388.jpeg 768w, https:\/\/mediagroup.mx\/wp-content\/uploads\/2025\/04\/WhatsApp-Image-2025-04-28-at-11.08.36-PM-150x76.jpeg 150w, https:\/\/mediagroup.mx\/wp-content\/uploads\/2025\/04\/WhatsApp-Image-2025-04-28-at-11.08.36-PM-696x352.jpeg 696w, https:\/\/mediagroup.mx\/wp-content\/uploads\/2025\/04\/WhatsApp-Image-2025-04-28-at-11.08.36-PM-1068x540.jpeg 1068w, https:\/\/mediagroup.mx\/wp-content\/uploads\/2025\/04\/WhatsApp-Image-2025-04-28-at-11.08.36-PM.jpeg 1080w\" sizes=\"auto, (max-width: 300px) 100vw, 300px\" \/><\/p>\n","protected":false},"excerpt":{"rendered":"<p>RED 113 MICHOAC\u00c1N\/Redacci\u00f3n Taretan, Mich.- 28 de abril de 2025.- Cuando regresaba a su domicilio un hombre fue interceptado por sujetos armados y asesinado a balazos en la poblaci\u00f3n de Lagunilla, perteneciente a este municipio de Taretan. Por la informaci\u00f3n recabada con fuentes policiales se pudo establecer que, Mart\u00edn G., de 36 a\u00f1os de edad, [&hellip;]<\/p>\n","protected":false},"author":2,"featured_media":66774,"comment_status":"closed","ping_status":"closed","sticky":false,"template":"","format":"standard","meta":{"om_disable_all_campaigns":false,"_monsterinsights_skip_tracking":false,"_monsterinsights_sitenote_active":false,"_monsterinsights_sitenote_note":"","_monsterinsights_sitenote_category":0,"_uf_show_specific_survey":0,"_uf_disable_surveys":false,"_jetpack_memberships_contains_paid_content":false,"footnotes":"","jetpack_publicize_message":"Hombre es acribillado a balazos, cuando regresaba a su casa en Taretan.","jetpack_publicize_feature_enabled":true,"jetpack_social_post_already_shared":true,"jetpack_social_options":{"image_generator_settings":{"template":"highway","default_image_id":0,"enabled":false},"version":2}},"categories":[36],"tags":[],"class_list":{"0":"post-66773","1":"post","2":"type-post","3":"status-publish","4":"format-standard","5":"has-post-thumbnail","7":"category-michoacanseguridad"},"aioseo_notices":[],"jetpack_publicize_connections":[],"jetpack_featured_media_url":"https:\/\/mediagroup.mx\/wp-content\/uploads\/2025\/04\/WhatsApp-Image-2025-04-28-at-11.08.36-PM.jpeg","jetpack_sharing_enabled":true,"_links":{"self":[{"href":"https:\/\/mediagroup.mx\/index.php\/wp-json\/wp\/v2\/posts\/66773","targetHints":{"allow":["GET"]}}],"collection":[{"href":"https:\/\/mediagroup.mx\/index.php\/wp-json\/wp\/v2\/posts"}],"about":[{"href":"https:\/\/mediagroup.mx\/index.php\/wp-json\/wp\/v2\/types\/post"}],"author":[{"embeddable":true,"href":"https:\/\/mediagroup.mx\/index.php\/wp-json\/wp\/v2\/users\/2"}],"replies":[{"embeddable":true,"href":"https:\/\/mediagroup.mx\/index.php\/wp-json\/wp\/v2\/comments?post=66773"}],"version-history":[{"count":1,"href":"https:\/\/mediagroup.mx\/index.php\/wp-json\/wp\/v2\/posts\/66773\/revisions"}],"predecessor-version":[{"id":66775,"href":"https:\/\/mediagroup.mx\/index.php\/wp-json\/wp\/v2\/posts\/66773\/revisions\/66775"}],"wp:featuredmedia":[{"embeddable":true,"href":"https:\/\/mediagroup.mx\/index.php\/wp-json\/wp\/v2\/media\/66774"}],"wp:attachment":[{"href":"https:\/\/mediagroup.mx\/index.php\/wp-json\/wp\/v2\/media?parent=66773"}],"wp:term":[{"taxonomy":"category","embeddable":true,"href":"https:\/\/mediagroup.mx\/index.php\/wp-json\/wp\/v2\/categories?post=66773"},{"taxonomy":"post_tag","embeddable":true,"href":"https:\/\/mediagroup.mx\/index.php\/wp-json\/wp\/v2\/tags?post=66773"}],"curies":[{"name":"wp","href":"https:\/\/api.w.org\/{rel}","templated":true}]}}