{"id":66776,"date":"2025-04-29T09:50:22","date_gmt":"2025-04-29T15:50:22","guid":{"rendered":"https:\/\/mediagroup.mx\/?p=66776"},"modified":"2025-04-29T09:50:22","modified_gmt":"2025-04-29T15:50:22","slug":"vuelca-trailer-en-el-entronque-patzcuaro-cuitzeo-guadalajara-mexico","status":"publish","type":"post","link":"https:\/\/mediagroup.mx\/index.php\/2025\/04\/29\/vuelca-trailer-en-el-entronque-patzcuaro-cuitzeo-guadalajara-mexico\/","title":{"rendered":"Vuelca tr\u00e1iler en el entronque P\u00e1tzcuaro-Cuitzeo\/Guadalajara-M\u00e9xico."},"content":{"rendered":"<p>RED 113 MICHOAC\u00c1N\/Redacci\u00f3n<\/p>\n<p>Cop\u00e1ndaro de Galeana, Mich.- Martes 29 de abril de 2025.- La ma\u00f1ana de este martes se registr\u00f3 la volcadura de un tr\u00e1iler en el entronque de las autopistas P\u00e1tzcuaro-Cuitzeo\/M\u00e9xico-Guadalajara, hecho dej\u00f3 da\u00f1os materiales.<\/p>\n<p>Fuentes allegadas al tema informaron que el aparatoso percance tuvo lugar a la altura de la caseta de cobro de Cop\u00e1ndaro de Galeana, y fue reportado por varios automovilistas al n\u00famero de emergencias 911.<\/p>\n<p>En el sitio se presentaron patrulleros de la Guardia Nacional (GN), quienes se encargaron del peritaje correspondiente y solicitaron una gr\u00faa para retirar el tractocami\u00f3n perjudicado.<\/p>\n<p><img loading=\"lazy\" decoding=\"async\" class=\"alignnone size-medium wp-image-66777\" src=\"https:\/\/mediagroup.mx\/wp-content\/uploads\/2025\/04\/WhatsApp-Image-2025-04-29-at-9.45.30-AM-300x135.jpeg\" alt=\"\" width=\"300\" height=\"135\" srcset=\"https:\/\/mediagroup.mx\/wp-content\/uploads\/2025\/04\/WhatsApp-Image-2025-04-29-at-9.45.30-AM-300x135.jpeg 300w, https:\/\/mediagroup.mx\/wp-content\/uploads\/2025\/04\/WhatsApp-Image-2025-04-29-at-9.45.30-AM-1024x460.jpeg 1024w, https:\/\/mediagroup.mx\/wp-content\/uploads\/2025\/04\/WhatsApp-Image-2025-04-29-at-9.45.30-AM-768x345.jpeg 768w, https:\/\/mediagroup.mx\/wp-content\/uploads\/2025\/04\/WhatsApp-Image-2025-04-29-at-9.45.30-AM-1536x690.jpeg 1536w, https:\/\/mediagroup.mx\/wp-content\/uploads\/2025\/04\/WhatsApp-Image-2025-04-29-at-9.45.30-AM-150x67.jpeg 150w, https:\/\/mediagroup.mx\/wp-content\/uploads\/2025\/04\/WhatsApp-Image-2025-04-29-at-9.45.30-AM-696x313.jpeg 696w, https:\/\/mediagroup.mx\/wp-content\/uploads\/2025\/04\/WhatsApp-Image-2025-04-29-at-9.45.30-AM-1068x480.jpeg 1068w, https:\/\/mediagroup.mx\/wp-content\/uploads\/2025\/04\/WhatsApp-Image-2025-04-29-at-9.45.30-AM.jpeg 1600w\" sizes=\"auto, (max-width: 300px) 100vw, 300px\" \/><\/p>\n","protected":false},"excerpt":{"rendered":"<p>RED 113 MICHOAC\u00c1N\/Redacci\u00f3n Cop\u00e1ndaro de Galeana, Mich.- Martes 29 de abril de 2025.- La ma\u00f1ana de este martes se registr\u00f3 la volcadura de un tr\u00e1iler en el entronque de las autopistas P\u00e1tzcuaro-Cuitzeo\/M\u00e9xico-Guadalajara, hecho dej\u00f3 da\u00f1os materiales. Fuentes allegadas al tema informaron que el aparatoso percance tuvo lugar a la altura de la caseta de cobro [&hellip;]<\/p>\n","protected":false},"author":2,"featured_media":66777,"comment_status":"closed","ping_status":"closed","sticky":false,"template":"","format":"standard","meta":{"om_disable_all_campaigns":false,"_monsterinsights_skip_tracking":false,"_monsterinsights_sitenote_active":false,"_monsterinsights_sitenote_note":"","_monsterinsights_sitenote_category":0,"_uf_show_specific_survey":0,"_uf_disable_surveys":false,"_jetpack_memberships_contains_paid_content":false,"footnotes":"","jetpack_publicize_message":"Vuelca tr\u00e1iler en el entronque P\u00e1tzcuaro-Cuitzeo\/Guadalajara-M\u00e9xico","jetpack_publicize_feature_enabled":true,"jetpack_social_post_already_shared":true,"jetpack_social_options":{"image_generator_settings":{"template":"highway","default_image_id":0,"enabled":false},"version":2}},"categories":[36],"tags":[],"class_list":{"0":"post-66776","1":"post","2":"type-post","3":"status-publish","4":"format-standard","5":"has-post-thumbnail","7":"category-michoacanseguridad"},"aioseo_notices":[],"jetpack_publicize_connections":[],"jetpack_featured_media_url":"https:\/\/mediagroup.mx\/wp-content\/uploads\/2025\/04\/WhatsApp-Image-2025-04-29-at-9.45.30-AM.jpeg","jetpack_sharing_enabled":true,"_links":{"self":[{"href":"https:\/\/mediagroup.mx\/index.php\/wp-json\/wp\/v2\/posts\/66776","targetHints":{"allow":["GET"]}}],"collection":[{"href":"https:\/\/mediagroup.mx\/index.php\/wp-json\/wp\/v2\/posts"}],"about":[{"href":"https:\/\/mediagroup.mx\/index.php\/wp-json\/wp\/v2\/types\/post"}],"author":[{"embeddable":true,"href":"https:\/\/mediagroup.mx\/index.php\/wp-json\/wp\/v2\/users\/2"}],"replies":[{"embeddable":true,"href":"https:\/\/mediagroup.mx\/index.php\/wp-json\/wp\/v2\/comments?post=66776"}],"version-history":[{"count":1,"href":"https:\/\/mediagroup.mx\/index.php\/wp-json\/wp\/v2\/posts\/66776\/revisions"}],"predecessor-version":[{"id":66778,"href":"https:\/\/mediagroup.mx\/index.php\/wp-json\/wp\/v2\/posts\/66776\/revisions\/66778"}],"wp:featuredmedia":[{"embeddable":true,"href":"https:\/\/mediagroup.mx\/index.php\/wp-json\/wp\/v2\/media\/66777"}],"wp:attachment":[{"href":"https:\/\/mediagroup.mx\/index.php\/wp-json\/wp\/v2\/media?parent=66776"}],"wp:term":[{"taxonomy":"category","embeddable":true,"href":"https:\/\/mediagroup.mx\/index.php\/wp-json\/wp\/v2\/categories?post=66776"},{"taxonomy":"post_tag","embeddable":true,"href":"https:\/\/mediagroup.mx\/index.php\/wp-json\/wp\/v2\/tags?post=66776"}],"curies":[{"name":"wp","href":"https:\/\/api.w.org\/{rel}","templated":true}]}}