{"id":66793,"date":"2025-04-29T13:16:04","date_gmt":"2025-04-29T19:16:04","guid":{"rendered":"https:\/\/mediagroup.mx\/?p=66793"},"modified":"2025-04-29T13:16:04","modified_gmt":"2025-04-29T19:16:04","slug":"red-electrica-espanola-descarta-ciberataque-como-causa-del-apagon","status":"publish","type":"post","link":"https:\/\/mediagroup.mx\/index.php\/2025\/04\/29\/red-electrica-espanola-descarta-ciberataque-como-causa-del-apagon\/","title":{"rendered":"Red El\u00e9ctrica Espa\u00f1ola descarta ciberataque como causa del apag\u00f3n"},"content":{"rendered":"<div id=\"article-content-tts\" class=\"nota-contenido mb-5\">\n<div id=\"content_nitf\">\n<p class=\"nota-justify\" style=\"text-align: justify;\">En el d\u00eda despu\u00e9s del apag\u00f3n masivo en Espa\u00f1a, Portugal y el sur de Francia, y una vez que la normalidad del servicio el\u00e9ctrico y de telefon\u00eda se ha restablecido al 100 por ciento, la empresa de suministro Red El\u00e9ctrica Espa\u00f1ola (REE) inform\u00f3 que despu\u00e9s de analizar todos los datos t\u00e9cnicos descartan la teor\u00eda del ciberataque de \u201cun agente externo\u201d. Se confirma por tanto que lo que ocurri\u00f3 fue un colapso del sistema el\u00e9ctrico espa\u00f1ol o un fallo masivo en la generaci\u00f3n que tambi\u00e9n afect\u00f3 a los dos pa\u00edses lim\u00edtrofes. El presidente del gobierno, el socialista Pedro S\u00e1nchez, compareci\u00f3 de nuevo ante los medios de comunicaci\u00f3n para anunciar que ser\u00e1 \u201cuna prioridad\u201d saber qu\u00e9 pas\u00f3 exactamente y que exigir\u00e1n responsabilidad a las compa\u00f1\u00edas de abastecimiento.<\/p>\n<p class=\"nota-justify\" style=\"text-align: justify;\">Despu\u00e9s de que miles de personas tuvieron que pasar la noche en centros de refugio improvisados o a la intemperie en aeropuertos, estaciones de trenes y de autobuses de todo el pa\u00eds, los responsables de la REE comparecieron para informar de los \u00faltimos datos de la investigaci\u00f3n, en la que ya se descart\u00f3 el \u201cciberataque\u201d o \u201cciberterrorismo\u201d, tal y como se hab\u00eda especulado durante la jornada dram\u00e1tica de ayer. La explicaci\u00f3n oficial es que se trat\u00f3 de un fallo de generaci\u00f3n en la regi\u00f3n suroeste de Espa\u00f1a como principal hip\u00f3tesis del accidente energ\u00e9tico. Dos segundos y medio despu\u00e9s, seg\u00fan REE, \u201cse inici\u00f3 otro evento en el sistema con una reducci\u00f3n brusca y significativa de frecuencias\u201d, con lo que el sistema el\u00e9ctrico se qued\u00f3 en \u201cdemanda cero\u201d, lo que es un hecho ins\u00f3lito y que no se hab\u00eda producido nunca en nuestro territorio. Adem\u00e1s, REE inform\u00f3 de que el funcionamiento del sistema el\u00e9ctrico ya se encontraba restablecido al 100 por ciento.<\/p>\n<p class=\"nota-justify\" style=\"text-align: justify;\">Tras las cr\u00edticas desde la oposici\u00f3n, medios de comunicaci\u00f3n y una parte de la ciudadan\u00eda a la gesti\u00f3n del gobierno durante la crisis de ayer, en la que hubo un silencio informativo de m\u00e1s de seis horas por parte del gobierno central, el presidente S\u00e1nchez se defendi\u00f3 asegurando que el \u201cgobierno comparece cuando tiene informaci\u00f3n y tiene una informaci\u00f3n precisa de lo que estaba ocurriendo\u201d, pero sobre todo destac\u00f3 que lo importante es que \u201clos resultados de todas estas pesquisas se van a utilizar para reforzar nuestro sistema el\u00e9ctrico, porque lo que ocurri\u00f3 ayer no puede volver a pasar. Somos los primeros que queremos responder las preguntas y pondremos las medidas necesarias para que no vuelva a pasar. El gobierno tiene dos prioridades: la primera es consolidar el restablecimiento del sistema el\u00e9ctrico al 100 por cien y para ello estamos trabajando. La segunda es saber qu\u00e9 ha pasado y adoptar las medidas necesarias para que esto no vuelva a pasar. Estamos esperando los resultados de los an\u00e1lisis de Red El\u00e9ctrica para los pr\u00f3ximos d\u00edas, que deber\u00edan permitirnos conocer qu\u00e9 paso en esos cinco segundos que precipitaron la ca\u00edda del sistema\u201d, asegur\u00f3 S\u00e1nchez.<\/p>\n<p class=\"nota-justify\" style=\"text-align: justify;\">La asociaci\u00f3n de trabajadores aut\u00f3nomos de Espa\u00f1a calcula que las p\u00e9rdidas econ\u00f3micas provocadas por el apag\u00f3n masivo superar\u00e1n los mil 300 millones de euros en bares y comercios, ya que la mayor\u00eda tuvieron que cerrar sus puertas o dejar de atender al p\u00fablico. Mientras que la Confederaci\u00f3n Empresarial Espa\u00f1ola (CEOE) elev\u00f3 el impacto global en la econom\u00eda a unos mil 600 millones de euros.<\/p>\n<\/div>\n<\/div>\n<div>V\u00eda: La Jornada<\/div>\n","protected":false},"excerpt":{"rendered":"<p>En el d\u00eda despu\u00e9s del apag\u00f3n masivo en Espa\u00f1a, Portugal y el sur de Francia, y una vez que la normalidad del servicio el\u00e9ctrico y de telefon\u00eda se ha restablecido al 100 por ciento, la empresa de suministro Red El\u00e9ctrica Espa\u00f1ola (REE) inform\u00f3 que despu\u00e9s de analizar todos los datos t\u00e9cnicos descartan la teor\u00eda del [&hellip;]<\/p>\n","protected":false},"author":2,"featured_media":66794,"comment_status":"closed","ping_status":"closed","sticky":false,"template":"","format":"standard","meta":{"om_disable_all_campaigns":false,"_monsterinsights_skip_tracking":false,"_monsterinsights_sitenote_active":false,"_monsterinsights_sitenote_note":"","_monsterinsights_sitenote_category":0,"_uf_show_specific_survey":0,"_uf_disable_surveys":false,"_jetpack_memberships_contains_paid_content":false,"footnotes":"","jetpack_publicize_message":"Red El\u00e9ctrica Espa\u00f1ola descarta ciberataque como causa del apag\u00f3n","jetpack_publicize_feature_enabled":true,"jetpack_social_post_already_shared":true,"jetpack_social_options":{"image_generator_settings":{"template":"highway","default_image_id":0,"enabled":false},"version":2}},"categories":[18,16],"tags":[],"class_list":{"0":"post-66793","1":"post","2":"type-post","3":"status-publish","4":"format-standard","5":"has-post-thumbnail","7":"category-internacional","8":"category-viral"},"aioseo_notices":[],"jetpack_publicize_connections":[],"jetpack_featured_media_url":"https:\/\/mediagroup.mx\/wp-content\/uploads\/2025\/04\/Captura-de-pantalla-2025-04-29-a-las-13.15.27.png","jetpack_sharing_enabled":true,"_links":{"self":[{"href":"https:\/\/mediagroup.mx\/index.php\/wp-json\/wp\/v2\/posts\/66793","targetHints":{"allow":["GET"]}}],"collection":[{"href":"https:\/\/mediagroup.mx\/index.php\/wp-json\/wp\/v2\/posts"}],"about":[{"href":"https:\/\/mediagroup.mx\/index.php\/wp-json\/wp\/v2\/types\/post"}],"author":[{"embeddable":true,"href":"https:\/\/mediagroup.mx\/index.php\/wp-json\/wp\/v2\/users\/2"}],"replies":[{"embeddable":true,"href":"https:\/\/mediagroup.mx\/index.php\/wp-json\/wp\/v2\/comments?post=66793"}],"version-history":[{"count":2,"href":"https:\/\/mediagroup.mx\/index.php\/wp-json\/wp\/v2\/posts\/66793\/revisions"}],"predecessor-version":[{"id":66796,"href":"https:\/\/mediagroup.mx\/index.php\/wp-json\/wp\/v2\/posts\/66793\/revisions\/66796"}],"wp:featuredmedia":[{"embeddable":true,"href":"https:\/\/mediagroup.mx\/index.php\/wp-json\/wp\/v2\/media\/66794"}],"wp:attachment":[{"href":"https:\/\/mediagroup.mx\/index.php\/wp-json\/wp\/v2\/media?parent=66793"}],"wp:term":[{"taxonomy":"category","embeddable":true,"href":"https:\/\/mediagroup.mx\/index.php\/wp-json\/wp\/v2\/categories?post=66793"},{"taxonomy":"post_tag","embeddable":true,"href":"https:\/\/mediagroup.mx\/index.php\/wp-json\/wp\/v2\/tags?post=66793"}],"curies":[{"name":"wp","href":"https:\/\/api.w.org\/{rel}","templated":true}]}}