{"id":66807,"date":"2025-04-29T18:38:10","date_gmt":"2025-04-30T00:38:10","guid":{"rendered":"https:\/\/mediagroup.mx\/?p=66807"},"modified":"2025-04-29T18:38:10","modified_gmt":"2025-04-30T00:38:10","slug":"bedolla-enviara-a-la-federacion-propuesta-de-atencion-integral-para-el-lago-de-patzcuaro","status":"publish","type":"post","link":"https:\/\/mediagroup.mx\/index.php\/2025\/04\/29\/bedolla-enviara-a-la-federacion-propuesta-de-atencion-integral-para-el-lago-de-patzcuaro\/","title":{"rendered":"Bedolla enviar\u00e1 a la federaci\u00f3n propuesta de atenci\u00f3n integral para el lago de P\u00e1tzcuaro"},"content":{"rendered":"<p>El gobernador Alfredo Ram\u00edrez Bedolla enviar\u00e1 a la federaci\u00f3n una propuesta de atenci\u00f3n integral para la conservaci\u00f3n del lago de P\u00e1tzcuaro 2025-2030, como parte de las acciones conjuntas que se trabajar\u00e1n con el respaldo de la presidenta Claudia Sheinbaum Pardo.<\/p>\n<p>En reuni\u00f3n con titulares de las dependencias y de la Comisi\u00f3n Nacional del Agua en Michoac\u00e1n, encargadas de elaborar la propuesta, el mandatario adelant\u00f3 que el documento incluir\u00e1 obras de infraestructura, restauraci\u00f3n y mantenimiento de suelos ubicados en la cuenca del lago.<\/p>\n<p>Por lo que este plan de atenci\u00f3n integral se enfocar\u00e1 en la tecnificaci\u00f3n del manantial Chapultepec, con una inversi\u00f3n de alrededor de 340 millones de pesos, obras de rehabilitaci\u00f3n en canales y en sitio Ramsar (humedal), con 300 millones de pesos, y acciones de mantenimiento de suelos sobre la cuenca para los que se necesitan cerca de 700 millones de pesos.<\/p>\n<p>El gobernador pidi\u00f3 afinar detalles de la propuesta para que, una vez entregada a las autoridades federales, se proceda a su revisi\u00f3n tal y como lo instruy\u00f3 la presidenta Claudia Sheinbaum Pardo en recientes visitas a Michoac\u00e1n.<\/p>\n<p>Ram\u00edrez Bedolla tambi\u00e9n enfatiz\u00f3 la importancia de continuar los trabajos de rescate y preservaci\u00f3n del lago de P\u00e1tzcuaro, en coordinaci\u00f3n con las comunidades y municipios de la zona lacustre.<\/p>\n","protected":false},"excerpt":{"rendered":"<p>El gobernador Alfredo Ram\u00edrez Bedolla enviar\u00e1 a la federaci\u00f3n una propuesta de atenci\u00f3n integral para la conservaci\u00f3n del lago de P\u00e1tzcuaro 2025-2030, como parte de las acciones conjuntas que se trabajar\u00e1n con el respaldo de la presidenta Claudia Sheinbaum Pardo. En reuni\u00f3n con titulares de las dependencias y de la Comisi\u00f3n Nacional del Agua en [&hellip;]<\/p>\n","protected":false},"author":2,"featured_media":66808,"comment_status":"closed","ping_status":"closed","sticky":false,"template":"","format":"standard","meta":{"om_disable_all_campaigns":false,"_monsterinsights_skip_tracking":false,"_monsterinsights_sitenote_active":false,"_monsterinsights_sitenote_note":"","_monsterinsights_sitenote_category":0,"_uf_show_specific_survey":0,"_uf_disable_surveys":false,"_jetpack_memberships_contains_paid_content":false,"footnotes":"","jetpack_publicize_message":"Bedolla enviar\u00e1 a la federaci\u00f3n propuesta de atenci\u00f3n integral para el lago de P\u00e1tzcuaro","jetpack_publicize_feature_enabled":true,"jetpack_social_post_already_shared":true,"jetpack_social_options":{"image_generator_settings":{"template":"highway","default_image_id":0,"enabled":false},"version":2}},"categories":[15],"tags":[],"class_list":{"0":"post-66807","1":"post","2":"type-post","3":"status-publish","4":"format-standard","5":"has-post-thumbnail","7":"category-michoacan"},"aioseo_notices":[],"jetpack_publicize_connections":[],"jetpack_featured_media_url":"https:\/\/mediagroup.mx\/wp-content\/uploads\/2025\/04\/39f69ef6-d2dc-42d6-b3be-db057e750571.jpeg","jetpack_sharing_enabled":true,"_links":{"self":[{"href":"https:\/\/mediagroup.mx\/index.php\/wp-json\/wp\/v2\/posts\/66807","targetHints":{"allow":["GET"]}}],"collection":[{"href":"https:\/\/mediagroup.mx\/index.php\/wp-json\/wp\/v2\/posts"}],"about":[{"href":"https:\/\/mediagroup.mx\/index.php\/wp-json\/wp\/v2\/types\/post"}],"author":[{"embeddable":true,"href":"https:\/\/mediagroup.mx\/index.php\/wp-json\/wp\/v2\/users\/2"}],"replies":[{"embeddable":true,"href":"https:\/\/mediagroup.mx\/index.php\/wp-json\/wp\/v2\/comments?post=66807"}],"version-history":[{"count":1,"href":"https:\/\/mediagroup.mx\/index.php\/wp-json\/wp\/v2\/posts\/66807\/revisions"}],"predecessor-version":[{"id":66809,"href":"https:\/\/mediagroup.mx\/index.php\/wp-json\/wp\/v2\/posts\/66807\/revisions\/66809"}],"wp:featuredmedia":[{"embeddable":true,"href":"https:\/\/mediagroup.mx\/index.php\/wp-json\/wp\/v2\/media\/66808"}],"wp:attachment":[{"href":"https:\/\/mediagroup.mx\/index.php\/wp-json\/wp\/v2\/media?parent=66807"}],"wp:term":[{"taxonomy":"category","embeddable":true,"href":"https:\/\/mediagroup.mx\/index.php\/wp-json\/wp\/v2\/categories?post=66807"},{"taxonomy":"post_tag","embeddable":true,"href":"https:\/\/mediagroup.mx\/index.php\/wp-json\/wp\/v2\/tags?post=66807"}],"curies":[{"name":"wp","href":"https:\/\/api.w.org\/{rel}","templated":true}]}}